{"id":274748,"date":"2025-07-26T08:13:10","date_gmt":"2025-07-26T08:13:10","guid":{"rendered":"https:\/\/www.europesays.com\/fr\/274748\/"},"modified":"2025-07-26T08:13:10","modified_gmt":"2025-07-26T08:13:10","slug":"entretien-dans-sa-maison-normande-simone-veil-a-plante-ses-racines-au-propre-et-au-figure","status":"publish","type":"post","link":"https:\/\/www.europesays.com\/fr\/274748\/","title":{"rendered":"ENTRETIEN. Dans sa maison normande, Simone Veil \u00ab\u00a0a plant\u00e9 ses racines, au propre et au figur\u00e9\u00a0\u00bb"},"content":{"rendered":"<p>            Par<br \/>\n        <strong><br \/>\n            <a href=\"https:\/\/actu.fr\/auteur\/anthony-derestiat\" title=\"Consulter tous les articles de Anthony Derestiat\" target=\"_blank\" rel=\"noopener\">Anthony Derestiat<\/a><br \/>\n        <\/strong><\/p>\n<p>        Publi\u00e9 le<\/p>\n<p>            26 juil. 2025 \u00e0 8h00        <\/p>\n<p>Dimanche, sera diffus\u00e9 sur France 5 (22 h 45) le documentaire Cambremer, le jardin int\u00e9rieur de Simone Veil. Une mise en lumi\u00e8re rare de <a href=\"https:\/\/actu.fr\/normandie\/cambremer_14126\/simone-veil-habituee-cambremer-est-decedee_8601443.html\" target=\"_blank\" rel=\"noopener\">la maison normande de cette figure embl\u00e9matique de la vie politique fran\u00e7aise<\/a>, rendue possible par la cam\u00e9ra de Caroline Grimm. La r\u00e9alisatrice pr\u00e9sente un documentaire \u00e9mouvant \u00e0 tourner.<\/p>\n<p class=\"ac-article-content__question wall-content\">L\u2019histoire entre Simone Veil et Cambremer est connue de tous localement, mais qu\u2019en est-il \u00e0 Paris ?<\/p>\n<p class=\" wall-content\">\u00c0 Paris, on ne sait pas qu\u2019elle avait sa maison ici. C\u2019est dr\u00f4le, car dans le film Simone, le voyage du si\u00e8cle (r\u00e9alis\u00e9 en 2022 par Olivier Dahan), il y a quelques images de sa maison dans le Sud, mais rien \u00e0 Cambremer. Pourtant, le c\u0153ur battant de Simone Veil \u00e9tait ici. D\u2019ailleurs, son fameux t\u00e9moignage de 1976 o\u00f9 elle raconte pour la premi\u00e8re fois la Shoah au journaliste Jean-\u00c9mile Jeannesson a \u00e9t\u00e9 tourn\u00e9 \u00e0 Cambremer. On voit la maison en introduction.<\/p>\n<p class=\"ac-article-content__question wall-content\">La connaissiez-vous personnellement ? Et Cambremer ?<\/p>\n<p class=\" wall-content\">Je connaissais Simone Veil, mais comme tous les Fran\u00e7ais ! Et je ne connaissais pas si bien son histoire. J\u2019ai appris beaucoup de choses. Je connais personnellement sa belle-fille, Barbara Veil. M\u00eame si la famille ne souhaitait pas intervenir dans le documentaire, ils ont \u00e9t\u00e9 un soutien pr\u00e9cieux. Je connais tr\u00e8s bien la Normandie, mais plut\u00f4t le pays de Caux. J\u2019ai donc d\u00e9couvert Cambremer pendant le tournage.<\/p>\n<p>\u00ab L\u2019\u00e9quipe de tournage \u00e9tait investie par son esprit \u00bb<\/p>\n<p class=\"ac-article-content__question wall-content\">Justement, le tournage, comment s\u2019est-il pass\u00e9 ?<\/p>\n<p class=\" wall-content\">J\u2019ai eu une chance inou\u00efe : avec mon \u00e9quipe, on a pu dormir sur place pendant six jours et six nuits. Tout le monde \u00e9tait tr\u00e8s motiv\u00e9, c\u2019est fou comme le nom de Simone Veil tire vers le haut. On \u00e9tait investis par son esprit, qui est encore tr\u00e8s pr\u00e9sent.<\/p>\n<p class=\"ac-article-content__question wall-content\">Qu\u2019est-ce que cette long\u00e8re normande a apport\u00e9 \u00e0 la femme politique, selon vous ?<\/p>\n<p class=\" wall-content\">C\u2019\u00e9tait surtout sa maison de repos, de r\u00e9flexion, o\u00f9 elle s\u2019isole. La maison est cach\u00e9e, prot\u00e9g\u00e9e par la nature. Elle avait appris le D\u00e9barquement depuis les camps. Depuis, je crois qu\u2019elle a toujours associ\u00e9 la Normandie \u00e0 la libert\u00e9. C\u2019est ici qu\u2019elle s\u2019est reconstruite progressivement. J\u2019ai essay\u00e9 de montrer \u00e7a dans le documentaire, de rendre le lieu vivant.<\/p>\n<p class=\"ac-article-content__question wall-content\">Quelle empreinte a-t-elle laiss\u00e9e dans la maison ?<\/p>\n<p class=\" wall-content\">Elle l\u2019a compl\u00e8tement fa\u00e7onn\u00e9e elle-m\u00eame \u00e0 son image, avec son mari Antoine. Quand ils l\u2019ont achet\u00e9e en 1964, c\u2019\u00e9tait une vieille ferme \u00e0 l\u2019abandon. Elle a consacr\u00e9 tous ses week-ends \u00e0 la retaper. Elle parlait de \u00ab redresser \u00bb cette maison, comme elle s\u2019y redressait elle-m\u00eame. Le propri\u00e9taire actuel a conserv\u00e9 pratiquement toutes les traces de son passage, l\u2019\u00e9quipe de l\u2019\u00e9mission a rarement vu \u00e7a.<\/p>\n<p>\u00ab Les arbres ressemblent \u00e0 des grands sages \u00bb<\/p>\n<p class=\"ac-article-content__question wall-content\">Quel endroit en particulier est \u00ab sign\u00e9 \u00bb Simone Veil ?<\/p>\n<p class=\" wall-content\">Elle a surtout fa\u00e7onn\u00e9 le jardin. Elle avait cette passion, car son p\u00e8re \u00e9tait botaniste. Ce qui m\u2019a boulevers\u00e9e en arrivant, c\u2019est la petite for\u00eat. Les arbres ressemblent \u00e0 des grands sages qui prot\u00e8gent la maison. On arrive vraiment dans un endroit prot\u00e9g\u00e9, c\u2019\u00e9tait son refuge.\u00a0On comprend cette importance vitale pour elle quand on conna\u00eet son histoire. Elle y a plant\u00e9 ses racines, au sens propre comme au figur\u00e9.<\/p>\n<p class=\"ac-article-content__question wall-content\">Et pourtant, elle ne se cachait pas \u00e0 Cambremer ! Elle \u00e9tait aussi connue pour aller chez les commer\u00e7ants locaux, rencontrer les habitants\u2026 Qu\u2019avez-vous ressenti dans les t\u00e9moignages que vous avez re\u00e7us ?<\/p>\n<p class=\" wall-content\">Venir se r\u00e9fugier ici n\u2019avait pas grand-chose \u00e0 voir avec la c\u00e9l\u00e9brit\u00e9, car en 1964, elle \u00e9tait inconnue. J\u2019ai vu que les gens de Cambremer n\u2019\u00e9prouvent que de l\u2019amour et de la sympathie pour Simone Veil. Tous ont lou\u00e9 sa simplicit\u00e9. Elle aimait la compagnie, elle \u00e9tait tr\u00e8s tourn\u00e9e vers les autres. Vous verrez dans le documentaire, Armelle Noppe, des Jardins du pays d\u2019Auge, parle encore d\u2019elle avec les larmes aux yeux !<\/p>\n<p>Dimanche, \u00e0 22 h 45 sur France 5 et en replay sur france.tv. 26 min.\u00a0<\/p>\n<p class=\" wall-content\">Suivez toute l\u2019actualit\u00e9 de vos villes et m\u00e9dias favoris en vous inscrivant \u00e0 <a href=\"https:\/\/moncompte.actu.fr\" title=\"D\u00e9couvez Mon Actu\" rel=\"nofollow noopener\" data-trk=\"{&quot;cta&quot;:{&quot;action&quot;:&quot;https:\\\/\\\/moncompte.actu.fr&quot;,&quot;category&quot;:&quot;mon compte&quot;,&quot;from&quot;:&quot;article footer&quot;,&quot;name&quot;:&quot;Mon actu&quot;,&quot;type&quot;:&quot;cta&quot;}}\" target=\"_blank\">Mon Actu<\/a>.<\/p>\n<ul class=\"ac-article-tag wall-content\">\n<li><a href=\"https:\/\/actu.fr\/tag\/pays-dauge\" data-trk=\"{&quot;cta&quot;:{&quot;action&quot;:&quot;Pays d&#039;Auge&quot;,&quot;category&quot;:&quot;tag&quot;,&quot;from&quot;:&quot;article footer&quot;,&quot;name&quot;:&quot;Pays d&#039;Auge&quot;,&quot;type&quot;:&quot;cta&quot;}}\" target=\"_blank\" rel=\"noopener\">#Pays d&rsquo;Auge<\/a><\/li>\n<li><a href=\"https:\/\/actu.fr\/tag\/television\" data-trk=\"{&quot;cta&quot;:{&quot;action&quot;:&quot;T\\u00e9l\\u00e9vision&quot;,&quot;category&quot;:&quot;tag&quot;,&quot;from&quot;:&quot;article footer&quot;,&quot;name&quot;:&quot;T\\u00e9l\\u00e9vision&quot;,&quot;type&quot;:&quot;cta&quot;}}\" target=\"_blank\" rel=\"noopener\">#T\u00e9l\u00e9vision<\/a><\/li>\n<\/ul>\n","protected":false},"excerpt":{"rendered":"Par Anthony Derestiat Publi\u00e9 le 26 juil. 2025 \u00e0 8h00 Dimanche, sera diffus\u00e9 sur France 5 (22 h&hellip;\n","protected":false},"author":2,"featured_media":274749,"comment_status":"","ping_status":"","sticky":false,"template":"","format":"standard","meta":{"footnotes":""},"categories":[1354],"tags":[58,59,1346,1011,27,1360,22922,104,252],"class_list":{"0":"post-274748","1":"post","2":"type-post","3":"status-publish","4":"format-standard","5":"has-post-thumbnail","7":"category-films","8":"tag-divertissement","9":"tag-entertainment","10":"tag-films","11":"tag-fr","12":"tag-france","13":"tag-movies","14":"tag-pays-dauge","15":"tag-societe","16":"tag-television"},"share_on_mastodon":{"url":"https:\/\/pubeurope.com\/@fr\/114918536472797959","error":""},"_links":{"self":[{"href":"https:\/\/www.europesays.com\/fr\/wp-json\/wp\/v2\/posts\/274748","targetHints":{"allow":["GET"]}}],"collection":[{"href":"https:\/\/www.europesays.com\/fr\/wp-json\/wp\/v2\/posts"}],"about":[{"href":"https:\/\/www.europesays.com\/fr\/wp-json\/wp\/v2\/types\/post"}],"author":[{"embeddable":true,"href":"https:\/\/www.europesays.com\/fr\/wp-json\/wp\/v2\/users\/2"}],"replies":[{"embeddable":true,"href":"https:\/\/www.europesays.com\/fr\/wp-json\/wp\/v2\/comments?post=274748"}],"version-history":[{"count":0,"href":"https:\/\/www.europesays.com\/fr\/wp-json\/wp\/v2\/posts\/274748\/revisions"}],"wp:featuredmedia":[{"embeddable":true,"href":"https:\/\/www.europesays.com\/fr\/wp-json\/wp\/v2\/media\/274749"}],"wp:attachment":[{"href":"https:\/\/www.europesays.com\/fr\/wp-json\/wp\/v2\/media?parent=274748"}],"wp:term":[{"taxonomy":"category","embeddable":true,"href":"https:\/\/www.europesays.com\/fr\/wp-json\/wp\/v2\/categories?post=274748"},{"taxonomy":"post_tag","embeddable":true,"href":"https:\/\/www.europesays.com\/fr\/wp-json\/wp\/v2\/tags?post=274748"}],"curies":[{"name":"wp","href":"https:\/\/api.w.org\/{rel}","templated":true}]}}