{"id":274750,"date":"2025-07-26T08:14:10","date_gmt":"2025-07-26T08:14:10","guid":{"rendered":"https:\/\/www.europesays.com\/fr\/274750\/"},"modified":"2025-07-26T08:14:10","modified_gmt":"2025-07-26T08:14:10","slug":"les-lunettes-de-soleil-favoriseraient-le-cancer-de-la-peau-cest-evidemment-faux","status":"publish","type":"post","link":"https:\/\/www.europesays.com\/fr\/274750\/","title":{"rendered":"Les lunettes de soleil favoriseraient le cancer\u00a0de la peau\u00a0? C\u2019est \u00e9videmment faux"},"content":{"rendered":"<p>En terrasse, en voiture, \u00e0 la plage, en bateau\u2026 D\u00e8s que le soleil brille, le r\u00e9flexe est simple\u00a0: on d\u00e9gaine les lunettes de soleil. Mais ne serait-ce pas une mauvaise id\u00e9e\u00a0? C\u2019est ce qu\u2019affirment plusieurs \u00ab\u00a0m\u00e9decins\u00a0\u00bb sur les r\u00e9seaux sociaux.<\/p>\n<p>\u00ab\u00a0De nos jours, nous avons peur du soleil, en partie depuis l\u2019introduction des lunettes de soleil, qui, soit dit en passant, ont d\u00e9clench\u00e9 une <a href=\"https:\/\/www.20minutes.fr\/sante\/4030967-20230406-cancer-peau-faut-savoir-melanome-cutane-mieux-premunir\" class=\"color-ultramarine c-link\" target=\"_blank\" rel=\"noopener\">augmentation massive des cancers<\/a>\u00a0\u00bb, affirme l\u2019un d\u2019eux, en anglais. Pour lui, le lien est clair\u00a0: \u00ab\u00a0Il faut laisser passer la <a href=\"https:\/\/www.20minutes.fr\/dossier\/soleil\" class=\"color-ultramarine c-link\" target=\"_blank\" rel=\"noopener\">lumi\u00e8re UV<\/a>. Quand cela se produit, le cerveau produit une hormone responsable de la production de m\u00e9lanine dans la peau. C\u2019est ainsi que votre peau se prot\u00e8ge.\u00a0\u00bb<\/p>\n<blockquote class=\"twitter-tweet\" align=\"center\" data-lang=\"fr_FR\">\n<p lang=\"fr\" dir=\"ltr\">Pourquoi \u00e9viter de porter des lunettes de soleil? <br \/>Comment les lunettes de soleil favorisent les coups de soleil?  <br \/>Voir la 2 \u00e8me partie, en commentaire avec le Dr Perez: <a href=\"https:\/\/t.co\/UDrpg9oXPv\">pic.twitter.com\/UDrpg9oXPv<\/a><\/p>\n<p>\u2014 J\u00e9r\u00f4me F&#8230; \ud83c\udf1f (@ZippoJeje) <a href=\"https:\/\/twitter.com\/ZippoJeje\/status\/1947387528710950982?ref_src=twsrc%5Etfw\" target=\"_blank\" rel=\"noopener\">July 21, 2025<\/a><\/p><\/blockquote>\n<p class=\"mb-xxl@xs color-ultramarine font-weight-semi-bold@xs font-source-serif-pro heading-s@xs\">L\u2019acc\u00e8s \u00e0 ce contenu a \u00e9t\u00e9 bloqu\u00e9 afin de respecter votre choix de consentement<\/p>\n<p class=\"mb-m@xs text-l@xs\">En cliquant sur\u00ab J\u2019accepte \u00bb, vous acceptez le d\u00e9p\u00f4t de cookies par des services externes et aurez ainsi acc\u00e8s aux contenus de nos partenaires.<\/p>\n<p class=\"mb-xl@xs text-s@xs\">Plus d\u2019informations sur la page<a href=\"https:\/\/www.20minutes.fr\/gestion-cookies\" class=\"mx-xxs@xs color-ultramarine\" target=\"_blank\" rel=\"noopener\">Politique de gestion des cookies<\/a><\/p>\n<p>J\u2019accepte<\/p>\n<p>Il va m\u00eame plus loin en avan\u00e7ant\u00a0: \u00ab\u00a0En portant des lunettes de soleil, vous filtrez certains rayons du soleil qui sont cens\u00e9s entrer dans votre corps. Par exemple, la lumi\u00e8re rouge est impliqu\u00e9e dans la production de sang, tandis que la lumi\u00e8re verte joue un r\u00f4le dans la production de bile\u2026\u00a0\u00bb Votre organisme ne disposerait donc pas de ce dont il a besoin \u00e0 cause\u2026 de vos lunettes de soleil.<\/p>\n<p>FAKE OFF<\/p>\n<p>On aurait pu penser que personne n\u2019adh\u00e9rerait \u00e0 une telle th\u00e9orie &#8211; le passage sur la lumi\u00e8re rouge li\u00e9e au sang pouvait mettre la puce \u00e0 l\u2019oreille &#8211; et pourtant, de nombreux internautes repartagent la vid\u00e9o et racontent leurs exp\u00e9riences. \u00ab\u00a0Je n\u2019ai jamais mis de lunettes de soleil et je me porte tr\u00e8s bien\u00a0\u00bb, \u00e9crit l\u2019un d\u2019eux.<\/p>\n<p>Cette vid\u00e9o est partag\u00e9e depuis plusieurs ann\u00e9es sur les r\u00e9seaux sociaux, et elle rencontre r\u00e9guli\u00e8rement son petit succ\u00e8s. Celui qui s\u2019y trouve est Andreas Moritz. Loin d\u2019\u00eatre m\u00e9decin, c\u2019\u00e9tait un <a href=\"https:\/\/www.20minutes.fr\/sante\/naturopathie\/\" class=\"color-ultramarine c-link\" target=\"_blank\" rel=\"noopener\">naturopathe <\/a>allemand, d\u00e9c\u00e9d\u00e9 en\u00a02012. Et spoiler\u00a0: en plus de promouvoir les m\u00e9decines alternatives, il \u00e9tait un grand adepte des th\u00e9ories du complot.<\/p>\n<p>Le cancer ne serait pas une maladie, mais un m\u00e9canisme de survie, c\u2019est d\u2019ailleurs la chimioth\u00e9rapie qui tue les gens, \u00e9galement le virus VIH ne serait pas \u00e0 l\u2019origine du <a href=\"https:\/\/www.20minutes.fr\/dossier\/sida\" class=\"color-ultramarine c-link\" target=\"_blank\" rel=\"noopener\">sida<\/a>\u2026 Bref, il ne manquait pas d\u2019inspiration pour promouvoir de fausses informations.<\/p>\n<p>Cataracte, ophtalmie des neiges\u2026 Les UV nocifs pour les yeux<\/p>\n<p>\u00ab\u00a0Le risque solaire est bien \u00e9tay\u00e9, avec de nombreuses \u00e9tudes du monde entier, \u00e0 la diff\u00e9rence de ce que peut dire Andreas Moritz, qui lui est dans la construction d\u2019un narratif qui peut para\u00eetre s\u00e9duisant\u00a0\u00bb, explique J\u00e9r\u00f4me Hinfray, responsable de l\u2019information et de la communication scientifique au sein de la Ligue contre le Cancer.<\/p>\n<p>Car en r\u00e9alit\u00e9, c\u2019est m\u00eame tout le contraire. \u00ab\u00a0Les UV ont beaucoup d\u2019\u00e9nergie. Ce sont eux qui sont nocifs et non pas la lumi\u00e8re\u00a0\u00bb, souligne le docteur Ludovic N\u2019Kosi, chirurgien ophtalmologue. D\u2019ailleurs, il existe toute une s\u00e9rie de pathologies des yeux qui le prouvent.<\/p>\n<p>Premier exemple, <a href=\"https:\/\/www.20minutes.fr\/sante\/4005612-20221018-cataracte-traitement-non-chirurgical-pourra-jour-vaincre-maladie\" class=\"color-ultramarine c-link\" target=\"_blank\" rel=\"noopener\">l\u2019op\u00e9ration de la cataracte<\/a>. \u00ab\u00a0La quantit\u00e9 cumul\u00e9e d\u2019UV acc\u00e9l\u00e8re la survenue de cataracte. Donc dans les pays tr\u00e8s ensoleill\u00e9s, les personnes sont op\u00e9r\u00e9es de la cataracte beaucoup plus jeunes. M\u00eame \u00e0 l\u2019\u00e9chelle de la France, les op\u00e9rations surviennent plus t\u00f4t dans le Sud\u00a0\u00bb, d\u00e9taille-t-il.<\/p>\n<p>Il y a m\u00eame l\u2019ophtalmie des neiges. Vous avez peut-\u00eatre d\u00e9j\u00e0 eu la sensation que vos yeux vous br\u00fblent dans la nuit, apr\u00e8s une journ\u00e9e sur les pistes de ski\u00a0? Et bien, il y a fort \u00e0 parier que vous aviez retir\u00e9 vos lunettes de soleil durant votre pause de midi. \u00ab\u00a0L\u2019exposition peut causer une br\u00fblure de la corn\u00e9e aux UV, et l\u2019apparition des sympt\u00f4mes est retard\u00e9e entre 10 \u00e0 12 heures\u00a0\u00bb, explique Ludovic N\u2019Kosi.<\/p>\n<p>Des lunettes de soleil oui, mais avec un filtre UV<\/p>\n<p>Donc <a href=\"https:\/\/www.20minutes.fr\/sante\/2298591-20180630-protection-yeux-partir-age-enfants-doivent-porter-lunettes-soleil\" class=\"color-ultramarine c-link\" target=\"_blank\" rel=\"noopener\">les lunettes de soleil<\/a>, il est important de les porter, mais il est encore plus important d\u2019en acheter des bonnes. \u00ab\u00a0Le pi\u00e8ge que beaucoup ne connaissent pas, c\u2019est qu\u2019il faut des lunettes de soleil oui, mais surtout de qualit\u00e9\u00a0\u00bb, ajoute l\u2019ophtalmologue.<\/p>\n<p>\u00ab\u00a0La qualit\u00e9 principale que les bonnes lunettes de soleil doivent avoir c\u2019est de filtrer les rayons ultraviolets. A l\u2019inverse, les mauvaises lunettes de soleil, avec uniquement un filtre noir ab\u00eement l\u2019\u0153il. Avec cette sensation d\u2019un environnement plus sombre, la pupille se dilate et est donc plus expos\u00e9e aux rayons UV, non filtr\u00e9s par ces mauvaises lunettes\u00a0\u00bb, met en garde le docteur Ludovic N\u2019Kosi.<\/p>\n<p>Qu\u2019il s\u2019agisse des yeux ou de la peau, il convient de bien se prot\u00e9ger face au soleil et surtout aux rayons ultraviolets. \u00ab\u00a0Quand vous prenez l\u2019ensemble des cancers de la peau, plus de huit sur dix sont li\u00e9s \u00e0 l\u2019exposition aux UV. Ensuite, il y a aussi la g\u00e9n\u00e9tique, le syst\u00e8me immunitaire, des virus\u2026\u00a0\u00bb, rappelle J\u00e9r\u00f4me Hinfray de la Ligue contre le Cancer.<\/p>\n<p>Et face \u00e0 l\u2019argument de certains internautes\u00a0: \u00ab\u00a0Avant on ne portait pas de lunettes de soleil, on ne mettait <a href=\"https:\/\/www.20minutes.fr\/sante\/4022899-20230211-non-creme-solaire-inutile-contre-cancers-peau-hiver\" class=\"color-ultramarine c-link\" target=\"_blank\" rel=\"noopener\">pas de cr\u00e8me solaire<\/a>, et on n\u2019avait pas de cancer\u00a0\u00bb, le sp\u00e9cialiste a la r\u00e9ponse. \u00ab\u00a0Les gens s\u2019exposent de plus en plus au soleil, notamment avec cette culture du bronzage. Comme on a eu une augmentation de <a href=\"https:\/\/www.20minutes.fr\/tempo\/style\/4043645-20230630-veut-peau-ridee-taches-pourquoi-bronzage-plus-tendance\" class=\"color-ultramarine c-link\" target=\"_blank\" rel=\"noopener\">la consommation de soleil<\/a>, et puisqu\u2019on se prot\u00e8ge mal, on a cette augmentation des cancers de la peau\u00a0\u00bb, explique-t-il. Et d\u2019ajouter\u00a0: \u00ab\u00a0Le risque solaire n\u2019est pas consid\u00e9r\u00e9 \u00e0 sa juste valeur par la population.\u00a0\u00bb<\/p>\n<p><script async src=\"https:\/\/platform.twitter.com\/widgets.js\" charset=\"utf-8\"><\/script><\/p>\n","protected":false},"excerpt":{"rendered":"En terrasse, en voiture, \u00e0 la plage, en bateau\u2026 D\u00e8s que le soleil brille, le r\u00e9flexe est simple\u00a0:&hellip;\n","protected":false},"author":2,"featured_media":274751,"comment_status":"","ping_status":"","sticky":false,"template":"","format":"standard","meta":{"footnotes":""},"categories":[10],"tags":[47,23494,840,1011,27,72,71,4904],"class_list":{"0":"post-274750","1":"post","2":"type-post","3":"status-publish","4":"format-standard","5":"has-post-thumbnail","7":"category-sante","8":"tag-actualite","9":"tag-cancer-de-la-peau","10":"tag-fake-off","11":"tag-fr","12":"tag-france","13":"tag-health","14":"tag-sante","15":"tag-soleil"},"share_on_mastodon":{"url":"https:\/\/pubeurope.com\/@fr\/114918540148704983","error":""},"_links":{"self":[{"href":"https:\/\/www.europesays.com\/fr\/wp-json\/wp\/v2\/posts\/274750","targetHints":{"allow":["GET"]}}],"collection":[{"href":"https:\/\/www.europesays.com\/fr\/wp-json\/wp\/v2\/posts"}],"about":[{"href":"https:\/\/www.europesays.com\/fr\/wp-json\/wp\/v2\/types\/post"}],"author":[{"embeddable":true,"href":"https:\/\/www.europesays.com\/fr\/wp-json\/wp\/v2\/users\/2"}],"replies":[{"embeddable":true,"href":"https:\/\/www.europesays.com\/fr\/wp-json\/wp\/v2\/comments?post=274750"}],"version-history":[{"count":0,"href":"https:\/\/www.europesays.com\/fr\/wp-json\/wp\/v2\/posts\/274750\/revisions"}],"wp:featuredmedia":[{"embeddable":true,"href":"https:\/\/www.europesays.com\/fr\/wp-json\/wp\/v2\/media\/274751"}],"wp:attachment":[{"href":"https:\/\/www.europesays.com\/fr\/wp-json\/wp\/v2\/media?parent=274750"}],"wp:term":[{"taxonomy":"category","embeddable":true,"href":"https:\/\/www.europesays.com\/fr\/wp-json\/wp\/v2\/categories?post=274750"},{"taxonomy":"post_tag","embeddable":true,"href":"https:\/\/www.europesays.com\/fr\/wp-json\/wp\/v2\/tags?post=274750"}],"curies":[{"name":"wp","href":"https:\/\/api.w.org\/{rel}","templated":true}]}}