{"id":274756,"date":"2025-07-26T08:17:10","date_gmt":"2025-07-26T08:17:10","guid":{"rendered":"https:\/\/www.europesays.com\/fr\/274756\/"},"modified":"2025-07-26T08:17:10","modified_gmt":"2025-07-26T08:17:10","slug":"un-robot-humanoide-devient-incontrolable-dans-un-laboratoire-une-video-virale-relance-les-questions-sur-la-securite","status":"publish","type":"post","link":"https:\/\/www.europesays.com\/fr\/274756\/","title":{"rendered":"Un robot humano\u00efde devient incontr\u00f4lable dans un laboratoire\u202f: une vid\u00e9o virale relance les questions sur la s\u00e9curit\u00e9"},"content":{"rendered":"<p class=\"ed__a-p ed__bdy__l\"><img loading=\"lazy\" decoding=\"async\" src=\"data:image\/svg+xml,%3Csvg xmlns='http:\/\/www.w3.org\/2000\/svg'%3E%3C\/svg%3E\" draggable=\"false\" width=\"2181\" height=\"1896\" class=\"ed__title-xxs\" alt=\"M\u00eame s\u2019il ne mesure que 130 cm, un robot comme le G1 d\u2019Unitree peut gravement blesser un humain.\" style=\"background-color: #f2f2f2; aspect-ratio:2181\/1896;\"\/><\/p>\n<p>M\u00eame s\u2019il ne mesure que 130 cm, un robot comme le G1 d\u2019Unitree peut gravement blesser un humain.<\/p>\n<p>\u00a9 Unitree<\/p>\n<\/p>\n<p class=\"ed__a-p ed__bdy__l\">Une nouvelle vid\u00e9o fait le buzz en ce moment sur les r\u00e9seaux sociaux. Un robot humano\u00efde se met tout \u00e0 coup en route, et part en vrille. Publi\u00e9e sur X (anciennement Twitter), la vid\u00e9o provient visiblement d\u2019une cam\u00e9ra de s\u00e9curit\u00e9, et montre l\u2019int\u00e9rieur d\u2019un espace de travail comportant au moins trois robots humano\u00efdes suspendus sur des cadres.<\/p>\n<p>            Publicit\u00e9, votre contenu continue ci-dessous<\/p>\n<p>        Publicit\u00e9<\/p>\n<p>Quand un robot devient incontr\u00f4lable et s\u00e8me le chaos<\/p>\n<p class=\"ed__a-p ed__bdy__l\">D\u2019un coup, l\u2019un d\u2019entre eux agite ses bras et ses jambes dans tous les sens, risquant d\u2019endommager le robot qui se trouve \u00e0 c\u00f4t\u00e9. Cix Liv, l\u2019homme qui a publi\u00e9 la vid\u00e9o, se trouvait juste \u00e0 c\u00f4t\u00e9 en train de travailler \u00e0 son bureau. Il s\u2019approche du robot qui s\u2019agite, et tend les mains, a priori pour tenter de l\u2019attraper.<\/p>\n<p class=\"ed__a-p ed__bdy__l\">Mais l\u2019homme se ravise, et heureusement pour lui. Le robot en question est un G1 d\u2019Unitree, mesurant 130 cm pour 35 kg, et vendu pour la somme modique de 16\u202f000 dollars. Un tel robot, fait de m\u00e9tal, peut facilement casser un bras ou arracher un doigt.<\/p>\n<p class=\"ed__a-p ed__bdy__l\">On entend alors une voix de femme s\u2019\u00e9crier : \u201cOh mon Dieu, c\u2019\u00e9tait quoi \u00e7a ? Je suis vraiment d\u00e9sol\u00e9e !\u201d. L\u2019homme lui demande alors ce qu\u2019ils ont lanc\u00e9, s\u2019adressant visiblement \u00e0 plusieurs autres personnes hors cam\u00e9ra, et la vid\u00e9o s\u2019arr\u00eate.<\/p>\n<p class=\"ed__a-p ed__bdy__l\">Sur X, il a donn\u00e9 un peu plus de pr\u00e9cisions. Il a indiqu\u00e9 que quelqu\u2019un avait lanc\u00e9 un programme qui op\u00e8re sur l\u2019ensemble du corps du robot. Le probl\u00e8me est arriv\u00e9 parce qu\u2019il \u00e9tait suspendu, et pensait qu\u2019il \u00e9tait en train de tomber. Cela a activ\u00e9 un r\u00e9flexe programm\u00e9 du robot, qui tente alors de se rattraper.<\/p>\n<p>Des robots pour un nouveau sport de combat<\/p>\n<p class=\"ed__a-p ed__bdy__l\">La vid\u00e9o provient d\u2019une startup en Californie qui a eu soit une id\u00e9e brillante, soit une id\u00e9e folle. L\u2019entreprise en question s\u2019appelle Rek, et elle souhaite cr\u00e9er un nouveau sport de combat, m\u00e9langeant la robotique et la r\u00e9alit\u00e9 virtuelle.<\/p>\n<p class=\"ed__a-p ed__bdy__l\">L\u2019id\u00e9e est d\u2019\u00e9quiper des participants de casques de r\u00e9alit\u00e9 virtuelle, puis de s\u2019en servir pour contr\u00f4ler un robot humano\u00efde. Les deux machines s\u2019affrontent dans un ring, comme lors d\u2019un combat de boxe, sauf que leurs op\u00e9rateurs humains ne risquent pas d\u2019\u00eatre bless\u00e9s. Le robot en question s\u2019appelle DeREK, et a remport\u00e9 son premier combat il y a quelques semaines.<\/p>\n<p class=\"ed__a-p ed__bdy__l\">Mais ce n\u2019est pas son utilisation en combat qui a caus\u00e9 ce d\u00e9cha\u00eenement du robot. C\u2019est un simple dysfonctionnement.<\/p>\n<p class=\"ed__a-p ed__bdy__l\">Cela montre \u00e0 quel point les robots humano\u00efdes peuvent \u00eatre dangereux en temps normal, avant m\u00eame de prendre en compte les risques d\u2019un piratage. Pour pouvoir c\u00f4toyer les humains, ces robots devront avoir des syst\u00e8mes de s\u00e9curit\u00e9 tr\u00e8s pouss\u00e9s.<\/p>\n<p>            Publicit\u00e9, votre contenu continue ci-dessous<\/p>\n<p>        Publicit\u00e9<\/p>\n<p class=\"ed__a-p ed__bdy__l\">Envie de faire encore plus d&rsquo;\u00e9conomies ? D\u00e9couvrez <a href=\"https:\/\/www.lesnumeriques.com\/codes-promo.html\" rel=\"nofollow noopener\" target=\"_blank\">nos codes promo<\/a> s\u00e9lectionn\u00e9s pour vous.<\/p>\n","protected":false},"excerpt":{"rendered":"M\u00eame s\u2019il ne mesure que 130 cm, un robot comme le G1 d\u2019Unitree peut gravement blesser un humain.&hellip;\n","protected":false},"author":2,"featured_media":274757,"comment_status":"","ping_status":"","sticky":false,"template":"","format":"standard","meta":{"footnotes":""},"categories":[7],"tags":[1011,27,43,40,41,39,42,44],"class_list":{"0":"post-274756","1":"post","2":"type-post","3":"status-publish","4":"format-standard","5":"has-post-thumbnail","7":"category-sciences-et-technologies","8":"tag-fr","9":"tag-france","10":"tag-science","11":"tag-science-and-technology","12":"tag-sciences","13":"tag-sciences-et-technologies","14":"tag-technologies","15":"tag-technology"},"share_on_mastodon":{"url":"https:\/\/pubeurope.com\/@fr\/114918551949090940","error":""},"_links":{"self":[{"href":"https:\/\/www.europesays.com\/fr\/wp-json\/wp\/v2\/posts\/274756","targetHints":{"allow":["GET"]}}],"collection":[{"href":"https:\/\/www.europesays.com\/fr\/wp-json\/wp\/v2\/posts"}],"about":[{"href":"https:\/\/www.europesays.com\/fr\/wp-json\/wp\/v2\/types\/post"}],"author":[{"embeddable":true,"href":"https:\/\/www.europesays.com\/fr\/wp-json\/wp\/v2\/users\/2"}],"replies":[{"embeddable":true,"href":"https:\/\/www.europesays.com\/fr\/wp-json\/wp\/v2\/comments?post=274756"}],"version-history":[{"count":0,"href":"https:\/\/www.europesays.com\/fr\/wp-json\/wp\/v2\/posts\/274756\/revisions"}],"wp:featuredmedia":[{"embeddable":true,"href":"https:\/\/www.europesays.com\/fr\/wp-json\/wp\/v2\/media\/274757"}],"wp:attachment":[{"href":"https:\/\/www.europesays.com\/fr\/wp-json\/wp\/v2\/media?parent=274756"}],"wp:term":[{"taxonomy":"category","embeddable":true,"href":"https:\/\/www.europesays.com\/fr\/wp-json\/wp\/v2\/categories?post=274756"},{"taxonomy":"post_tag","embeddable":true,"href":"https:\/\/www.europesays.com\/fr\/wp-json\/wp\/v2\/tags?post=274756"}],"curies":[{"name":"wp","href":"https:\/\/api.w.org\/{rel}","templated":true}]}}