{"id":274762,"date":"2025-07-26T08:20:13","date_gmt":"2025-07-26T08:20:13","guid":{"rendered":"https:\/\/www.europesays.com\/fr\/274762\/"},"modified":"2025-07-26T08:20:13","modified_gmt":"2025-07-26T08:20:13","slug":"sur-rtl-eric-dupond-moretti-denonce-une-affaire-detat","status":"publish","type":"post","link":"https:\/\/www.europesays.com\/fr\/274762\/","title":{"rendered":"sur RTL, \u00c9ric Dupond-Moretti d\u00e9nonce \u00ab\u00a0une affaire d&rsquo;\u00c9tat\u00a0\u00bb"},"content":{"rendered":"<p class=\"article-p mdl\">Sur RTL,\u00a0\u00c9ric Dupond-Moretti se fait offensif. \u00ab\u00a0Je peux vous dire que l&rsquo;on passe d&rsquo;une dinguerie absolue \u00e0 ce que je consid\u00e8re \u00eatre une affaire d&rsquo;\u00c9tat\u00a0\u00bb, l\u00e2che-t-il ce 26 juillet 2025. L&rsquo;<strong>ancien garde des Sceaux et proche du couple Macron<\/strong> a d\u00e9cid\u00e9 de s&rsquo;exprimer sur notre antenne \u00e0 la suite de la plainte d\u00e9pos\u00e9e aux \u00c9tats-Unis par le couple Macron contre l&rsquo;influenceuse am\u00e9ricaine Candace Owens.<\/p>\n<p class=\"article-p mdl\">\u00ab\u00a0Si je prends la parole, c&rsquo;est parce que les avocats am\u00e9ricains, comme vous le savez, ont la possibilit\u00e9 de conduire et de mener des investigations, ce qui n&rsquo;est pas permis aux avocats fran\u00e7ais, explique \u00c9ric Dupond-Moretti. Pour moi, nous avons une d\u00e9monstration de ce que&#8230; des gens d&rsquo;extr\u00eame droite se comportent avec ces <strong>m\u00e9thodes de voyous.<\/strong>\u00ab\u00a0<\/p>\n<p class=\"article-p mdl\">\u00c9ric Dupond-Moretti fait r\u00e9f\u00e9rence \u00e0 la\u00a0<a class=\"link\" href=\"https:\/\/www.rtl.fr\/actu\/politique\/emmanuel-et-brigitte-macron-portent-plainte-en-diffamation-contre-candace-owens-7900525524\" title=\"Emmanuel et Brigitte Macron portent plainte en diffamation contre Candace Owens\" target=\"_blank\" rel=\"noopener\">plainte en diffamation d&rsquo;Emmanuel et de Brigitte Macron<\/a>\u00a0d\u00e9pos\u00e9e aux \u00c9tats-Unis, contre\u00a0<a class=\"link\" href=\"https:\/\/www.rtl.fr\/actu\/politique\/les-infos-de-18h-qui-est-candace-owens-l-influenceuse-americaine-contre-qui-le-couple-macron-porte-plainte-7900525529\" title=\"Les infos de 18h - Qui est Candace Owens, l&#039;influenceuse am\u00e9ricaine contre qui le couple Macron porte plainte\" target=\"_blank\" rel=\"noopener\">Candace Owens<\/a>, une influenceuse complotiste qui avait relay\u00e9 la fausse information selon laquelle que la premi\u00e8re dame fran\u00e7aise serait, \u00ab\u00a0en r\u00e9alit\u00e9, n\u00e9e homme\u00a0\u00bb.<\/p>\n<p class=\"article-p mdl\">Dans leur plainte de 218 pages,\u00a0<a class=\"link\" href=\"https:\/\/www.rtl.fr\/actu\/international\/diaporama-emmanuel-et-brigitte-macron-au-royaume-uni-les-images-de-l-accueil-reserve-au-couple-presidentiel-7900522367\" title=\"DIAPORAMA - Emmanuel et Brigitte Macron au Royaume-Uni : les images de l&#039;accueil r\u00e9serv\u00e9 au couple pr\u00e9sidentiel\" target=\"_blank\" rel=\"noopener\">le couple Macron<\/a>\u00a0accuse la figure de l&rsquo;extr\u00eame droite am\u00e9ricaine d\u2019avoir diffus\u00e9 des \u00ab\u00a0r\u00e9cits extravagants, diffamatoires et invraisemblables\u00a0\u00bb. Je trouve que Brigitte Macron a une infinie dignit\u00e9, reprend \u00c9ric Dupond-Moretti. Il y a beaucoup de gens \u00e0 sa place qui se seraient frapp\u00e9s la t\u00eate contre les murs. Ce qui a \u00e9t\u00e9 fait est indigne, c&rsquo;est scandaleux, et<strong> il est temps qu&rsquo;un certain nombre de masques tombent<\/strong>.\u00a0\u00bb Et l&rsquo;ancien ministre de la Justice de conclure : \u00ab\u00a0Tout \u00e7a n&rsquo;a pas \u00e9t\u00e9 fait gratuitement.\u00a0\u00bb<\/p>\n<p class=\"article-p mdl\">\u00c9ric Dupond-Moretti, l&rsquo;ancien garde des Sceaux et proche du couple Macron, est l&rsquo;invit\u00e9 de RTL ce samedi 26 juillet. \u00c9coutez l&rsquo;int\u00e9gralit\u00e9 de son interview sur RTL \u00e0 8h45 et en simultan\u00e9 sur RTL.fr et l&rsquo;application RTL.\u00a0<\/p>\n<p>    La r\u00e9daction vous recommande<\/p>\n<p class=\"s-newsletter__title\">\n                L\u2019actualit\u00e9 par la r\u00e9daction de RTL dans votre bo\u00eete mail.\n            <\/p>\n<p class=\"s-newsletter__subtitle\">\n                Gr\u00e2ce \u00e0 votre compte RTL abonnez-vous \u00e0 la newsletter RTL info pour suivre toute l&rsquo;actualit\u00e9 au quotidien\n            <\/p>\n<p>\n                                    Lire la suite\n                                <\/p>\n","protected":false},"excerpt":{"rendered":"Sur RTL,\u00a0\u00c9ric Dupond-Moretti se fait offensif. \u00ab\u00a0Je peux vous dire que l&rsquo;on passe d&rsquo;une dinguerie absolue \u00e0 ce&hellip;\n","protected":false},"author":2,"featured_media":274763,"comment_status":"","ping_status":"","sticky":false,"template":"","format":"standard","meta":{"footnotes":""},"categories":[4],"tags":[11,986,1073,10222,73,107,1011,27,303,12,25],"class_list":{"0":"post-274762","1":"post","2":"type-post","3":"status-publish","4":"format-standard","5":"has-post-thumbnail","7":"category-france","8":"tag-actualites","9":"tag-brigitte-macron","10":"tag-emmanuel-macron","11":"tag-eric-dupond-moretti","12":"tag-etats-unis","13":"tag-fil-info","14":"tag-fr","15":"tag-france","16":"tag-justice","17":"tag-news","18":"tag-republique-francaise"},"share_on_mastodon":{"url":"https:\/\/pubeurope.com\/@fr\/114918563726935069","error":""},"_links":{"self":[{"href":"https:\/\/www.europesays.com\/fr\/wp-json\/wp\/v2\/posts\/274762","targetHints":{"allow":["GET"]}}],"collection":[{"href":"https:\/\/www.europesays.com\/fr\/wp-json\/wp\/v2\/posts"}],"about":[{"href":"https:\/\/www.europesays.com\/fr\/wp-json\/wp\/v2\/types\/post"}],"author":[{"embeddable":true,"href":"https:\/\/www.europesays.com\/fr\/wp-json\/wp\/v2\/users\/2"}],"replies":[{"embeddable":true,"href":"https:\/\/www.europesays.com\/fr\/wp-json\/wp\/v2\/comments?post=274762"}],"version-history":[{"count":0,"href":"https:\/\/www.europesays.com\/fr\/wp-json\/wp\/v2\/posts\/274762\/revisions"}],"wp:featuredmedia":[{"embeddable":true,"href":"https:\/\/www.europesays.com\/fr\/wp-json\/wp\/v2\/media\/274763"}],"wp:attachment":[{"href":"https:\/\/www.europesays.com\/fr\/wp-json\/wp\/v2\/media?parent=274762"}],"wp:term":[{"taxonomy":"category","embeddable":true,"href":"https:\/\/www.europesays.com\/fr\/wp-json\/wp\/v2\/categories?post=274762"},{"taxonomy":"post_tag","embeddable":true,"href":"https:\/\/www.europesays.com\/fr\/wp-json\/wp\/v2\/tags?post=274762"}],"curies":[{"name":"wp","href":"https:\/\/api.w.org\/{rel}","templated":true}]}}