{"id":274765,"date":"2025-07-26T08:23:12","date_gmt":"2025-07-26T08:23:12","guid":{"rendered":"https:\/\/www.europesays.com\/fr\/274765\/"},"modified":"2025-07-26T08:23:12","modified_gmt":"2025-07-26T08:23:12","slug":"ligue-1-le-paris-fc-bat-saint-etienne-pour-son-deuxieme-match-amical-de-la-saison","status":"publish","type":"post","link":"https:\/\/www.europesays.com\/fr\/274765\/","title":{"rendered":"Ligue\u00a01\u00a0: Le Paris FC bat Saint-\u00c9tienne pour son deuxi\u00e8me match amical de la saison"},"content":{"rendered":"<p class=\"paragraph text_align_left lp-f-body-02\">Le Paris FC poursuit sa pr\u00e9paration avant de d\u00e9couvrir <a href=\"https:\/\/www.leparisien.fr\/sports\/football\/ligue-1\/\" target=\"_blank\" rel=\"noreferrer nofollow noopener\">la Ligue 1<\/a> le 17 ao\u00fbt prochain. Trois semaines apr\u00e8s avoir repris l\u2019entra\u00eenement, et neuf jours apr\u00e8s leur d\u00e9faite face \u00e0 l\u2019Union Saint-Gilloise en match amical d\u2019ouverture, les Parisiens ont d\u00e9croch\u00e9 un premier succ\u00e8s face \u00e0 l\u2019AS Saint-\u00c9tienne (3-0).<\/p>\n<p class=\"paragraph text_align_left lp-f-body-02\">Malgr\u00e9 l\u2019absence de nombreux \u00e9l\u00e9ments offensifs, notamment Mathieu Cafaro, Jean-Philippe Krasso ou Pierre-Yves Hamel, les joueurs de St\u00e9phane Gilli ont r\u00e9ussi \u00e0 planter trois buts. <a href=\"https:\/\/www.leparisien.fr\/sports\/football\/mercato-vincent-marchetti-un-international-finlandais-un-attaquant-le-paris-fc-sactive-29-01-2024-SLE5FZD3LFCSXCRM5QRYXOZTU4.php\" target=\"_blank\" rel=\"noreferrer nofollow noopener\">Vincent Marchetti<\/a> a notamment inscrit un doubl\u00e9 (9e, 33e), alors qu\u2019Ilan Kebbal a sorti une merveille de son pied gauche.<\/p>\n<p class=\"paragraph text_align_left lp-f-body-02\">Isol\u00e9 sur son flanc droit, l\u2019ancien Dunkerquois a provoqu\u00e9 son opposant avant de rentrer dans l\u2019axe. D\u2019une superbe feinte de frappe, il s\u2019est ouvert un axe de frappe avant de d\u00e9cocher un tir enroul\u00e9 qui a nettoy\u00e9 la lucarne st\u00e9phanoise. Brillant.<\/p>\n<p class=\"paragraph text_align_left lp-f-body-02\">Apr\u00e8s avoir effectu\u00e9 de (tr\u00e8s) nombreux changements \u00e0 la pause, les Parisiens ont \u00e9t\u00e9 moins dangereux. Ils ont toutefois r\u00e9sist\u00e9 aux attaques de l\u2019ASSE et continuent \u00e0 prendre confiance dans cette pr\u00e9paration. Quatre matchs amicaux sont encore au programme avant la reprise : \u00e0 Sion (29\/07), face au Havre (02\/08), contre l\u2019UNFP (06\/08) et \u00e0 Nantes (09\/08). <a href=\"https:\/\/www.leparisien.fr\/sports\/football\/ligue-1\/ligue-1-le-calendrier-complet-de-la-saison-2025-2026-a-telecharger-27-06-2025-OBEGNJUGXNDGBKHSP5UHL2OHUA.php\" target=\"_blank\" rel=\"noreferrer nofollow noopener\">Le Paris FC entamera ensuite la Ligue 1 \u00e0 Angers<\/a>.<\/p>\n","protected":false},"excerpt":{"rendered":"Le Paris FC poursuit sa pr\u00e9paration avant de d\u00e9couvrir la Ligue 1 le 17 ao\u00fbt prochain. Trois semaines&hellip;\n","protected":false},"author":2,"featured_media":274766,"comment_status":"","ping_status":"","sticky":false,"template":"","format":"standard","meta":{"footnotes":""},"categories":[9653],"tags":[1111,11,2430,1777,674,63,1011,27,12,445,25,4001,60],"class_list":{"0":"post-274765","1":"post","2":"type-post","3":"status-publish","4":"format-standard","5":"has-post-thumbnail","7":"category-saint-etienne","8":"tag-actu","9":"tag-actualites","10":"tag-auvergne-rhone-alpes","11":"tag-eu","12":"tag-europe","13":"tag-football","14":"tag-fr","15":"tag-france","16":"tag-news","17":"tag-paris-fc","18":"tag-republique-francaise","19":"tag-saint-etienne","20":"tag-sports"},"share_on_mastodon":{"url":"https:\/\/pubeurope.com\/@fr\/114918575641455475","error":""},"_links":{"self":[{"href":"https:\/\/www.europesays.com\/fr\/wp-json\/wp\/v2\/posts\/274765","targetHints":{"allow":["GET"]}}],"collection":[{"href":"https:\/\/www.europesays.com\/fr\/wp-json\/wp\/v2\/posts"}],"about":[{"href":"https:\/\/www.europesays.com\/fr\/wp-json\/wp\/v2\/types\/post"}],"author":[{"embeddable":true,"href":"https:\/\/www.europesays.com\/fr\/wp-json\/wp\/v2\/users\/2"}],"replies":[{"embeddable":true,"href":"https:\/\/www.europesays.com\/fr\/wp-json\/wp\/v2\/comments?post=274765"}],"version-history":[{"count":0,"href":"https:\/\/www.europesays.com\/fr\/wp-json\/wp\/v2\/posts\/274765\/revisions"}],"wp:featuredmedia":[{"embeddable":true,"href":"https:\/\/www.europesays.com\/fr\/wp-json\/wp\/v2\/media\/274766"}],"wp:attachment":[{"href":"https:\/\/www.europesays.com\/fr\/wp-json\/wp\/v2\/media?parent=274765"}],"wp:term":[{"taxonomy":"category","embeddable":true,"href":"https:\/\/www.europesays.com\/fr\/wp-json\/wp\/v2\/categories?post=274765"},{"taxonomy":"post_tag","embeddable":true,"href":"https:\/\/www.europesays.com\/fr\/wp-json\/wp\/v2\/tags?post=274765"}],"curies":[{"name":"wp","href":"https:\/\/api.w.org\/{rel}","templated":true}]}}