{"id":274767,"date":"2025-07-26T08:24:48","date_gmt":"2025-07-26T08:24:48","guid":{"rendered":"https:\/\/www.europesays.com\/fr\/274767\/"},"modified":"2025-07-26T08:24:48","modified_gmt":"2025-07-26T08:24:48","slug":"meurthe-et-moselle-la-prefete-annonce-son-depart-elle-sera-remplacee-par-le-prefet-de-saone-et-loire","status":"publish","type":"post","link":"https:\/\/www.europesays.com\/fr\/274767\/","title":{"rendered":"Meurthe-et-Moselle. La pr\u00e9f\u00e8te annonce son d\u00e9part, elle sera remplac\u00e9e par le pr\u00e9fet de Sa\u00f4ne-et-Loire"},"content":{"rendered":"<p>La pr\u00e9f\u00e8te de Meurthe-et-Moselle, Fran\u00e7oise Souliman, quittera ses fonctions le 22\u00a0ao\u00fbt, apr\u00e8s pr\u00e8s de deux ann\u00e9es pass\u00e9es \u00e0 Nancy. Elle sera remplac\u00e9e par <a href=\"https:\/\/www.lejsl.com\/societe\/2025\/07\/23\/le-prefet-yves-seguy-quitte-un-departement-a-double-visage\" target=\"_blank\" rel=\"noopener\">Yves S\u00e9guy, actuel pr\u00e9fet de Sa\u00f4ne\u2011et\u2011Loire,<\/a> qui prendra ses fonctions le 25\u00a0ao\u00fbt.<\/p>\n<p>Fran\u00e7oise Souliman avait \u00e9t\u00e9 nomm\u00e9e pr\u00e9f\u00e8te en conseil des ministres le 13\u00a0juillet\u00a02023, <a href=\"https:\/\/www.estrepublicain.fr\/societe\/2023\/08\/21\/la-nouvelle-prefete-installee-sa-feuille-de-route\" target=\"_blank\" rel=\"noopener\">pour une prise de fonction effective le 21\u00a0ao\u00fbt\u00a02023.<\/a> \u00c2g\u00e9e de 64 ans, dipl\u00f4m\u00e9e de l\u2019IEP Paris, avec une sp\u00e9cialisation en droit public et \u00e9tudes de d\u00e9fense, elle a gravi les \u00e9chelons de la pr\u00e9fectorale depuis 2004.<\/p>\n<p>Premi\u00e8re femme pr\u00e9f\u00e8te du d\u00e9partement, <a href=\"https:\/\/www.estrepublicain.fr\/politique\/2025\/01\/16\/la-situation-dans-les-quartiers-s-est-degradee\" target=\"_blank\" rel=\"noopener\">elle a mis en avant la s\u00e9curit\u00e9 comme priorit\u00e9,<\/a> avec des op\u00e9rations de type \u00ab\u00a0place nette\u00a0\u00bb, la lutte contre l\u2019occupation illicite de terrains ou la coop\u00e9ration transfrontali\u00e8re en mati\u00e8re de trafic de drogue et de d\u00e9chets.<\/p>\n<p>Elle a cherch\u00e9 \u00e0 renforcer le dialogue avec les \u00e9lus, les milieux \u00e9conomiques et agricoles \u2014 se positionnant comme \u00ab\u00a0VRP des aides de l\u2019\u00c9tat\u00a0\u00bb pour les entreprises locales, tout en valorisant les visites terrain et les rencontres mensuelles avec la presse.<\/p>\n<p>  Yves S\u00e9guy\u00a0: un pr\u00e9fet de retour<\/p>\n<p>\u00c2g\u00e9 de 62 ans et nomm\u00e9 pr\u00e9fet de Sa\u00f4ne\u2011et\u2011Loire d\u00e9but 2022, Yves S\u00e9guy revient en Lorraine\u00a0: <a href=\"https:\/\/www.estrepublicain.fr\/politique\/2020\/10\/29\/un-nouveau-prefet-pour-les-vosges\" target=\"_blank\" rel=\"noopener\">il \u00e9tait pr\u00e9fet des Vosges<\/a> avant sa nomination en Sa\u00f4ne-et-Loire.<\/p>\n<p>Attach\u00e9 de pr\u00e9fecture depuis 1984, il est devenu sous-pr\u00e9fet, puis directeur de cabinet et secr\u00e9taire g\u00e9n\u00e9ral dans plusieurs d\u00e9partements\u00a0: Ardennes, Charente, Vienne, Bas\u2011Rhin, Vosges (2020).<\/p>\n<p>\u00c0 M\u00e2con, il a mis l\u2019accent sur la s\u00e9curit\u00e9 (loups, brigades vertes), la transition \u00e9cologique et le patrimoine (r\u00e9novation de la cath\u00e9drale et du mus\u00e9e d\u2019Autun), entre autres.<\/p>\n","protected":false},"excerpt":{"rendered":"La pr\u00e9f\u00e8te de Meurthe-et-Moselle, Fran\u00e7oise Souliman, quittera ses fonctions le 22\u00a0ao\u00fbt, apr\u00e8s pr\u00e8s de deux ann\u00e9es pass\u00e9es \u00e0&hellip;\n","protected":false},"author":2,"featured_media":274768,"comment_status":"","ping_status":"","sticky":false,"template":"","format":"standard","meta":{"footnotes":""},"categories":[9635],"tags":[1111,11,1707,1704,1706,1705,1777,674,274,1011,27,775,3457,1702,1703,12,316,3456,25],"class_list":{"0":"post-274767","1":"post","2":"type-post","3":"status-publish","4":"format-standard","5":"has-post-thumbnail","7":"category-nancy","8":"tag-actu","9":"tag-actualites","10":"tag-edition-luneville","11":"tag-edition-nancy-et-agglomeration","12":"tag-edition-pont-a-mousson","13":"tag-edition-toul","14":"tag-eu","15":"tag-europe","16":"tag-faits-divers-justice","17":"tag-fr","18":"tag-france","19":"tag-grand-est","20":"tag-meurthe-et-moselle","21":"tag-nancy","22":"tag-nancy-ville-54b","23":"tag-news","24":"tag-politique","25":"tag-region-lorraine","26":"tag-republique-francaise"},"share_on_mastodon":{"url":"https:\/\/pubeurope.com\/@fr\/114918583416773020","error":""},"_links":{"self":[{"href":"https:\/\/www.europesays.com\/fr\/wp-json\/wp\/v2\/posts\/274767","targetHints":{"allow":["GET"]}}],"collection":[{"href":"https:\/\/www.europesays.com\/fr\/wp-json\/wp\/v2\/posts"}],"about":[{"href":"https:\/\/www.europesays.com\/fr\/wp-json\/wp\/v2\/types\/post"}],"author":[{"embeddable":true,"href":"https:\/\/www.europesays.com\/fr\/wp-json\/wp\/v2\/users\/2"}],"replies":[{"embeddable":true,"href":"https:\/\/www.europesays.com\/fr\/wp-json\/wp\/v2\/comments?post=274767"}],"version-history":[{"count":0,"href":"https:\/\/www.europesays.com\/fr\/wp-json\/wp\/v2\/posts\/274767\/revisions"}],"wp:featuredmedia":[{"embeddable":true,"href":"https:\/\/www.europesays.com\/fr\/wp-json\/wp\/v2\/media\/274768"}],"wp:attachment":[{"href":"https:\/\/www.europesays.com\/fr\/wp-json\/wp\/v2\/media?parent=274767"}],"wp:term":[{"taxonomy":"category","embeddable":true,"href":"https:\/\/www.europesays.com\/fr\/wp-json\/wp\/v2\/categories?post=274767"},{"taxonomy":"post_tag","embeddable":true,"href":"https:\/\/www.europesays.com\/fr\/wp-json\/wp\/v2\/tags?post=274767"}],"curies":[{"name":"wp","href":"https:\/\/api.w.org\/{rel}","templated":true}]}}