{"id":274769,"date":"2025-07-26T08:25:29","date_gmt":"2025-07-26T08:25:29","guid":{"rendered":"https:\/\/www.europesays.com\/fr\/274769\/"},"modified":"2025-07-26T08:25:29","modified_gmt":"2025-07-26T08:25:29","slug":"derniers-jours-pour-la-decouvrir","status":"publish","type":"post","link":"https:\/\/www.europesays.com\/fr\/274769\/","title":{"rendered":"derniers jours pour la d\u00e9couvrir"},"content":{"rendered":"<p>Derniers jours pour d\u00e9couvrir l\u2019exposition Tr\u00e9sors de cyclisme &#8211; sur les traces des champions. Une plong\u00e9e dans l\u2019histoire du cyclisme \u00e0 travers une s\u00e9lection unique d\u2019objets, de documents et souvenirs li\u00e9s au Tour de France. Chaque bidon, chaque photo ou chaque maillot raconte une histoire, sous le regard passionn\u00e9 du collectionneur Patrick Mas.<\/p>\n<p class=\"note\">Jusqu\u2019au 31\u00a0juillet, les mardi, jeudi et vendredi de 14\u00a0h \u00e0 18\u00a0h\u00a0; samedi et mercredi, de 10\u00a0h \u00e0 18\u00a0h, \u00e0 la biblioth\u00e8que-m\u00e9diath\u00e8que G\u00e9rard-Thirion, 17, rue de Mar\u00e9ville, \u00e0 Laxou. Entr\u00e9e libre.<\/p>\n","protected":false},"excerpt":{"rendered":"Derniers jours pour d\u00e9couvrir l\u2019exposition Tr\u00e9sors de cyclisme &#8211; sur les traces des champions. Une plong\u00e9e dans l\u2019histoire&hellip;\n","protected":false},"author":2,"featured_media":274770,"comment_status":"","ping_status":"","sticky":false,"template":"","format":"standard","meta":{"footnotes":""},"categories":[9635],"tags":[1111,11,1687,1704,1777,674,2271,1011,27,775,10426,10262,1702,12,25],"class_list":{"0":"post-274769","1":"post","2":"type-post","3":"status-publish","4":"format-standard","5":"has-post-thumbnail","7":"category-nancy","8":"tag-actu","9":"tag-actualites","10":"tag-culture-loisirs","11":"tag-edition-nancy-et-agglomeration","12":"tag-eu","13":"tag-europe","14":"tag-exposition-arts-plastiques","15":"tag-fr","16":"tag-france","17":"tag-grand-est","18":"tag-laxou","19":"tag-metropole-du-grand-nancy-54b5","20":"tag-nancy","21":"tag-news","22":"tag-republique-francaise"},"share_on_mastodon":{"url":"https:\/\/pubeurope.com\/@fr\/114918583482602975","error":""},"_links":{"self":[{"href":"https:\/\/www.europesays.com\/fr\/wp-json\/wp\/v2\/posts\/274769","targetHints":{"allow":["GET"]}}],"collection":[{"href":"https:\/\/www.europesays.com\/fr\/wp-json\/wp\/v2\/posts"}],"about":[{"href":"https:\/\/www.europesays.com\/fr\/wp-json\/wp\/v2\/types\/post"}],"author":[{"embeddable":true,"href":"https:\/\/www.europesays.com\/fr\/wp-json\/wp\/v2\/users\/2"}],"replies":[{"embeddable":true,"href":"https:\/\/www.europesays.com\/fr\/wp-json\/wp\/v2\/comments?post=274769"}],"version-history":[{"count":0,"href":"https:\/\/www.europesays.com\/fr\/wp-json\/wp\/v2\/posts\/274769\/revisions"}],"wp:featuredmedia":[{"embeddable":true,"href":"https:\/\/www.europesays.com\/fr\/wp-json\/wp\/v2\/media\/274770"}],"wp:attachment":[{"href":"https:\/\/www.europesays.com\/fr\/wp-json\/wp\/v2\/media?parent=274769"}],"wp:term":[{"taxonomy":"category","embeddable":true,"href":"https:\/\/www.europesays.com\/fr\/wp-json\/wp\/v2\/categories?post=274769"},{"taxonomy":"post_tag","embeddable":true,"href":"https:\/\/www.europesays.com\/fr\/wp-json\/wp\/v2\/tags?post=274769"}],"curies":[{"name":"wp","href":"https:\/\/api.w.org\/{rel}","templated":true}]}}