{"id":274771,"date":"2025-07-26T08:26:10","date_gmt":"2025-07-26T08:26:10","guid":{"rendered":"https:\/\/www.europesays.com\/fr\/274771\/"},"modified":"2025-07-26T08:26:10","modified_gmt":"2025-07-26T08:26:10","slug":"eric-serra-joshua-redman-le-jazz-descend-dans-la-rue-de-toulon-des-ce-samedi-soir","status":"publish","type":"post","link":"https:\/\/www.europesays.com\/fr\/274771\/","title":{"rendered":"Eric Serra, Joshua Redman&#8230; le jazz descend dans la rue de Toulon d\u00e8s ce samedi soir"},"content":{"rendered":"<p>Le logo de l\u2019\u00e9dition 2025 est un poulpe psych\u00e9d\u00e9lique bleu aux tentacules en touches de piano. Impossible de manquer le festival de Jazz de Toulon qui d\u00e9bute ce samedi et qui dure jusqu\u2019au 9 ao\u00fbt. Vingt groupes et artistes sont programm\u00e9s sur les places de Toulon. Les concerts sont ouverts \u00e0 tous, aussi bien pour le \u00ab\u00a0on\u00a0\u00bb que pour le \u00ab\u00a0off\u00a0\u00bb.<\/p>\n<p>\u00ab\u00a0La priorit\u00e9 du festival, c\u2019est que tout le monde y trouve son compte, s\u2019amuse et danse\u00a0\u00bb, explique Robert Albergucci, directeur de Toulon-M\u00e9tropole \u00c9v\u00e9nements qui organise l\u2019\u00e9v\u00e9nement. \u00ab\u00a0On veut repr\u00e9senter tous les jazz pour contenter un large public et multiplier les endroits dans la ville: les places, les plages&#8230; Pour sa 35e \u00e9dition, Jazz \u00e0 Toulon reste fid\u00e8le \u00e0 sa promesse: des concerts gratuits et un jazz qui descend dans la rue\u00a0\u00bb.<\/p>\n<p><strong>Eric Serra en jazzy<\/strong><\/p>\n<p>Tous les soirs, les plus belles places du centre-ville et des quartiers vont se transformer en sc\u00e8nes live \u00e0 ciel ouvert. \u00ab\u00a0Cette ann\u00e9e encore, une belle programmation est propos\u00e9e avec Roberto Fonseca, Bir\u00e9li Lagr\u00e8ne, Joshua Redman et Eric Serra-RXRA Group\u00a0\u00bb, ajoute le directeur.<\/p>\n<p>C\u2019est effectivement l\u2019une des nouveaut\u00e9s de l\u2019\u00e9dition 2025. Le compositeur de la musique du Grand Bleu (mais aussi de Subway, L\u00e9on, Le Cinqui\u00e8me \u00e9l\u00e9ment&#8230;) r\u00e9interpr\u00e9tera ses bandes originales en jazzy et musique fusion sur la place Raspail le 1er ao\u00fbt. Le musicien sera accompagn\u00e9 d\u2019un groupe complet (percussions, basse, guitare, saxo). Ce \u00ab\u00a0pas de c\u00f4t\u00e9\u00a0\u00bb illustre la volont\u00e9 du festival d\u2019ouvrir \u00e0 un public le plus large possible le jazz, sous toutes ses couleurs.<\/p>\n<p>Autre nouveaut\u00e9: des rendez-vous sont programm\u00e9s \u00e0 La Rode et dans le quartier Brunet cette ann\u00e9e (entre autres) dans le cadre du festival off. De 19 heures \u00e0 20h30, des talents de la r\u00e9gion s\u2019y produisent sur des places embl\u00e9matiques de la cit\u00e9 (place Raspail, Camille-Ledeau, des Vignes, Victor-Hugo, Eric-Hardouin, G\u00e9n\u00e9ral Pouyade, Monseigneur Deydier, Marie-Curie&#8230;)<\/p>\n<p>              <img ci-src=\"https:\/\/www.varmatin.com\/vie-locale\/protec\/DATA_ART_15969554-OEIEn4Rb.jpg?vh=d8839f&amp;ci_seal=9ecea962eb\" alt=\"\"\/><\/p>\n<p>                                <strong>Sur les places et sur les plages<\/strong><\/p>\n<p>Le festival d\u00e9bute cette ann\u00e9e avec Bireli Lagrene, Martin Taylor et Ulf Wakenus en live ce samedi soir \u00e0 21h30 sur la place de la Libert\u00e9. Ce dimanche, la \u00ab\u00a0star\u00a0\u00bb Roberto Fonseca se produira aussi sur la place de la Libert\u00e9. Les places de l\u2019\u00c9querre, place Bouzigues, Bidour\u00e9 et Saint-Jean seront tr\u00e8s sollicit\u00e9es pour des \u00ab\u00a0live\u00a0\u00bb qui comptent, notamment Avishai Cohen, le 4 ao\u00fbt, et Elie Portal, le 6.<\/p>\n<p>Enfin, les plages du Mourillon accueilleront Joshua Redman (le 7) et le groupe The Amazing Keystone Big Band (le 8). Ils seront 18 sur sc\u00e8ne: un concert \u00e0 savourer au coucher du soleil!<\/p>\n<p>Des \u00e9toiles montantes du jazz seront \u00e9galement \u00e0 d\u00e9couvrir comme Tyreek Mc Dole ou Carmen Souza. \u00ab\u00a0En parall\u00e8le, le off proposera des moments musicaux plus d\u00e9contract\u00e9s en d\u00e9but de soir\u00e9e, parfaits pour se d\u00e9tendre apr\u00e8s le travail ou d\u00e9marrer la nuit en douceur\u00a0\u00bb, se f\u00e9licite Robert Albergucci.<\/p>\n<p>L\u2019an dernier, 50.000 personnes s\u2019\u00e9taient d\u00e9plac\u00e9es pour \u00e9couter les artistes tout au long du festival. Cette ann\u00e9e, les organisateurs esp\u00e8rent d\u00e9passer ce chiffre.<\/p>\n","protected":false},"excerpt":{"rendered":"Le logo de l\u2019\u00e9dition 2025 est un poulpe psych\u00e9d\u00e9lique bleu aux tentacules en touches de piano. Impossible de&hellip;\n","protected":false},"author":2,"featured_media":274772,"comment_status":"","ping_status":"","sticky":false,"template":"","format":"standard","meta":{"footnotes":""},"categories":[9619],"tags":[1111,11,1777,674,1011,27,12,882,25,2310,3366],"class_list":{"0":"post-274771","1":"post","2":"type-post","3":"status-publish","4":"format-standard","5":"has-post-thumbnail","7":"category-toulon","8":"tag-actu","9":"tag-actualites","10":"tag-eu","11":"tag-europe","12":"tag-fr","13":"tag-france","14":"tag-news","15":"tag-provence-alpes-cote-dazur","16":"tag-republique-francaise","17":"tag-toulon","18":"tag-vie-locale"},"share_on_mastodon":{"url":"https:\/\/pubeurope.com\/@fr\/114918587305510212","error":""},"_links":{"self":[{"href":"https:\/\/www.europesays.com\/fr\/wp-json\/wp\/v2\/posts\/274771","targetHints":{"allow":["GET"]}}],"collection":[{"href":"https:\/\/www.europesays.com\/fr\/wp-json\/wp\/v2\/posts"}],"about":[{"href":"https:\/\/www.europesays.com\/fr\/wp-json\/wp\/v2\/types\/post"}],"author":[{"embeddable":true,"href":"https:\/\/www.europesays.com\/fr\/wp-json\/wp\/v2\/users\/2"}],"replies":[{"embeddable":true,"href":"https:\/\/www.europesays.com\/fr\/wp-json\/wp\/v2\/comments?post=274771"}],"version-history":[{"count":0,"href":"https:\/\/www.europesays.com\/fr\/wp-json\/wp\/v2\/posts\/274771\/revisions"}],"wp:featuredmedia":[{"embeddable":true,"href":"https:\/\/www.europesays.com\/fr\/wp-json\/wp\/v2\/media\/274772"}],"wp:attachment":[{"href":"https:\/\/www.europesays.com\/fr\/wp-json\/wp\/v2\/media?parent=274771"}],"wp:term":[{"taxonomy":"category","embeddable":true,"href":"https:\/\/www.europesays.com\/fr\/wp-json\/wp\/v2\/categories?post=274771"},{"taxonomy":"post_tag","embeddable":true,"href":"https:\/\/www.europesays.com\/fr\/wp-json\/wp\/v2\/tags?post=274771"}],"curies":[{"name":"wp","href":"https:\/\/api.w.org\/{rel}","templated":true}]}}