{"id":274775,"date":"2025-07-26T08:29:18","date_gmt":"2025-07-26T08:29:18","guid":{"rendered":"https:\/\/www.europesays.com\/fr\/274775\/"},"modified":"2025-07-26T08:29:18","modified_gmt":"2025-07-26T08:29:18","slug":"entre-arles-et-montpellier-il-manquait-un-ecrin-fragonard","status":"publish","type":"post","link":"https:\/\/www.europesays.com\/fr\/274775\/","title":{"rendered":"Entre Arles et Montpellier, il manquait un \u00e9crin Fragonard"},"content":{"rendered":"<p>\nFragonard a install\u00e9 sa premi\u00e8re boutique \u00e0 N\u00eemes.<\/p>\n<p>\u00ab\u00a0Entre Arles et Montpellier, il manquait un \u00e9crin Fragonard au c\u0153ur de la belle ville de N\u00eemes\u2026\u00a0\u00bb, \u00e9crit l\u2019enseigne<a href=\"https:\/\/www.fragonard.com\/fr-int\/?srsltid=AfmBOor1g2n-gRyApTQNvO6Ymt5sTbWgYRTIZ0pSAlYmTvGoeTtZlc7l\" target=\"_blank\" rel=\"nofollow noopener\"> Fragonard<\/a> sur ses r\u00e9seaux sociaux. C\u2019est d\u00e9sormais chose faite avec cette<a href=\"https:\/\/infoccitanie.fr\/nimes-la-boutique-fragonard-sinstalle-bientot-en-ville\/\" rel=\"nofollow noopener\" target=\"_blank\"> nouvelle adresse, <\/a>id\u00e9alement situ\u00e9e face \u00e0 la Maison Carr\u00e9e et \u00e0 deux pas des Ar\u00e8nes.<\/p>\n<p><img fetchpriority=\"high\" decoding=\"async\" width=\"769\" height=\"1024\" src=\"https:\/\/www.europesays.com\/fr\/wp-content\/uploads\/2025\/07\/4110-nimes-entre-arles-montpellier-il-manquait-ecrin--769x1024.jpg\" alt=\"\" class=\"wp-image-122993\"  \/>Nouvelle boutique Fragonard \u00e0 N\u00eemes. Photo : Fragonard140 m\u00b2 de superficie<\/p>\n<p>D\u2019une superficie de 140 m\u00b2, la boutique Fragonard, ouverte le 1er juillet dernier, entend incarner l\u2019\u00e9l\u00e9gance proven\u00e7ale. Imagin\u00e9e par l\u2019architecte<a href=\"https:\/\/asl-paris.com\/fr\/nous\" target=\"_blank\" rel=\"nofollow noopener\"> Antoine Ricardou,<\/a> elle marie mat\u00e9riaux nobles, pi\u00e8ces contemporaines et tr\u00e9sors chin\u00e9s dans un d\u00e9cor lumineux et chaleureux.<\/p>\n<p><img loading=\"lazy\" decoding=\"async\" width=\"769\" height=\"1024\" src=\"https:\/\/www.europesays.com\/fr\/wp-content\/uploads\/2025\/07\/4122-nimes-entre-arles-montpellier-il-manquait-ecrin--769x1024.jpg\" alt=\"\" class=\"wp-image-122996\"  \/>Nouvelle boutique Fragonard \u00e0 N\u00eemes. Photo : Fragonard<strong>Parfumerie, art de vivre, mode <\/strong><\/p>\n<p>Parfumerie, art de vivre, mode :<strong> <\/strong>tous les univers Fragonard y sont pr\u00e9sent\u00e9s. Pratique : Boutique Fragonard N\u00eemes 20 Av. du G\u00e9n\u00e9ral Perrier, 30000 N\u00eemes. A noter aussi, <a href=\"https:\/\/infoccitanie.fr\/nimes-mr-bricolage-ouvre-ses-portes-ce-lundi-en-centre-ville\/\" rel=\"nofollow noopener\" target=\"_blank\">Mr.Bricolage<\/a> a ouvert il y a quelques mois, en centre-ville de N\u00eemes sur 240 m\u00e8tres carr\u00e9s, pr\u00e9s des halles.<\/p>\n","protected":false},"excerpt":{"rendered":"Fragonard a install\u00e9 sa premi\u00e8re boutique \u00e0 N\u00eemes. \u00ab\u00a0Entre Arles et Montpellier, il manquait un \u00e9crin Fragonard au&hellip;\n","protected":false},"author":2,"featured_media":274776,"comment_status":"","ping_status":"","sticky":false,"template":"","format":"standard","meta":{"footnotes":""},"categories":[9599],"tags":[1111,11,1777,674,1011,27,2208,12,2682,2680,25],"class_list":{"0":"post-274775","1":"post","2":"type-post","3":"status-publish","4":"format-standard","5":"has-post-thumbnail","7":"category-montpellier","8":"tag-actu","9":"tag-actualites","10":"tag-eu","11":"tag-europe","12":"tag-fr","13":"tag-france","14":"tag-montpellier","15":"tag-news","16":"tag-nimes","17":"tag-occitanie","18":"tag-republique-francaise"},"share_on_mastodon":{"url":"https:\/\/pubeurope.com\/@fr\/114918599265523835","error":""},"_links":{"self":[{"href":"https:\/\/www.europesays.com\/fr\/wp-json\/wp\/v2\/posts\/274775","targetHints":{"allow":["GET"]}}],"collection":[{"href":"https:\/\/www.europesays.com\/fr\/wp-json\/wp\/v2\/posts"}],"about":[{"href":"https:\/\/www.europesays.com\/fr\/wp-json\/wp\/v2\/types\/post"}],"author":[{"embeddable":true,"href":"https:\/\/www.europesays.com\/fr\/wp-json\/wp\/v2\/users\/2"}],"replies":[{"embeddable":true,"href":"https:\/\/www.europesays.com\/fr\/wp-json\/wp\/v2\/comments?post=274775"}],"version-history":[{"count":0,"href":"https:\/\/www.europesays.com\/fr\/wp-json\/wp\/v2\/posts\/274775\/revisions"}],"wp:featuredmedia":[{"embeddable":true,"href":"https:\/\/www.europesays.com\/fr\/wp-json\/wp\/v2\/media\/274776"}],"wp:attachment":[{"href":"https:\/\/www.europesays.com\/fr\/wp-json\/wp\/v2\/media?parent=274775"}],"wp:term":[{"taxonomy":"category","embeddable":true,"href":"https:\/\/www.europesays.com\/fr\/wp-json\/wp\/v2\/categories?post=274775"},{"taxonomy":"post_tag","embeddable":true,"href":"https:\/\/www.europesays.com\/fr\/wp-json\/wp\/v2\/tags?post=274775"}],"curies":[{"name":"wp","href":"https:\/\/api.w.org\/{rel}","templated":true}]}}