{"id":274777,"date":"2025-07-26T08:30:10","date_gmt":"2025-07-26T08:30:10","guid":{"rendered":"https:\/\/www.europesays.com\/fr\/274777\/"},"modified":"2025-07-26T08:30:10","modified_gmt":"2025-07-26T08:30:10","slug":"la-cavite-naturelle-bloquant-la-construction-a-ete-rebouchee","status":"publish","type":"post","link":"https:\/\/www.europesays.com\/fr\/274777\/","title":{"rendered":"la cavit\u00e9 naturelle bloquant la construction a \u00e9t\u00e9 rebouch\u00e9e"},"content":{"rendered":"<p>            Par<br \/>\n        <strong><br \/>\n            <a href=\"https:\/\/actu.fr\/auteur\/emilien-jacques\" title=\"Consulter tous les articles de Emilien Jacques\" rel=\"nofollow noopener\" target=\"_blank\">Emilien Jacques<\/a><br \/>\n        <\/strong><\/p>\n<p>        Publi\u00e9 le<\/p>\n<p>            26 juil. 2025 \u00e0 10h10        <\/p>\n<p>C\u2019est un projet qui avance doucement, mais s\u00fbrement. La construction de la passerelle enjambant la RN28 <strong>pour relier Saint-Martin-du-Vivier au rond-point de la jardinerie Truffaut d\u2019Isneauville<\/strong> avait d\u00e9but\u00e9 fin 2022 <a href=\"https:\/\/actu.fr\/normandie\/isneauville_76377\/passerelle-sur-la-rn28-a-isneauville-les-travaux-doivent-reprendre-en-juin_62423681.html\" rel=\"nofollow noopener\" target=\"_blank\">avant d\u2019\u00eatre stopp\u00e9e quelques mois plus tard<\/a>. <strong>Une cavit\u00e9 naturelle<\/strong> avait \u00e9t\u00e9 d\u00e9couverte lors de la fondation et le coulage des pieux de l\u2019\u00e9difice, ce qui a interrompu toute activit\u00e9 durant deux ans.<\/p>\n<p>Comblement de la cavit\u00e9<\/p>\n<p class=\" wall-content\">Depuis le d\u00e9but de l\u2019ann\u00e9e 2025, les op\u00e9rations de comblement de la cavit\u00e9 naturelle \u00e9taient en cours. 700\u00a0m3 de ciment ont \u00e9t\u00e9 n\u00e9cessaires pour remplir la fosse se trouvant du c\u00f4t\u00e9 de la jardinerie Truffaut. \u00c0 l\u2019issue de ces travaux, <strong>achev\u00e9s en juin dernier<\/strong>, des experts g\u00e9otechniques ont contr\u00f4l\u00e9 leur bonne ex\u00e9cution afin d\u2019assurer une reprise du chantier initial en toute s\u00e9curit\u00e9. La r\u00e9alisation des fondations a donc enfin \u00e9t\u00e9 rendue possible, et a \u00e9t\u00e9 finalis\u00e9e au d\u00e9but du mois de juillet.<\/p>\n<p>Mise en service \u00e0 nouveau retard\u00e9e<\/p>\n<p class=\" wall-content\">Annonc\u00e9e au printemps 2026, l\u2019ouverture de la passerelle au public a \u00e9t\u00e9<strong> d\u00e9cal\u00e9e de plusieurs mois<\/strong>. En effet, du retard a \u00e9t\u00e9 pris \u00ab du fait d\u2019investigations compl\u00e9mentaires pour repositionner les pieux apr\u00e8s rebouchage de la cavit\u00e9 \u00bb, indique la M\u00e9tropole Rouen Normandie. La p\u00e9riode estivale sera ainsi \u00ab consacr\u00e9e en grande partie \u00e0 la reprise d\u2019\u00e9tudes n\u00e9cessaires suite aux injections de comblement \u00bb, compl\u00e8te la M\u00e9tropole.<\/p>\n<p class=\" wall-content\">Les travaux de g\u00e9nie civil ne reprendront donc pas avant la rentr\u00e9e 2025, et ce pour une dur\u00e9e d\u2019un an. La mise en service de l\u2019ouvrage est annonc\u00e9e pour la fin de l\u2019ann\u00e9e 2026.<\/p>\n<p>Suivez l\u2019actualit\u00e9 de Rouen <a href=\"https:\/\/www.whatsapp.com\/channel\/0029VaKfnf99hXF2ddApFB1D\" rel=\"nofollow noopener\" target=\"_blank\">sur notre cha\u00eene WhatsApp<\/a> et <a href=\"https:\/\/www.tiktok.com\/@76actu.fr?lang=fr\" rel=\"nofollow noopener\" target=\"_blank\">sur notre compte TikTok<\/a><\/p>\n<p class=\" wall-content\">Suivez toute l\u2019actualit\u00e9 de vos villes et m\u00e9dias favoris en vous inscrivant \u00e0 <a href=\"https:\/\/moncompte.actu.fr\" title=\"D\u00e9couvez Mon Actu\" rel=\"nofollow noopener\" data-trk=\"{&quot;cta&quot;:{&quot;action&quot;:&quot;https:\\\/\\\/moncompte.actu.fr&quot;,&quot;category&quot;:&quot;mon compte&quot;,&quot;from&quot;:&quot;article footer&quot;,&quot;name&quot;:&quot;Mon actu&quot;,&quot;type&quot;:&quot;cta&quot;}}\" target=\"_blank\">Mon Actu<\/a>.<\/p>\n<p>                    <script async src=\"\/\/www.tiktok.com\/embed.js\"><\/script><\/p>\n","protected":false},"excerpt":{"rendered":"Par Emilien Jacques Publi\u00e9 le 26 juil. 2025 \u00e0 10h10 C\u2019est un projet qui avance doucement, mais s\u00fbrement.&hellip;\n","protected":false},"author":2,"featured_media":274778,"comment_status":"","ping_status":"","sticky":false,"template":"","format":"standard","meta":{"footnotes":""},"categories":[9587],"tags":[1111,11,1777,674,1011,27,12,5161,25,9590,104,2086,1352],"class_list":{"0":"post-274777","1":"post","2":"type-post","3":"status-publish","4":"format-standard","5":"has-post-thumbnail","7":"category-rouen","8":"tag-actu","9":"tag-actualites","10":"tag-eu","11":"tag-europe","12":"tag-fr","13":"tag-france","14":"tag-news","15":"tag-normandie","16":"tag-republique-francaise","17":"tag-rouen","18":"tag-societe","19":"tag-travaux","20":"tag-urbanisme"},"share_on_mastodon":{"url":"https:\/\/pubeurope.com\/@fr\/114918603023228101","error":""},"_links":{"self":[{"href":"https:\/\/www.europesays.com\/fr\/wp-json\/wp\/v2\/posts\/274777","targetHints":{"allow":["GET"]}}],"collection":[{"href":"https:\/\/www.europesays.com\/fr\/wp-json\/wp\/v2\/posts"}],"about":[{"href":"https:\/\/www.europesays.com\/fr\/wp-json\/wp\/v2\/types\/post"}],"author":[{"embeddable":true,"href":"https:\/\/www.europesays.com\/fr\/wp-json\/wp\/v2\/users\/2"}],"replies":[{"embeddable":true,"href":"https:\/\/www.europesays.com\/fr\/wp-json\/wp\/v2\/comments?post=274777"}],"version-history":[{"count":0,"href":"https:\/\/www.europesays.com\/fr\/wp-json\/wp\/v2\/posts\/274777\/revisions"}],"wp:featuredmedia":[{"embeddable":true,"href":"https:\/\/www.europesays.com\/fr\/wp-json\/wp\/v2\/media\/274778"}],"wp:attachment":[{"href":"https:\/\/www.europesays.com\/fr\/wp-json\/wp\/v2\/media?parent=274777"}],"wp:term":[{"taxonomy":"category","embeddable":true,"href":"https:\/\/www.europesays.com\/fr\/wp-json\/wp\/v2\/categories?post=274777"},{"taxonomy":"post_tag","embeddable":true,"href":"https:\/\/www.europesays.com\/fr\/wp-json\/wp\/v2\/tags?post=274777"}],"curies":[{"name":"wp","href":"https:\/\/api.w.org\/{rel}","templated":true}]}}