{"id":274779,"date":"2025-07-26T08:33:10","date_gmt":"2025-07-26T08:33:10","guid":{"rendered":"https:\/\/www.europesays.com\/fr\/274779\/"},"modified":"2025-07-26T08:33:10","modified_gmt":"2025-07-26T08:33:10","slug":"suspension-de-terrain-avec-sursis-pour-grenoble","status":"publish","type":"post","link":"https:\/\/www.europesays.com\/fr\/274779\/","title":{"rendered":"suspension de terrain avec sursis pour Grenoble"},"content":{"rendered":"<p>Le FC Grenoble Rugby (ProD2) pourra finalement disputer son premier match de championnat \u00e0 domicile face \u00e0 Aurillac, apr\u00e8s avoir obtenu gain de cause en appel concernant sa suspension de terrain, a annonc\u00e9 le club is\u00e9rois vendredi.<\/p>\n<p class=\"fig-paragraph\">La commission de discipline de la Ligue nationale de rugby (LNR) l&rsquo;avait condamn\u00e9 en premi\u00e8re instance, le 3 juillet, \u00e0 un match \u00e0 huis clos ferme et \u00e0 une amende de 25.000 euros en raison d&rsquo;incidents survenus entre supporters \u00e0\u00a0<a href=\"http:\/\/www.lefigaro.fr\/sports\/rugby\/top-14\/grenoble-perpignan-les-crs-interviennent-pour-mettre-fin-a-des-bagarres-en-supporters-20250614\" data-fig-type=\"NewsFlash\" data-gtm-custom-categorie=\"navigation\" data-gtm-custom-action=\"crossclick\" data-gtm-custom-label=\"Contextuel\" data-gtm-event=\"customEventSPE\" data-fig-domain=\"LEFIGARO\" target=\"_blank\" rel=\"noopener\">l&rsquo;issue du match contre Perpignan le 4 juin, perdu \u00e0 domicile par les Is\u00e9rois (13-11).<\/a><\/p>\n<p class=\"fig-paragraph\">Saisie par le club, la Commission d&rsquo;appel f\u00e9d\u00e9rale de la F\u00e9d\u00e9ration Fran\u00e7aise de Rugby (FFR) a lev\u00e9 la suspension de terrain &#8211; elle a inflig\u00e9 une suspension du Stade des Alpes pour un match avec sursis &#8211; mais a alourdi l&rsquo;amende \u00e0 35.000 euros. Le premier match \u00e0 domicile de la saison se jouera contre Aurillac le vendredi 5 septembre au Stade des Alpes, a pr\u00e9cis\u00e9 le club grenoblois sur X. Le club catalan avait \u00e9galement \u00e9t\u00e9 sanctionn\u00e9 d&rsquo;une amende de 25.000 euros et d&rsquo;une suspension de terrain avec sursis.<\/p>\n","protected":false},"excerpt":{"rendered":"Le FC Grenoble Rugby (ProD2) pourra finalement disputer son premier match de championnat \u00e0 domicile face \u00e0 Aurillac,&hellip;\n","protected":false},"author":2,"featured_media":274780,"comment_status":"","ping_status":"","sticky":false,"template":"","format":"standard","meta":{"footnotes":""},"categories":[9566],"tags":[1111,11,2430,1777,674,1011,27,2731,12,2308,25],"class_list":{"0":"post-274779","1":"post","2":"type-post","3":"status-publish","4":"format-standard","5":"has-post-thumbnail","7":"category-grenoble","8":"tag-actu","9":"tag-actualites","10":"tag-auvergne-rhone-alpes","11":"tag-eu","12":"tag-europe","13":"tag-fr","14":"tag-france","15":"tag-grenoble","16":"tag-news","17":"tag-pro-d2","18":"tag-republique-francaise"},"share_on_mastodon":{"url":"https:\/\/pubeurope.com\/@fr\/114918614821655699","error":""},"_links":{"self":[{"href":"https:\/\/www.europesays.com\/fr\/wp-json\/wp\/v2\/posts\/274779","targetHints":{"allow":["GET"]}}],"collection":[{"href":"https:\/\/www.europesays.com\/fr\/wp-json\/wp\/v2\/posts"}],"about":[{"href":"https:\/\/www.europesays.com\/fr\/wp-json\/wp\/v2\/types\/post"}],"author":[{"embeddable":true,"href":"https:\/\/www.europesays.com\/fr\/wp-json\/wp\/v2\/users\/2"}],"replies":[{"embeddable":true,"href":"https:\/\/www.europesays.com\/fr\/wp-json\/wp\/v2\/comments?post=274779"}],"version-history":[{"count":0,"href":"https:\/\/www.europesays.com\/fr\/wp-json\/wp\/v2\/posts\/274779\/revisions"}],"wp:featuredmedia":[{"embeddable":true,"href":"https:\/\/www.europesays.com\/fr\/wp-json\/wp\/v2\/media\/274780"}],"wp:attachment":[{"href":"https:\/\/www.europesays.com\/fr\/wp-json\/wp\/v2\/media?parent=274779"}],"wp:term":[{"taxonomy":"category","embeddable":true,"href":"https:\/\/www.europesays.com\/fr\/wp-json\/wp\/v2\/categories?post=274779"},{"taxonomy":"post_tag","embeddable":true,"href":"https:\/\/www.europesays.com\/fr\/wp-json\/wp\/v2\/tags?post=274779"}],"curies":[{"name":"wp","href":"https:\/\/api.w.org\/{rel}","templated":true}]}}