{"id":274783,"date":"2025-07-26T08:35:16","date_gmt":"2025-07-26T08:35:16","guid":{"rendered":"https:\/\/www.europesays.com\/fr\/274783\/"},"modified":"2025-07-26T08:35:16","modified_gmt":"2025-07-26T08:35:16","slug":"un-hangar-agricole-detruit-par-un-incendie-au-sud-de-rennes-une-vingtaine-de-pompiers-mobilises-2","status":"publish","type":"post","link":"https:\/\/www.europesays.com\/fr\/274783\/","title":{"rendered":"Un hangar agricole d\u00e9truit par un incendie au sud de Rennes\u00a0: une vingtaine de pompiers mobilis\u00e9s"},"content":{"rendered":"<p>On distingue le panache de fum\u00e9e s\u2019\u00e9lever au-dessus de la campagne, au sud de Rennes. Depuis 7\u00a0h, ce samedi 26\u00a0juillet 2025, les pompiers interviennent pour un feu dans une ferme \u00e0 Noyal-Ch\u00e2tillon-sur-Seiche.<\/p>\n<p>L\u2019incendie, dont les circonstances ne sont pas connues \u00e0 ce stade, s\u2019est d\u00e9clar\u00e9 dans un b\u00e2timent agricole, au lieu-dit La No\u00e9 d\u2019\u00c9tolles, qui contenait 20\u00a0tonnes de fourrage et 13\u00a0tonnes d\u2019engrais, selon les pompiers.<\/p>\n<p>Une menace de propagation<\/p>\n<p>Une vingtaine de soldats du feu sont intervenus \u00e0 l\u2019aide de trois lances pour circonscrire le sinistre qui mena\u00e7ait de se propager. Ce samedi matin, ils s\u2019attellent \u00e0 \u00e9teindre le feu qui couve dans le fourrage.<\/p>\n<p>\t<img decoding=\"async\" src=\"https:\/\/www.europesays.com\/fr\/wp-content\/uploads\/2025\/07\/P35375714D6914560G_px_640_.jpg\" alt=\"photo une vingtaine de pompiers ont \u00e9t\u00e9 mobilis\u00e9s sur cette intervention.  \u00a9  ouest-france\" width=\"640\" title=\" Une vingtaine de pompiers ont \u00e9t\u00e9 mobilis\u00e9s sur cette intervention.   Ouest-France \"\/><\/p>\n<p class=\"elmt-legende\"> Une vingtaine de pompiers ont \u00e9t\u00e9 mobilis\u00e9s sur cette intervention.   Ouest-France <\/p>\n<p>Sur place, un engin agricole est charg\u00e9 de le collecter dans le hangar d\u00e9truit puis le d\u00e9placer dans un champ o\u00f9 il est \u00e9teint par les pompiers, qui s\u2019attendent \u00e0 y passer une bonne partie de la matin\u00e9e.<\/p>\n<p>En raison de la pr\u00e9sence d\u2019engrais, un sp\u00e9cialiste risque chimique a \u00e9t\u00e9 d\u00e9p\u00each\u00e9 sur les lieux.<\/p>\n<p>\u00a0<\/p>\n","protected":false},"excerpt":{"rendered":"On distingue le panache de fum\u00e9e s\u2019\u00e9lever au-dessus de la campagne, au sud de Rennes. Depuis 7\u00a0h, ce&hellip;\n","protected":false},"author":2,"featured_media":274782,"comment_status":"","ping_status":"","sticky":false,"template":"","format":"standard","meta":{"footnotes":""},"categories":[2821],"tags":[1111,11,15092,829,7787,1777,674,1011,27,22350,1310,17479,12,1311,584,25,7053,5014],"class_list":{"0":"post-274783","1":"post","2":"type-post","3":"status-publish","4":"format-standard","5":"has-post-thumbnail","7":"category-rennes","8":"tag-actu","9":"tag-actualites","10":"tag-agricole","11":"tag-bretagne","12":"tag-detruit","13":"tag-eu","14":"tag-europe","15":"tag-fr","16":"tag-france","17":"tag-hangar","18":"tag-incendie","19":"tag-mobilises","20":"tag-news","21":"tag-pompiers","22":"tag-rennes","23":"tag-republique-francaise","24":"tag-sud","25":"tag-vingtaine"},"share_on_mastodon":{"url":"https:\/\/pubeurope.com\/@fr\/114918622752116336","error":""},"_links":{"self":[{"href":"https:\/\/www.europesays.com\/fr\/wp-json\/wp\/v2\/posts\/274783","targetHints":{"allow":["GET"]}}],"collection":[{"href":"https:\/\/www.europesays.com\/fr\/wp-json\/wp\/v2\/posts"}],"about":[{"href":"https:\/\/www.europesays.com\/fr\/wp-json\/wp\/v2\/types\/post"}],"author":[{"embeddable":true,"href":"https:\/\/www.europesays.com\/fr\/wp-json\/wp\/v2\/users\/2"}],"replies":[{"embeddable":true,"href":"https:\/\/www.europesays.com\/fr\/wp-json\/wp\/v2\/comments?post=274783"}],"version-history":[{"count":0,"href":"https:\/\/www.europesays.com\/fr\/wp-json\/wp\/v2\/posts\/274783\/revisions"}],"wp:featuredmedia":[{"embeddable":true,"href":"https:\/\/www.europesays.com\/fr\/wp-json\/wp\/v2\/media\/274782"}],"wp:attachment":[{"href":"https:\/\/www.europesays.com\/fr\/wp-json\/wp\/v2\/media?parent=274783"}],"wp:term":[{"taxonomy":"category","embeddable":true,"href":"https:\/\/www.europesays.com\/fr\/wp-json\/wp\/v2\/categories?post=274783"},{"taxonomy":"post_tag","embeddable":true,"href":"https:\/\/www.europesays.com\/fr\/wp-json\/wp\/v2\/tags?post=274783"}],"curies":[{"name":"wp","href":"https:\/\/api.w.org\/{rel}","templated":true}]}}