{"id":274786,"date":"2025-07-26T08:37:10","date_gmt":"2025-07-26T08:37:10","guid":{"rendered":"https:\/\/www.europesays.com\/fr\/274786\/"},"modified":"2025-07-26T08:37:10","modified_gmt":"2025-07-26T08:37:10","slug":"a-strasbourg-la-communaute-juive-divisee-apres-lannonce-de-la-reconnaissance-dun-etat-palestinien-liberation","status":"publish","type":"post","link":"https:\/\/www.europesays.com\/fr\/274786\/","title":{"rendered":"\u00e0 Strasbourg, la communaut\u00e9 juive divis\u00e9e apr\u00e8s l\u2019annonce de la reconnaissance d\u2019un Etat palestinien \u2013 Lib\u00e9ration"},"content":{"rendered":"<p class=\"sc-ksZaOG ehjQrN text-element\">Dans le quartier des Contades \u00e0 Strasbourg (Bas-Rhin), o\u00f9 vit une grande partie de la communaut\u00e9 juive, les riverains profitent, ce vendredi 25 juillet, des derniers instants d\u2019ouverture des commerces. Le moment de faire encore quelques emplettes avant le coucher du soleil qui marquera le d\u00e9but du shabbat, le jour du repos dans la tradition juive. Comme \u00e0 son habitude, Micka\u00ebl se rend \u00e0 l\u2019\u00e9picerie casher de la rue Sellenick pour acheter de la viande. Le jeune homme de 28 ans a entendu parler, jeudi soir, de <a href=\"https:\/\/www.liberation.fr\/idees-et-debats\/reconnaissance-de-letat-de-palestine-macron-doit-au-dela-des-grandes-declarations-reellement-aider-les-faiseurs-de-paix-20250725_D4MKSW4L5BB3HE7YL25P4IGI7Y\/\" target=\"_blank\" rel=\"noreferrer nofollow noopener\" title=\"https:\/\/www.liberation.fr\/idees-et-debats\/reconnaissance-de-letat-de-palestine-macron-doit-au-dela-des-grandes-declarations-reellement-aider-les-faiseurs-de-paix-20250725_D4MKSW4L5BB3HE7YL25P4IGI7Y\/\">l\u2019annonce par Emmanuel Macron d\u2019une reconnaissance d\u2019un Etat palestinien<\/a> en septembre aux Nations Unies. \u00abPeut-\u00eatre une solution pour r\u00e9gler le conflit\u00bb, esp\u00e8re-t-il, avant d\u2019ajouter : \u00abS\u2019il n\u2019y a pas cette reconnaissance, on va encore casser du sucre sur le dos d\u2019Isra\u00ebl.\u00bb A la caisse de l\u2019\u00e9picerie, Simon \u00e9vite un peu la question et tente : \u00abJe suis nul en politique.\u00bb Derri\u00e8re ses lunettes, le trentenaire explique \u00abaimer la France\u00bb, mais que \u00abMacron veut plaire \u00e0 tout le monde\u00bb.<\/p>\n","protected":false},"excerpt":{"rendered":"Dans le quartier des Contades \u00e0 Strasbourg (Bas-Rhin), o\u00f9 vit une grande partie de la communaut\u00e9 juive, les&hellip;\n","protected":false},"author":2,"featured_media":274787,"comment_status":"","ping_status":"","sticky":false,"template":"","format":"standard","meta":{"footnotes":""},"categories":[2820],"tags":[1111,11,1073,1777,674,1011,27,775,20560,12,3518,25,640],"class_list":{"0":"post-274786","1":"post","2":"type-post","3":"status-publish","4":"format-standard","5":"has-post-thumbnail","7":"category-strasbourg","8":"tag-actu","9":"tag-actualites","10":"tag-emmanuel-macron","11":"tag-eu","12":"tag-europe","13":"tag-fr","14":"tag-france","15":"tag-grand-est","16":"tag-judaisme","17":"tag-news","18":"tag-palestine","19":"tag-republique-francaise","20":"tag-strasbourg"},"share_on_mastodon":{"url":"https:\/\/pubeurope.com\/@fr\/114918630741209874","error":""},"_links":{"self":[{"href":"https:\/\/www.europesays.com\/fr\/wp-json\/wp\/v2\/posts\/274786","targetHints":{"allow":["GET"]}}],"collection":[{"href":"https:\/\/www.europesays.com\/fr\/wp-json\/wp\/v2\/posts"}],"about":[{"href":"https:\/\/www.europesays.com\/fr\/wp-json\/wp\/v2\/types\/post"}],"author":[{"embeddable":true,"href":"https:\/\/www.europesays.com\/fr\/wp-json\/wp\/v2\/users\/2"}],"replies":[{"embeddable":true,"href":"https:\/\/www.europesays.com\/fr\/wp-json\/wp\/v2\/comments?post=274786"}],"version-history":[{"count":0,"href":"https:\/\/www.europesays.com\/fr\/wp-json\/wp\/v2\/posts\/274786\/revisions"}],"wp:featuredmedia":[{"embeddable":true,"href":"https:\/\/www.europesays.com\/fr\/wp-json\/wp\/v2\/media\/274787"}],"wp:attachment":[{"href":"https:\/\/www.europesays.com\/fr\/wp-json\/wp\/v2\/media?parent=274786"}],"wp:term":[{"taxonomy":"category","embeddable":true,"href":"https:\/\/www.europesays.com\/fr\/wp-json\/wp\/v2\/categories?post=274786"},{"taxonomy":"post_tag","embeddable":true,"href":"https:\/\/www.europesays.com\/fr\/wp-json\/wp\/v2\/tags?post=274786"}],"curies":[{"name":"wp","href":"https:\/\/api.w.org\/{rel}","templated":true}]}}