{"id":274788,"date":"2025-07-26T08:38:13","date_gmt":"2025-07-26T08:38:13","guid":{"rendered":"https:\/\/www.europesays.com\/fr\/274788\/"},"modified":"2025-07-26T08:38:13","modified_gmt":"2025-07-26T08:38:13","slug":"les-recettes-de-mon-arriere-grand-mere","status":"publish","type":"post","link":"https:\/\/www.europesays.com\/fr\/274788\/","title":{"rendered":"Les recettes de mon arri\u00e8re-grand-m\u00e8re"},"content":{"rendered":"<p>            Par<br \/>\n        <strong><br \/>\n            <a href=\"https:\/\/actu.fr\/auteur\/ugo-maillard\" title=\"Consulter tous les articles de Ugo Maillard\" rel=\"nofollow noopener\" target=\"_blank\">Ugo Maillard<\/a><br \/>\n        <\/strong><\/p>\n<p>        Publi\u00e9 le<\/p>\n<p>            26 juil. 2025 \u00e0 9h36        <\/p>\n<p>Un lieu tenu par un ni\u00e7ois, pour les Ni\u00e7ois, avec des sp\u00e9cialit\u00e9s ni\u00e7oises \u00e0 la carte. En juin\u00a02024, Fabrice Jean revient \u00e0 son premier amour, la cuisine, et ouvre un restaurant, <strong>la Belugua<\/strong>. Apr\u00e8s une dizaine d\u2019ann\u00e9es dans le BTP, celui qui a fait ses armes dans des restaurants et traiteurs des <a href=\"https:\/\/actu.fr\/provence-alpes-cote-d-azur\/alpes-maritimes_06\" rel=\"nofollow noopener\" target=\"_blank\">Alpes-Maritimes<\/a> reprend une institution du quartier de Valrose, \u00e0 <a href=\"https:\/\/actu.fr\/nice\/\" rel=\"nofollow noopener\" target=\"_blank\">Nice<\/a>. Laiss\u00e9 \u00e0 l\u2019abandon, ce restaurant situ\u00e9 sur la place Alexandre M\u00e9decin profite d\u2019une seconde jeunesse.<\/p>\n<p>    <a href=\"https:\/\/www.google.com\/maps\/embed?pb=!1m18!1m12!1m3!1d1980.9248350806436!2d7.260447429325609!3d43.7201202533295!2m3!1f0!2f0!3f0!3m2!1i1024!2i768!4f13.1!3m3!1m2!1s0x12cdcff0c849903f%3A0x5e8ec530a10a6f12!2sLa%20Beluga!5e0!3m2!1sfr!2sfr!4v1753435366881!5m2!1sfr!2sfr\" title=\"Ouvrie le lien\" rel=\"nofollow noopener\" target=\"_blank\">Cliquez ici pour visualiser le contenu<\/a><\/p>\n<p class=\" wall-content\">Un renouveau, loin d\u2019\u00eatre une r\u00e9volution puisque le chef a souhait\u00e9 proposer des <strong>sp\u00e9cialit\u00e9s ni\u00e7oises<\/strong> \u00e0 la carte.<\/p>\n<p class=\" wall-content\">Un savant m\u00e9lange entre tradition et esprit familial qui a d\u2019ores et d\u00e9j\u00e0 s\u00e9duit les habitants du quartier.<\/p>\n<p>Une cuisine locale<\/p>\n<p class=\" wall-content\">\u00ab\u2009J\u2019ai eu l\u2019opportunit\u00e9 de reprendre ce restaurant \u00e0 l\u2019abandon, alors je me suis lanc\u00e9.\u2009\u00bb Fabrice Jean s\u2019est lanc\u00e9 le pari de fou de s\u00e9duire les Ni\u00e7ois avec des recettes traditionnelles du patrimoine culinaire local.<\/p>\n<blockquote class=\"ac-article-quote wall-content\">\n<p>Tous nos plats sont fait maison avec des produits de qualit\u00e9.<\/p>\n<p>    <strong>Fabrice Jean <\/strong><br \/>\n        Chef de la Beluga    <\/p><\/blockquote>\n<p class=\" wall-content\">Sur la carte de la B\u00e9luga (l\u2019\u00e9tincelle en langue ni\u00e7oise), on retrouve gnocchi ou ravioli \u00e0 la daube, tourte de blette, pissaladi\u00e8re ou encore poivrons grill\u00e9s. Le chef de 46\u00a0ans propose une suggestion du jour, pour les personnes n\u2019\u00e9tant pas fan de la gastronomie ni\u00e7oise.<\/p>\n<p>    <img   decoding=\"async\" loading=\"lazy\" src=\"https:\/\/www.europesays.com\/fr\/wp-content\/uploads\/2025\/07\/beluga-nice-fabrice-960x640.png\" alt=\"La Beluga peut accueillir jusqu'\u00e0 40 personnes en salle.\" width=\"960\" height=\"640\"\/><br \/>\n    La Beluga peut accueillir jusqu\u2019\u00e0 40\u00a0personnes en salle. (\u00a9Ugo Maillard \/ actu Nice)Des recettes familiales<\/p>\n<p class=\" wall-content\">C\u2019est avec une fiert\u00e9 assum\u00e9e que Fabrice \u00e9voque l\u2019origine de ses plats. \u00ab\u2009Ce sont des recettes de mon arri\u00e8re-grand-m\u00e8re que je sers \u00e0 mes clients. Ma famille est contente de mon initiative\u2009\u00bb, sourit le Ni\u00e7ois.<\/p>\n<blockquote class=\"ac-article-quote wall-content\">\n<p>La cuisine ni\u00e7oise est ce qu\u2019elle est. Je ne suis pas l\u00e0 pour la transformer, m\u00eame si j&rsquo;essaye d&rsquo;ajouter ma touche personnelle.<\/p>\n<p>    <strong>Fabrice Jean<\/strong>\n            <\/p><\/blockquote>\n<p class=\" wall-content\">Pour ce qui est des prix, les plats sont affich\u00e9s entre 13 et 32\u00a0euros. Le propri\u00e9taire des lieux indique que le <strong>prix moyen d\u00e9pens\u00e9 par un client est de 30\u00a0euros<\/strong> avec boisson.<\/p>\n<p class=\" wall-content\"><a href=\"https:\/\/www.instagram.com\/p\/DJUjVEsMFAi\/embed\" title=\"Ouvrir le lien sur Instagram\" rel=\"nofollow noopener\" target=\"_blank\">Visualiser le contenu sur Instagram<\/a><\/p>\n<p>Une premi\u00e8re ann\u00e9e id\u00e9ale<\/p>\n<p class=\" wall-content\">Ouvert tous les midis du lundi au samedi et vendredi et samedi soir, le restaurant b\u00e9n\u00e9ficie de \u00ab\u2009tr\u00e8s bons retours des clients.\u2009\u00bb<\/p>\n<p>    <img   decoding=\"async\" loading=\"lazy\" src=\"https:\/\/www.europesays.com\/fr\/wp-content\/uploads\/2025\/07\/fabrice-jean-beluga-960x640.png\" alt=\"Le chef, natif de Nice, est ravi d'avoir ouvert son premier restaurant.\" width=\"960\" height=\"640\"\/><br \/>\n    Le chef, natif de Nice, est ravi d\u2019avoir ouvert son premier restaurant. (\u00a9Ugo Maillard \/ actu Nice)<\/p>\n<p class=\" wall-content\">\u00ab\u2009On d\u00e9marre tr\u00e8s bien, la premi\u00e8re ann\u00e9e est bonne\u2009\u00bb, se r\u00e9jouit Fabrice Jean qui compte s\u00e9duire davantage de Ni\u00e7ois. La salle de <strong>40 couverts<\/strong> de la B\u00e9luga est r\u00e9guli\u00e8rement pleine, c\u2019est pourquoi il est recommand\u00e9 de <a href=\"https:\/\/la-beluga-restaurant-nice.eatbu.com\/?lang=fr&amp;fbclid=PAZXh0bgNhZW0CMTEAAafim2g5jR1Iu_9O48a0tJKxeWgGlplRblyNvjf0za07cWAlXLp7gWwhs-hEHA_aem_eSUvijspkC0MNS2RtpTNOQ\" rel=\"nofollow noopener\" target=\"_blank\">r\u00e9server<\/a>.<\/p>\n<p class=\" wall-content\">\u00c0 noter que la Beluga sera ferm\u00e9 les deux derni\u00e8res semaines d\u2019ao\u00fbt.<\/p>\n<p class=\" wall-content\">Suivez toute l\u2019actualit\u00e9 de vos villes et m\u00e9dias favoris en vous inscrivant \u00e0 <a href=\"https:\/\/moncompte.actu.fr\" title=\"D\u00e9couvez Mon Actu\" rel=\"nofollow noopener\" data-trk=\"{&quot;cta&quot;:{&quot;action&quot;:&quot;https:\\\/\\\/moncompte.actu.fr&quot;,&quot;category&quot;:&quot;mon compte&quot;,&quot;from&quot;:&quot;article footer&quot;,&quot;name&quot;:&quot;Mon actu&quot;,&quot;type&quot;:&quot;cta&quot;}}\" target=\"_blank\">Mon Actu<\/a>.<\/p>\n<p>                    <script async src=\"\/\/www.instagram.com\/embed.js\"><\/script><\/p>\n","protected":false},"excerpt":{"rendered":"Par Ugo Maillard Publi\u00e9 le 26 juil. 2025 \u00e0 9h36 Un lieu tenu par un ni\u00e7ois, pour les&hellip;\n","protected":false},"author":2,"featured_media":274789,"comment_status":"","ping_status":"","sticky":false,"template":"","format":"standard","meta":{"footnotes":""},"categories":[2819],"tags":[1111,11,1777,674,1011,27,1305,12,2401,882,25,1340],"class_list":{"0":"post-274788","1":"post","2":"type-post","3":"status-publish","4":"format-standard","5":"has-post-thumbnail","7":"category-nice","8":"tag-actu","9":"tag-actualites","10":"tag-eu","11":"tag-europe","12":"tag-fr","13":"tag-france","14":"tag-lifestyle","15":"tag-news","16":"tag-nice","17":"tag-provence-alpes-cote-dazur","18":"tag-republique-francaise","19":"tag-restaurant"},"share_on_mastodon":{"url":"https:\/\/pubeurope.com\/@fr\/114918634711619867","error":""},"_links":{"self":[{"href":"https:\/\/www.europesays.com\/fr\/wp-json\/wp\/v2\/posts\/274788","targetHints":{"allow":["GET"]}}],"collection":[{"href":"https:\/\/www.europesays.com\/fr\/wp-json\/wp\/v2\/posts"}],"about":[{"href":"https:\/\/www.europesays.com\/fr\/wp-json\/wp\/v2\/types\/post"}],"author":[{"embeddable":true,"href":"https:\/\/www.europesays.com\/fr\/wp-json\/wp\/v2\/users\/2"}],"replies":[{"embeddable":true,"href":"https:\/\/www.europesays.com\/fr\/wp-json\/wp\/v2\/comments?post=274788"}],"version-history":[{"count":0,"href":"https:\/\/www.europesays.com\/fr\/wp-json\/wp\/v2\/posts\/274788\/revisions"}],"wp:featuredmedia":[{"embeddable":true,"href":"https:\/\/www.europesays.com\/fr\/wp-json\/wp\/v2\/media\/274789"}],"wp:attachment":[{"href":"https:\/\/www.europesays.com\/fr\/wp-json\/wp\/v2\/media?parent=274788"}],"wp:term":[{"taxonomy":"category","embeddable":true,"href":"https:\/\/www.europesays.com\/fr\/wp-json\/wp\/v2\/categories?post=274788"},{"taxonomy":"post_tag","embeddable":true,"href":"https:\/\/www.europesays.com\/fr\/wp-json\/wp\/v2\/tags?post=274788"}],"curies":[{"name":"wp","href":"https:\/\/api.w.org\/{rel}","templated":true}]}}