{"id":274794,"date":"2025-07-26T08:41:10","date_gmt":"2025-07-26T08:41:10","guid":{"rendered":"https:\/\/www.europesays.com\/fr\/274794\/"},"modified":"2025-07-26T08:41:10","modified_gmt":"2025-07-26T08:41:10","slug":"transfert-record-en-vue-pour-nantes-avec-nathan-zeze-attendu-en-arabie-saoudite","status":"publish","type":"post","link":"https:\/\/www.europesays.com\/fr\/274794\/","title":{"rendered":"transfert record en vue pour Nantes, avec Nathan Z\u00e9z\u00e9 attendu en Arabie saoudite"},"content":{"rendered":"<p class=\"mb-4 text-lg md:leading-8 break-words\">Le FC Nantes s&rsquo;appr\u00eate \u00e0 boucler une vente record. D&rsquo;apr\u00e8s <a href=\"https:\/\/www.lequipe.fr\/Football\/Actualites\/Nantes-d-accord-avec-neom-pour-nathan-zeze\/1580848\" rel=\"nofollow noopener\" target=\"_blank\" data-ylk=\"slk:L&#039;Equipe;elm:context_link;itc:0;sec:content-canvas\" class=\"link \">L&rsquo;Equipe<\/a>, le club saoudien de Neom va d\u00e9bourser 20 millions d&rsquo;euros pour recruter le d\u00e9fenseur Nathan Z\u00e9z\u00e9. Form\u00e9 par les Canaris, le joueur de 20 ans, qui vient de disputer l&rsquo;Euro Espoirs avec l&rsquo;\u00e9quipe de France, est sous contrat jusqu&rsquo;en 2028. Un contrat XXL l&rsquo;attendrait.<\/p>\n<p class=\"mb-4 text-lg md:leading-8 break-words\"><a href=\"https:\/\/rmcsport.bfmtv.com\/football\/transferts\/direct-mercato-suivez-en-live-toutes-les-infos-et-rumeurs-du-24-juillet-2025_LN-202507240082.html\" rel=\"nofollow noopener\" target=\"_blank\" data-ylk=\"slk:&gt;&gt; Les infos mercato EN DIRECT;elm:context_link;itc:0;sec:content-canvas\" class=\"link \">&gt;&gt; Les infos mercato EN DIRECT<\/a><\/p>\n<p class=\"mb-4 text-lg md:leading-8 break-words\"><a href=\"https:\/\/fr.news.yahoo.com\/sport\/mercato-l-inter-milan-offre-125441811.html\" data-ylk=\"slk:Nathan Z\u00e9z\u00e9;elm:context_link;itc:0;sec:content-canvas;outcm:mb_qualified_link;_E:mb_qualified_link;ct:story;\" class=\"link  yahoo-link\" rel=\"nofollow noopener\" target=\"_blank\">Nathan Z\u00e9z\u00e9<\/a> reste sur une saison o\u00f9 il a disput\u00e9 18 matchs de Ligue 1. Depuis sa premi\u00e8re apparition le 15 janvier 2023, il comptait 32 matchs en premi\u00e8re division fran\u00e7aise. Le nouvel entra\u00eeneur Luis Castro semblait s\u00e9duit par le jeune joueur mais celui-ci devrait donc \u00e9voluer sous les ordres de <a href=\"https:\/\/fr.news.yahoo.com\/sport\/mercato-christophe-galtier-quitte-qatar-134156639.html\" data-ylk=\"slk:Christophe Galtier;elm:context_link;itc:0;sec:content-canvas;outcm:mb_qualified_link;_E:mb_qualified_link;ct:story;\" class=\"link  yahoo-link\" rel=\"nofollow noopener\" target=\"_blank\">Christophe Galtier<\/a>, en Arabie saoudite.<\/p>\n<p>Nantes a d\u00e9j\u00e0 vendu pour 20 millions cet \u00e9t\u00e9<\/p>\n<p class=\"mb-4 text-lg md:leading-8 break-words\">Promu cette saison en Saudi Pro League, le club de Neom continue de faire son march\u00e9 en Ligue 1 apr\u00e8s les arriv\u00e9es d&rsquo;<a href=\"https:\/\/fr.news.yahoo.com\/sport\/mercato-alexandre-lacazette-rejoint-officiellement-172041206.html\" data-ylk=\"slk:Alexandre Lacazette;elm:context_link;itc:0;sec:content-canvas;outcm:mb_qualified_link;_E:mb_qualified_link;ct:story;\" class=\"link  yahoo-link\" rel=\"nofollow noopener\" target=\"_blank\">Alexandre Lacazette<\/a>, Marcin Bulka, Sa\u00efd Benrahma ou Amadou Kon\u00e9. Villarreal aurait \u00e9galement tent\u00e9 d&rsquo;attirer Z\u00e9z\u00e9 mais l&rsquo;offre saoudienne \u00e9tait sup\u00e9rieure. Le joueur serait lui ouvert \u00e0 un d\u00e9part en Arabie saoudite.<\/p>\n<p class=\"mb-4 text-lg md:leading-8 break-words\">Pour le FC Nantes, la transaction permettrait au club d&rsquo;atteindre les 40 millions d&rsquo;euros de ventes cet \u00e9t\u00e9. Moses Simon, Douglas Augusto, Pedro Chirivella ou Jean-Charles Castelletto ont d\u00e9j\u00e0 quitt\u00e9 le club lors de ce mercato estival. Dans le sens des arriv\u00e9es, les d\u00e9fenseurs Chidozie Awaziem et Uros Radakovic se sont engag\u00e9s, l\u00e0 o\u00f9 Jordan Lepenant a d\u00e9finitivement sign\u00e9 apr\u00e8s son pr\u00eat.<\/p>\n<p class=\"mb-4 text-lg md:leading-8 break-words\"><a href=\"https:\/\/rmcsport.bfmtv.com\/football\/transferts\/mercato-transfert-record-en-vue-pour-nantes-avec-nathan-zeze-attendu-en-arabie-saoudite_AV-202507260118.html#xtor=AL-68\" rel=\"nofollow noopener\" target=\"_blank\" data-ylk=\"slk:Article original publi\u00e9 sur RMC Sport;elm:context_link;itc:0;sec:content-canvas\" class=\"link \">Article original publi\u00e9 sur RMC Sport<\/a><\/p>\n","protected":false},"excerpt":{"rendered":"Le FC Nantes s&rsquo;appr\u00eate \u00e0 boucler une vente record. D&rsquo;apr\u00e8s L&rsquo;Equipe, le club saoudien de Neom va d\u00e9bourser&hellip;\n","protected":false},"author":2,"featured_media":274795,"comment_status":"","ping_status":"","sticky":false,"template":"","format":"standard","meta":{"footnotes":""},"categories":[2818],"tags":[40842,1111,11,41428,41427,13504,13294,1777,674,462,1011,27,22621,6563,24808,14698,13298,766,41425,41424,12,2636,41426,25],"class_list":{"0":"post-274794","1":"post","2":"type-post","3":"status-publish","4":"format-standard","5":"has-post-thumbnail","7":"category-nantes","8":"tag-20-millions","9":"tag-actu","10":"tag-actualites","11":"tag-benrahma","12":"tag-chidozie-awaziem","13":"tag-christophe-galtier","14":"tag-douglas-augusto","15":"tag-eu","16":"tag-europe","17":"tag-fc-nantes","18":"tag-fr","19":"tag-france","20":"tag-lacazette","21":"tag-le-club","22":"tag-lepenant","23":"tag-marcin-bulka","24":"tag-moses-simon","25":"tag-nantes","26":"tag-nathan-zeze","27":"tag-neom","28":"tag-news","29":"tag-pays-de-la-loire","30":"tag-pedro-chirivella","31":"tag-republique-francaise"},"share_on_mastodon":{"url":"https:\/\/pubeurope.com\/@fr\/114918646348594661","error":""},"_links":{"self":[{"href":"https:\/\/www.europesays.com\/fr\/wp-json\/wp\/v2\/posts\/274794","targetHints":{"allow":["GET"]}}],"collection":[{"href":"https:\/\/www.europesays.com\/fr\/wp-json\/wp\/v2\/posts"}],"about":[{"href":"https:\/\/www.europesays.com\/fr\/wp-json\/wp\/v2\/types\/post"}],"author":[{"embeddable":true,"href":"https:\/\/www.europesays.com\/fr\/wp-json\/wp\/v2\/users\/2"}],"replies":[{"embeddable":true,"href":"https:\/\/www.europesays.com\/fr\/wp-json\/wp\/v2\/comments?post=274794"}],"version-history":[{"count":0,"href":"https:\/\/www.europesays.com\/fr\/wp-json\/wp\/v2\/posts\/274794\/revisions"}],"wp:featuredmedia":[{"embeddable":true,"href":"https:\/\/www.europesays.com\/fr\/wp-json\/wp\/v2\/media\/274795"}],"wp:attachment":[{"href":"https:\/\/www.europesays.com\/fr\/wp-json\/wp\/v2\/media?parent=274794"}],"wp:term":[{"taxonomy":"category","embeddable":true,"href":"https:\/\/www.europesays.com\/fr\/wp-json\/wp\/v2\/categories?post=274794"},{"taxonomy":"post_tag","embeddable":true,"href":"https:\/\/www.europesays.com\/fr\/wp-json\/wp\/v2\/tags?post=274794"}],"curies":[{"name":"wp","href":"https:\/\/api.w.org\/{rel}","templated":true}]}}