{"id":274798,"date":"2025-07-26T08:43:14","date_gmt":"2025-07-26T08:43:14","guid":{"rendered":"https:\/\/www.europesays.com\/fr\/274798\/"},"modified":"2025-07-26T08:43:14","modified_gmt":"2025-07-26T08:43:14","slug":"girondins-jouer-contre-la-reserve-du-fc-lorient-montre-le-niveau-de-bordeaux","status":"publish","type":"post","link":"https:\/\/www.europesays.com\/fr\/274798\/","title":{"rendered":"Girondins : \u00ab\u00a0Jouer contre la r\u00e9serve du FC Lorient montre le niveau de Bordeaux\u00a0\u00bb"},"content":{"rendered":"<p><img decoding=\"async\" src=\"https:\/\/www.europesays.com\/fr\/wp-content\/uploads\/2025\/07\/671_6ca9b1093e8e040b4caa4bb5fe77990a.jpg\" alt=\"Girondins : &quot;Jouer contre la r\u00e9serve du FC Lorient montre le niveau de Bordeaux&quot;\" class=\"img-responsive mt-3\"\/><\/p>\n<p class=\"text-center mb-3\" style=\"font-size: 14px\">\u00a9 Iconsport<\/p>\n<p>\u00c9coutez ses propos ou lisez-les :<\/p>\n<p>\u00a0<\/p>\n<p><strong>\u00ab\u00a0C&rsquo;est maintenant \u00e0 Bordeaux de jouer\u00a0\u00bb<\/strong><\/p>\n<p style=\"text-align: justify;\">Samuel Vaslin dans le <a href=\"https:\/\/www.youtube.com\/watch?v=gHLMwoxZfB8&amp;t=1066s\" target=\"_blank\" rel=\"noopener nofollow\">Talk WebGirondins<\/a> : \u00ab\u00a0La r\u00e9serve du FC Lorient ne peut pas monter. Cela veut dire qu&rsquo;il y a d\u00e9j\u00e0 une \u00e9quipe sur les 16 qui n&rsquo;est pas dans la course \u00e0 la mont\u00e9e. Je rajoute que je trouve \u00e7a un peu d\u00e9gradant de jouer contre une r\u00e9serve pro, cela montre aujourd&rsquo;hui le niveau des Girondins. Il sera int\u00e9ressant de voir le r\u00f4le que va jouer Lorient dans le groupe A. Je ne pense pas grand-chose des autres \u00e9quipes de ce groupe, car il \u00e9volue. On voit des concurrents s\u00e9rieux de l&rsquo;an dernier, comme les Herbiers et Saint-Malo. On \u00e9carte Bourges (groupe B), et on se retrouve avec des \u00e9quipes qu&rsquo;on ne connait pas (Bayonne, Angoul\u00eame, Chauray, Montlouis). Il y a aussi de la continuit\u00e9 finalement, car on connait bien certaines \u00e9quipes, c&rsquo;est maintenant \u00e0 Bordeaux de jouer.\u00a0\u00bb<\/p>\n<p>&gt;&gt;\u00a0<strong><a href=\"https:\/\/www.webgirondins.com\/actualite-girondins-n2-outsiders-favoris-promus-decouvrez-les-forces-du-groupe-a-face-aux-girondins-129821\" target=\"_blank\" rel=\"noopener nofollow\">D\u00e9couvrez ici notre s\u00e9rie de podcasts courts sur les effectifs des clubs de National 2 du groupe A.<\/a><\/strong><\/p>\n<p style=\"text-align: justify;\">\u00a0<\/p>\n","protected":false},"excerpt":{"rendered":"\u00a9 Iconsport \u00c9coutez ses propos ou lisez-les : \u00a0 \u00ab\u00a0C&rsquo;est maintenant \u00e0 Bordeaux de jouer\u00a0\u00bb Samuel Vaslin dans&hellip;\n","protected":false},"author":2,"featured_media":274799,"comment_status":"","ping_status":"","sticky":false,"template":"","format":"standard","meta":{"footnotes":""},"categories":[2817],"tags":[1111,11,15927,1997,1444,7687,1777,674,1011,27,1987,2705,5236,2957,1781,15422,12,4072,2219,25,18357,9863,9864],"class_list":{"0":"post-274798","1":"post","2":"type-post","3":"status-publish","4":"format-standard","5":"has-post-thumbnail","7":"category-bordeaux","8":"tag-actu","9":"tag-actualites","10":"tag-avis","11":"tag-bordeaux","12":"tag-contre","13":"tag-donne","14":"tag-eu","15":"tag-europe","16":"tag-fr","17":"tag-france","18":"tag-girondins","19":"tag-groupe","20":"tag-jouer","21":"tag-journaliste","22":"tag-lorient","23":"tag-montre","24":"tag-news","25":"tag-niveau","26":"tag-nouvelle-aquitaine","27":"tag-republique-francaise","28":"tag-reserve","29":"tag-samuel","30":"tag-vaslin"},"share_on_mastodon":{"url":"https:\/\/pubeurope.com\/@fr\/114918654324716413","error":""},"_links":{"self":[{"href":"https:\/\/www.europesays.com\/fr\/wp-json\/wp\/v2\/posts\/274798","targetHints":{"allow":["GET"]}}],"collection":[{"href":"https:\/\/www.europesays.com\/fr\/wp-json\/wp\/v2\/posts"}],"about":[{"href":"https:\/\/www.europesays.com\/fr\/wp-json\/wp\/v2\/types\/post"}],"author":[{"embeddable":true,"href":"https:\/\/www.europesays.com\/fr\/wp-json\/wp\/v2\/users\/2"}],"replies":[{"embeddable":true,"href":"https:\/\/www.europesays.com\/fr\/wp-json\/wp\/v2\/comments?post=274798"}],"version-history":[{"count":0,"href":"https:\/\/www.europesays.com\/fr\/wp-json\/wp\/v2\/posts\/274798\/revisions"}],"wp:featuredmedia":[{"embeddable":true,"href":"https:\/\/www.europesays.com\/fr\/wp-json\/wp\/v2\/media\/274799"}],"wp:attachment":[{"href":"https:\/\/www.europesays.com\/fr\/wp-json\/wp\/v2\/media?parent=274798"}],"wp:term":[{"taxonomy":"category","embeddable":true,"href":"https:\/\/www.europesays.com\/fr\/wp-json\/wp\/v2\/categories?post=274798"},{"taxonomy":"post_tag","embeddable":true,"href":"https:\/\/www.europesays.com\/fr\/wp-json\/wp\/v2\/tags?post=274798"}],"curies":[{"name":"wp","href":"https:\/\/api.w.org\/{rel}","templated":true}]}}