{"id":274806,"date":"2025-07-26T08:48:11","date_gmt":"2025-07-26T08:48:11","guid":{"rendered":"https:\/\/www.europesays.com\/fr\/274806\/"},"modified":"2025-07-26T08:48:11","modified_gmt":"2025-07-26T08:48:11","slug":"un-chauffard-de-17-ans-intercepte-a-plus-de-190km-h-sur-la50","status":"publish","type":"post","link":"https:\/\/www.europesays.com\/fr\/274806\/","title":{"rendered":"Un chauffard de 17 ans intercept\u00e9 \u00e0 plus de 190km\/h sur l&rsquo;A50"},"content":{"rendered":"<p>Pour son permis probatoire, c\u2019est d\u00e9j\u00e0 fini. Un adolescent de 17\u00a0ans, tout juste titulaire d\u2019un permis de conduire probatoire, a \u00e9t\u00e9 intercept\u00e9 \u00e0 plus de 190km\/h sur une portion d\u2019autoroute limit\u00e9e \u00e0 90, dans la nuit du jeudi au vendredi 25\u00a0juillet 2025. Vers 2h du matin, une patrouille de la CRS autorouti\u00e8re Provence post\u00e9e sur l\u2019A50 au niveau de la Penne-sur-Huveaune a vu d\u00e9bouler une Mercedes A180 dans ses jumelles \u00e0 plus de deux fois la vitesse autoris\u00e9e, soit 192km\/h.<\/p>\n<p>Les fonctionnaires ont alors intercept\u00e9 la voiture, d\u00e9couvrant un visage juv\u00e9nile au volant. Le conducteur qui n\u2019\u00e9tait \u00e2g\u00e9 que de 17\u00a0ans, avait emprunt\u00e9 la voiture de sa m\u00e8re pour une vir\u00e9e \u00e0 tombeau ouvert. Loin de se douter que les CRS chassaient encore \u00e0 cette heure avanc\u00e9e de la nuit, le jeune homme, tout juste titulaire d\u2019un permis de conduire probatoire s\u2019est vu retenir le pr\u00e9cieux s\u00e9same sur le champ et la Mercedes a \u00e9galement \u00e9t\u00e9 plac\u00e9e en fourri\u00e8re.<\/p>\n<p>Il fera \u00e9galement l\u2019objet de poursuites judiciaires, car si la vitesse retenue en proc\u00e9dure a \u00e9t\u00e9 rabaiss\u00e9e de 10km\/h, \u00e0 182\u00a0km\/h, elle rel\u00e8ve toujours du grand exc\u00e8s de vitesse (plus de 50km\/h), passible notamment d\u2019une amende de 5e classe et de l\u2019annulation du permis (un retrait de 6 points, soit la totalit\u00e9 en permis probatoire).<\/p>\n","protected":false},"excerpt":{"rendered":"Pour son permis probatoire, c\u2019est d\u00e9j\u00e0 fini. Un adolescent de 17\u00a0ans, tout juste titulaire d\u2019un permis de conduire&hellip;\n","protected":false},"author":2,"featured_media":274807,"comment_status":"","ping_status":"","sticky":false,"template":"","format":"standard","meta":{"footnotes":""},"categories":[2814],"tags":[9080,41430,17,1111,11,1102,4378,1777,674,274,1011,27,41429,884,12,378,882,25,3356],"class_list":{"0":"post-274806","1":"post","2":"type-post","3":"status-publish","4":"format-standard","5":"has-post-thumbnail","7":"category-marseille","8":"tag-17-ans","9":"tag-190km-h","10":"tag-17","11":"tag-actu","12":"tag-actualites","13":"tag-breakingnews","14":"tag-chauffard","15":"tag-eu","16":"tag-europe","17":"tag-faits-divers-justice","18":"tag-fr","19":"tag-france","20":"tag-intercepte","21":"tag-marseille","22":"tag-news","23":"tag-plus","24":"tag-provence-alpes-cote-dazur","25":"tag-republique-francaise","26":"tag-sur"},"share_on_mastodon":{"url":"https:\/\/pubeurope.com\/@fr\/114918673958887252","error":""},"_links":{"self":[{"href":"https:\/\/www.europesays.com\/fr\/wp-json\/wp\/v2\/posts\/274806","targetHints":{"allow":["GET"]}}],"collection":[{"href":"https:\/\/www.europesays.com\/fr\/wp-json\/wp\/v2\/posts"}],"about":[{"href":"https:\/\/www.europesays.com\/fr\/wp-json\/wp\/v2\/types\/post"}],"author":[{"embeddable":true,"href":"https:\/\/www.europesays.com\/fr\/wp-json\/wp\/v2\/users\/2"}],"replies":[{"embeddable":true,"href":"https:\/\/www.europesays.com\/fr\/wp-json\/wp\/v2\/comments?post=274806"}],"version-history":[{"count":0,"href":"https:\/\/www.europesays.com\/fr\/wp-json\/wp\/v2\/posts\/274806\/revisions"}],"wp:featuredmedia":[{"embeddable":true,"href":"https:\/\/www.europesays.com\/fr\/wp-json\/wp\/v2\/media\/274807"}],"wp:attachment":[{"href":"https:\/\/www.europesays.com\/fr\/wp-json\/wp\/v2\/media?parent=274806"}],"wp:term":[{"taxonomy":"category","embeddable":true,"href":"https:\/\/www.europesays.com\/fr\/wp-json\/wp\/v2\/categories?post=274806"},{"taxonomy":"post_tag","embeddable":true,"href":"https:\/\/www.europesays.com\/fr\/wp-json\/wp\/v2\/tags?post=274806"}],"curies":[{"name":"wp","href":"https:\/\/api.w.org\/{rel}","templated":true}]}}