{"id":274810,"date":"2025-07-26T08:50:12","date_gmt":"2025-07-26T08:50:12","guid":{"rendered":"https:\/\/www.europesays.com\/fr\/274810\/"},"modified":"2025-07-26T08:50:12","modified_gmt":"2025-07-26T08:50:12","slug":"accident-sur-la6-bouchons-sur-la7-ca-coince-de-part-et-dautre-de-lyon","status":"publish","type":"post","link":"https:\/\/www.europesays.com\/fr\/274810\/","title":{"rendered":"accident sur l&rsquo;A6, bouchons sur l&rsquo;A7&#8230; \u00e7a coince de part et d&rsquo;autre de Lyon"},"content":{"rendered":"<p>Circulation tr\u00e8s difficile. C&rsquo;est ce que pr\u00e9voyez Bison Fut\u00e9 en classant rouge la journ\u00e9e de ce samedi dans le sens des d\u00e9parts.<\/p>\n<p>Et c&rsquo;est bien le cas, notamment au sud de Lyon, sur l&rsquo;autoroute du soleil, d\u00e9j\u00e0 bien emprunt\u00e9e \u00e0 10h30.<\/p>\n<p>3h40 pour rallier Orange depuis Lyon \u00e0 9h30<\/p>\n<p>Il \u00e9tait conseill\u00e9 d&rsquo;\u00e9viter l&rsquo;A7 entre Lyon et Orange, de 6 \u00e0 18 heures, et entre Orange et Marseille, de 10 \u00e0 19 heures. \u00c0 9h30 il fallait d\u00e9j\u00e0 pr\u00e8s de 3h40 pour rejoindre Orange depuis Lyon au lieu des 1h35 habituelles.\u00a0<\/p>\n<p>Plus au nord, sur l&rsquo;A6, le trafic est aussi tr\u00e8s dense aux abords du <a href=\"https:\/\/www.leprogres.fr\/rhone-69\/2019\/07\/30\/l-histoire-du-tunnel-sous-fourviere-de-1967-a-aujourd-hui\" target=\"_blank\" rel=\"noopener\">tunnel de Fourvi\u00e8re<\/a>. Un accident sans gravit\u00e9, survenu \u00e0 Villefranche-sur-Sa\u00f4ne peu apr\u00e8s 10 heures, n&rsquo;a pas aid\u00e9 les choses, un bouchon s&rsquo;\u00e9tant form\u00e9 en amont depuis Arnas, d\u00fb \u00e0 une r\u00e9duction des voies le temps de l&rsquo;intervention.\u00a0<\/p>\n","protected":false},"excerpt":{"rendered":"Circulation tr\u00e8s difficile. C&rsquo;est ce que pr\u00e9voyez Bison Fut\u00e9 en classant rouge la journ\u00e9e de ce samedi dans&hellip;\n","protected":false},"author":2,"featured_media":274811,"comment_status":"","ping_status":"","sticky":false,"template":"","format":"standard","meta":{"footnotes":""},"categories":[1889],"tags":[1111,11,2430,3542,3152,2757,3154,3156,1777,674,1011,27,2428,12,25,2429,1097,2803],"class_list":{"0":"post-274810","1":"post","2":"type-post","3":"status-publish","4":"format-standard","5":"has-post-thumbnail","7":"category-lyon","8":"tag-actu","9":"tag-actualites","10":"tag-auvergne-rhone-alpes","11":"tag-circulation","12":"tag-edition-est-lyonnais","13":"tag-edition-lyon-villeurbanne","14":"tag-edition-sud-lyonnais","15":"tag-edition-villefranche","16":"tag-eu","17":"tag-europe","18":"tag-fr","19":"tag-france","20":"tag-lyon","21":"tag-news","22":"tag-republique-francaise","23":"tag-rhone","24":"tag-trafic","25":"tag-transport"},"share_on_mastodon":{"url":"https:\/\/pubeurope.com\/@fr\/114918681723046685","error":""},"_links":{"self":[{"href":"https:\/\/www.europesays.com\/fr\/wp-json\/wp\/v2\/posts\/274810","targetHints":{"allow":["GET"]}}],"collection":[{"href":"https:\/\/www.europesays.com\/fr\/wp-json\/wp\/v2\/posts"}],"about":[{"href":"https:\/\/www.europesays.com\/fr\/wp-json\/wp\/v2\/types\/post"}],"author":[{"embeddable":true,"href":"https:\/\/www.europesays.com\/fr\/wp-json\/wp\/v2\/users\/2"}],"replies":[{"embeddable":true,"href":"https:\/\/www.europesays.com\/fr\/wp-json\/wp\/v2\/comments?post=274810"}],"version-history":[{"count":0,"href":"https:\/\/www.europesays.com\/fr\/wp-json\/wp\/v2\/posts\/274810\/revisions"}],"wp:featuredmedia":[{"embeddable":true,"href":"https:\/\/www.europesays.com\/fr\/wp-json\/wp\/v2\/media\/274811"}],"wp:attachment":[{"href":"https:\/\/www.europesays.com\/fr\/wp-json\/wp\/v2\/media?parent=274810"}],"wp:term":[{"taxonomy":"category","embeddable":true,"href":"https:\/\/www.europesays.com\/fr\/wp-json\/wp\/v2\/categories?post=274810"},{"taxonomy":"post_tag","embeddable":true,"href":"https:\/\/www.europesays.com\/fr\/wp-json\/wp\/v2\/tags?post=274810"}],"curies":[{"name":"wp","href":"https:\/\/api.w.org\/{rel}","templated":true}]}}