{"id":274813,"date":"2025-07-26T08:55:09","date_gmt":"2025-07-26T08:55:09","guid":{"rendered":"https:\/\/www.europesays.com\/fr\/274813\/"},"modified":"2025-07-26T08:55:09","modified_gmt":"2025-07-26T08:55:09","slug":"un-sdf-entre-la-vie-et-la-mort-apres-avoir-ete-poignarde-a-la-carotide-par-un-autre-sdf","status":"publish","type":"post","link":"https:\/\/www.europesays.com\/fr\/274813\/","title":{"rendered":"un SDF entre la vie et la mort apr\u00e8s avoir \u00e9t\u00e9 poignard\u00e9 \u00e0 la carotide par un autre SDF"},"content":{"rendered":"<p>            Par<br \/>\n        <strong><br \/>\n            <a href=\"https:\/\/actu.fr\/auteur\/antoine-grotteria02\" title=\"Consulter tous les articles de Antoine Grotteria\" rel=\"nofollow noopener\" target=\"_blank\">Antoine Grotteria<\/a><br \/>\n        <\/strong><\/p>\n<p>        Publi\u00e9 le<\/p>\n<p>            26 juil. 2025 \u00e0 10h11        <\/p>\n<p>Une <strong>histoire de jalousie<\/strong> qui se termine mal. Jeudi 24\u00a0juillet, une <strong>bagarre<\/strong> a eu lieu entre deux <strong>sans domicile fixe<\/strong> \u00e0 la<a href=\"https:\/\/actu.fr\/ile-de-france\/paris_75056\/paris-un-incendie-ravage-un-appartement-pres-de-la-porte-de-saint-ouen-le-quartier-boucle_62631965.html\" rel=\"nofollow noopener\" target=\"_blank\"> porte de Saint-Ouen<\/a>, dans le 18e arrondissement de <a href=\"https:\/\/actu.fr\/paris\/\" rel=\"nofollow noopener\" target=\"_blank\">Paris<\/a>. L\u2019un d\u2019eux a port\u00e9 un coup de couteau \u00e0 l\u2019autre au niveau de la carotide. Le parquet a indiqu\u00e9 \u00e0 actu Paris, vendredi 25\u00a0juillet, que \u00ab<strong>\u2009son pronostic vital<\/strong> a \u00e9t\u00e9 engag\u00e9\u2009\u00bb. \u00c0 l\u2019heure o\u00f9 nous \u00e9crivons ces lignes, son \u00e9tat demeure inconnu.<\/p>\n<p>Un homme de 32\u00a0ans plac\u00e9 en garde \u00e0 vue<\/p>\n<p class=\" wall-content\">Les faits se sont d\u00e9roul\u00e9s dans la soir\u00e9e, vers 20 heures. \u00ab\u2009Dans un contexte de jalousie sentimentale\u2009\u00bb, les deux hommes se sont livr\u00e9s \u00e0 une bagarre. Les choses se sont rapidement <strong>envenim\u00e9es<\/strong>, avec l\u2019intervention d\u2019un couteau. Si bien que les secours ont pris en charge un homme touch\u00e9 \u00e0 une art\u00e8re vitale.<\/p>\n<p class=\" wall-content\">L\u2019auteur pr\u00e9sum\u00e9 du coup de couteau, un homme de 32 ans n\u00e9 en \u00c9gypte, a \u00e9t\u00e9 <strong>plac\u00e9 en garde \u00e0 vue<\/strong>, indique le parquet. D\u00e9sormais, l\u2019enqu\u00eate pour <strong>tentative de meurtre<\/strong> devra faire la lumi\u00e8re sur le d\u00e9roul\u00e9 et les circonstances de cette bagarre. Elle a \u00e9t\u00e9 confi\u00e9e au 2\u00e8me district de la police judiciaire.<\/p>\n<p class=\" wall-content\">Suivez toute l\u2019actualit\u00e9 de vos villes et m\u00e9dias favoris en vous inscrivant \u00e0 <a href=\"https:\/\/moncompte.actu.fr\" title=\"D\u00e9couvez Mon Actu\" rel=\"nofollow noopener\" data-trk=\"{&quot;cta&quot;:{&quot;action&quot;:&quot;https:\\\/\\\/moncompte.actu.fr&quot;,&quot;category&quot;:&quot;mon compte&quot;,&quot;from&quot;:&quot;article footer&quot;,&quot;name&quot;:&quot;Mon actu&quot;,&quot;type&quot;:&quot;cta&quot;}}\" target=\"_blank\">Mon Actu<\/a>.<\/p>\n","protected":false},"excerpt":{"rendered":"Par Antoine Grotteria Publi\u00e9 le 26 juil. 2025 \u00e0 10h11 Une histoire de jalousie qui se termine mal.&hellip;\n","protected":false},"author":2,"featured_media":274814,"comment_status":"","ping_status":"","sticky":false,"template":"","format":"standard","meta":{"footnotes":""},"categories":[1888],"tags":[1111,1928,11,1927,1777,674,118,1011,27,100,12,1926,626,1925,1072,25],"class_list":{"0":"post-274813","1":"post","2":"type-post","3":"status-publish","4":"format-standard","5":"has-post-thumbnail","7":"category-paris","8":"tag-actu","9":"tag-actu-paris","10":"tag-actualites","11":"tag-actualites-paris","12":"tag-eu","13":"tag-europe","14":"tag-faits-divers","15":"tag-fr","16":"tag-france","17":"tag-hopital","18":"tag-news","19":"tag-news-paris","20":"tag-paris","21":"tag-paris-news","22":"tag-police","23":"tag-republique-francaise"},"share_on_mastodon":{"url":"https:\/\/pubeurope.com\/@fr\/114918701378762578","error":""},"_links":{"self":[{"href":"https:\/\/www.europesays.com\/fr\/wp-json\/wp\/v2\/posts\/274813","targetHints":{"allow":["GET"]}}],"collection":[{"href":"https:\/\/www.europesays.com\/fr\/wp-json\/wp\/v2\/posts"}],"about":[{"href":"https:\/\/www.europesays.com\/fr\/wp-json\/wp\/v2\/types\/post"}],"author":[{"embeddable":true,"href":"https:\/\/www.europesays.com\/fr\/wp-json\/wp\/v2\/users\/2"}],"replies":[{"embeddable":true,"href":"https:\/\/www.europesays.com\/fr\/wp-json\/wp\/v2\/comments?post=274813"}],"version-history":[{"count":0,"href":"https:\/\/www.europesays.com\/fr\/wp-json\/wp\/v2\/posts\/274813\/revisions"}],"wp:featuredmedia":[{"embeddable":true,"href":"https:\/\/www.europesays.com\/fr\/wp-json\/wp\/v2\/media\/274814"}],"wp:attachment":[{"href":"https:\/\/www.europesays.com\/fr\/wp-json\/wp\/v2\/media?parent=274813"}],"wp:term":[{"taxonomy":"category","embeddable":true,"href":"https:\/\/www.europesays.com\/fr\/wp-json\/wp\/v2\/categories?post=274813"},{"taxonomy":"post_tag","embeddable":true,"href":"https:\/\/www.europesays.com\/fr\/wp-json\/wp\/v2\/tags?post=274813"}],"curies":[{"name":"wp","href":"https:\/\/api.w.org\/{rel}","templated":true}]}}