{"id":274815,"date":"2025-07-26T08:56:21","date_gmt":"2025-07-26T08:56:21","guid":{"rendered":"https:\/\/www.europesays.com\/fr\/274815\/"},"modified":"2025-07-26T08:56:21","modified_gmt":"2025-07-26T08:56:21","slug":"ces-jeux-de-paris-etaient-exceptionnels-et-on-ne-revivra-jamais-cela-souffle-son-directeur-executif-christophe-dubi","status":"publish","type":"post","link":"https:\/\/www.europesays.com\/fr\/274815\/","title":{"rendered":"\u00abCes Jeux de Paris \u00e9taient exceptionnels et on ne revivra jamais cela\u00bb, souffle son directeur ex\u00e9cutif Christophe Dubi"},"content":{"rendered":"<p><strong>ENTRETIEN &#8211;<\/strong> Le directeur ex\u00e9cutif des Jeux olympiques au sein du CIO est revenu sur la r\u00e9ussite et l\u2019h\u00e9ritage laiss\u00e9 par Paris 2024, qu\u2019il \u00e9rige en \u00abexemple \u00e0 suivre\u00bb.<\/p>\n<p class=\"fig-paragraph\"><strong>LE FIGARO &#8211; Un sondage r\u00e9cent fait \u00e9tat de 75% des personnes interrog\u00e9es qui aimeraient, d\u00e9j\u00e0, revivre des Jeux \u00e0 Paris. Est-ce aussi votre cas\u00a0?<\/strong><br \/><strong>Christophe Dubi\u00a0:<\/strong> Qu\u2019on soit bien clair, ces\u00a0<a href=\"http:\/\/www.lefigaro.fr\/sports\/jeux-olympiques\/ses-souvenirs-de-paris-2024-les-jo-de-los-angeles-son-avenir-les-confidences-de-tony-estanguet-au-figaro-20250725\" data-fig-type=\"NewsFlash\" data-gtm-custom-categorie=\"navigation\" data-gtm-custom-action=\"crossclick\" data-gtm-custom-label=\"Contextuel\" data-gtm-event=\"customEventSPE\" data-fig-domain=\"LEFIGARO\" target=\"_blank\" rel=\"noopener\">Jeux de Paris \u00e9taient exceptionnels et on ne revivra jamais cela<\/a>. On vivra les Alpes fran\u00e7aises en 2030, on va vibrer avant avec Milan-Cortina en f\u00e9vrier 2026, on va adorer Los Angeles, mais Paris 2024 restera unique. On ne reviendra pas en arri\u00e8re, c\u2019est une certitude. Maintenant, si on se projette dix ans avant les JO 2024, au moment o\u00f9 nous \u00e9tions sur notre fameux agenda 2020, on peut dire que ces Jeux ont probablement d\u00e9pass\u00e9 toutes les ambitions qu\u2019on pouvait nourrir \u00e0 ce moment-l\u00e0.<a href=\"http:\/\/www.lefigaro.fr\/sports\/jeux-olympiques\/ses-souvenirs-de-paris-2024-les-jo-de-los-angeles-son-avenir-les-confidences-de-tony-estanguet-au-figaro-20250725\" data-fig-type=\"NewsFlash\" data-gtm-custom-categorie=\"navigation\" data-gtm-custom-action=\"crossclick\" data-gtm-custom-label=\"Contextuel\" data-gtm-event=\"customEventSPE\" data-fig-domain=\"LEFIGARO\" target=\"_blank\" rel=\"noopener\">\u00a0Paris 2024\u00a0<\/a>restera un v\u00e9ritable marqueur dans le temps et on y reviendra toujours avec nos souvenirs, avec cette imagerie incroyable que les Jeux ont laiss\u00e9e, avec ce sentiment qu\u2019ils ont \u00e9t\u00e9 utiles, intelligents. Et j\u2019aimerais, dans le futur, vibrer autant qu\u2019on a pu vibrer au moment de Paris, avoir la m\u00eame\u2026<\/p>\n<p class=\"fig-premium-paywall__infos\">\n        Cet article est r\u00e9serv\u00e9 aux abonn\u00e9s.        Il vous reste 91% \u00e0 d\u00e9couvrir.\n    <\/p>\n<p>                <img  data- alt=\"Le Figaro\" class=\"fig-img--complete fig-img\"\/><\/p>\n<p class=\"fig-premium-paywall__title\">Vous avez envie de lire la suite ?<\/p>\n<p class=\"fig-premium-paywall__subtitle\">D\u00e9bloquez tous les articles imm\u00e9diatement.<\/p>\n<p class=\"fig-premium-paywall__connect\">\n                D\u00e9j\u00e0 abonn\u00e9\u00a0?                <a class=\"fig-premium-paywall__connect-link\" href=\"https:\/\/connect.lefigaro.fr\/login?client=horizon_web&amp;type=main&amp;redirect_uri=https%3A%2F%2Fwww.lefigaro.fr%2Fsports%2Fjeux-olympiques%2Fchristophe-dubi-ces-jeux-de-paris-etaient-exceptionnels-et-on-ne-revivra-jamais-cela-20250725\" data-js-gtm=\"{&quot;customCategorie&quot;: &quot;conversion&quot;, &quot;customAction&quot;: &quot;before_Landing_Connexion_paywall_auto&quot;, &quot;customLabel&quot;: &quot;bGVmaWdhcm8uZnJfXzFmMDY3MGI3LTIwYWItNmY3OC1hMjlmLWZmNzM3MDg1ZGM4MV9fTmV3c0ZsYXNo_\u00abCes Jeux de Paris \u00e9taient exceptionnels et on ne revivra jamais cela\u00bb, souffle son directeur ex\u00e9cutif Christophe Dubi_1000&quot;, &quot;customIDSPE&quot;: &quot;bGVmaWdhcm8uZnJfXzFmMDY3MGI3LTIwYWItNmY3OC1hMjlmLWZmNzM3MDg1ZGM4MV9fTmV3c0ZsYXNo&quot;, &quot;event&quot;: &quot;customEventSPE&quot;}\" target=\"_blank\" rel=\"noopener\"><br \/>\n                    Connectez-vous<br \/>\n                <\/a>\n            <\/p>\n","protected":false},"excerpt":{"rendered":"ENTRETIEN &#8211; Le directeur ex\u00e9cutif des Jeux olympiques au sein du CIO est revenu sur la r\u00e9ussite et&hellip;\n","protected":false},"author":2,"featured_media":274816,"comment_status":"","ping_status":"","sticky":false,"template":"","format":"standard","meta":{"footnotes":""},"categories":[1888],"tags":[1111,1928,11,1927,1777,674,1011,27,7941,12,1926,626,1925,25],"class_list":{"0":"post-274815","1":"post","2":"type-post","3":"status-publish","4":"format-standard","5":"has-post-thumbnail","7":"category-paris","8":"tag-actu","9":"tag-actu-paris","10":"tag-actualites","11":"tag-actualites-paris","12":"tag-eu","13":"tag-europe","14":"tag-fr","15":"tag-france","16":"tag-jo-paris-2024","17":"tag-news","18":"tag-news-paris","19":"tag-paris","20":"tag-paris-news","21":"tag-republique-francaise"},"share_on_mastodon":{"url":"https:\/\/pubeurope.com\/@fr\/114918705351111998","error":""},"_links":{"self":[{"href":"https:\/\/www.europesays.com\/fr\/wp-json\/wp\/v2\/posts\/274815","targetHints":{"allow":["GET"]}}],"collection":[{"href":"https:\/\/www.europesays.com\/fr\/wp-json\/wp\/v2\/posts"}],"about":[{"href":"https:\/\/www.europesays.com\/fr\/wp-json\/wp\/v2\/types\/post"}],"author":[{"embeddable":true,"href":"https:\/\/www.europesays.com\/fr\/wp-json\/wp\/v2\/users\/2"}],"replies":[{"embeddable":true,"href":"https:\/\/www.europesays.com\/fr\/wp-json\/wp\/v2\/comments?post=274815"}],"version-history":[{"count":0,"href":"https:\/\/www.europesays.com\/fr\/wp-json\/wp\/v2\/posts\/274815\/revisions"}],"wp:featuredmedia":[{"embeddable":true,"href":"https:\/\/www.europesays.com\/fr\/wp-json\/wp\/v2\/media\/274816"}],"wp:attachment":[{"href":"https:\/\/www.europesays.com\/fr\/wp-json\/wp\/v2\/media?parent=274815"}],"wp:term":[{"taxonomy":"category","embeddable":true,"href":"https:\/\/www.europesays.com\/fr\/wp-json\/wp\/v2\/categories?post=274815"},{"taxonomy":"post_tag","embeddable":true,"href":"https:\/\/www.europesays.com\/fr\/wp-json\/wp\/v2\/tags?post=274815"}],"curies":[{"name":"wp","href":"https:\/\/api.w.org\/{rel}","templated":true}]}}