{"id":274824,"date":"2025-07-26T09:01:11","date_gmt":"2025-07-26T09:01:11","guid":{"rendered":"https:\/\/www.europesays.com\/fr\/274824\/"},"modified":"2025-07-26T09:01:11","modified_gmt":"2025-07-26T09:01:11","slug":"donald-trump-est-arrive-en-ecosse-pour-un-sejour-melant-golf-diplomatie-et-commerce","status":"publish","type":"post","link":"https:\/\/www.europesays.com\/fr\/274824\/","title":{"rendered":"Donald Trump est arriv\u00e9 en Ecosse pour un s\u00e9jour m\u00ealant golf, diplomatie et commerce"},"content":{"rendered":"<p>                          <img loading=\"lazy\" decoding=\"async\" src=\"https:\/\/www.europesays.com\/fr\/wp-content\/uploads\/2025\/07\/bca2dab_ftp-import-images-1-izhvuhzz1kbu-c88df5332780411e927c218da4498061-1-0b695f2864bc4c6387be661d.jpeg\" alt=\"Des forces sp\u00e9ciales de police se tiennent sur un toit pour surveiller le terrain de golf Trump Turnberry, \u00e0 Turnberry\u00a0(Ecosse), le 26\u00a0juillet 2025.\"   width=\"664\" height=\"443\"\/>    Des forces sp\u00e9ciales de police se tiennent sur un toit pour surveiller le terrain de golf Trump Turnberry, \u00e0 Turnberry\u00a0(Ecosse), le 26\u00a0juillet 2025.  ALASTAIR GRANT\/AP                   <\/p>\n<p class=\"article__paragraph  \">Donald Trump est arriv\u00e9 vendredi 25\u00a0juillet pour un week-end prolong\u00e9 en Ecosse, qui doit m\u00ealer golf, diplomatie et n\u00e9gociations commerciales, un important dispositif de s\u00e9curit\u00e9 ayant \u00e9t\u00e9 d\u00e9ploy\u00e9 en pr\u00e9vision de manifestations. \u00ab\u00a0Je suis en Ecosse maintenant. Beaucoup de r\u00e9unions pr\u00e9vues\u00a0!!!\u00a0\u00bb, a annonc\u00e9 le pr\u00e9sident am\u00e9ricain sur son r\u00e9seau, Truth Social.<\/p>\n<p>                                     Lire aussi |  <a href=\"https:\/\/www.lemonde.fr\/international\/article\/2025\/07\/22\/le-wall-street-journal-se-voit-retirer-son-accreditation-pour-le-voyage-de-donald-trump-en-ecosse-apres-un-article-sur-la-relation-entre-le-president-americain-et-jeffrey-epstein_6622879_3210.html\" class=\"js-article-read-also catcher--favoris__link\" data-premium=\"\" id=\"article-title-3432342\" rel=\"nofollow noopener\" target=\"_blank\">Affaire Epstein\u00a0: le \u00ab\u00a0Wall Street Journal\u00a0\u00bb se voit retirer son accr\u00e9ditation pour le voyage de Donald Trump en Ecosse<\/a>    <\/p>\n<p>   Lire plus tard  <\/p>\n<p class=\"article__paragraph  \">Apr\u00e8s son arriv\u00e9e \u00e0 bord de l\u2019avion pr\u00e9sidentiel, Air Force One, en d\u00e9but de soir\u00e9e \u00e0 l\u2019a\u00e9roport de Prestwick, au sud-ouest de Glasgow, Donald Trump s\u2019est rendu \u00e0 Turnberry, dans un des deux complexes de golf \u00e9cossais appartenant \u00e0 l\u2019entreprise familiale dirig\u00e9e par ses fils.<\/p>\n<p class=\"article__paragraph  \">L\u2019agenda officiel du pr\u00e9sident am\u00e9ricain est vide samedi. Il doit rencontrer dimanche la pr\u00e9sidente de la Commission europ\u00e9enne, Ursula von der Leyen, <a href=\"https:\/\/www.lemonde.fr\/economie\/article\/2025\/07\/24\/droits-de-douane-l-union-europeenne-valide-des-represailles-a-93-milliards-d-euros-en-cas-d-echec-des-negociations-avec-les-etats-unis_6623458_3234.html\" rel=\"nofollow noopener\" target=\"_blank\">qui esp\u00e8re obtenir un accord au sujet des droits de douane<\/a>. Une perspective que le pr\u00e9sident am\u00e9ricain a jug\u00e9 possible \u00e0 \u00ab\u00a050-50\u00a0\u00bb.<\/p>\n<p class=\"article__paragraph  \">La police \u00e9cossaise, qui se pr\u00e9pare \u00e0 des manifestations, a annonc\u00e9 la mise en place d\u2019une \u00ab\u00a0op\u00e9ration d\u2019envergure \u00e0 travers tout le pays pendant plusieurs jours\u00a0\u00bb.<\/p>\n<p>             Un golf avec Keir Starmer             <\/p>\n<p class=\"article__paragraph  \">Avant de repartir pour Washington, Donald Trump s\u2019arrachera aussi aux greens pour une rencontre, dont les d\u00e9tails ne sont pas connus, avec le premier ministre britannique, Keir Starmer. Ce dernier, qui ne passe pas pour \u00eatre f\u00e9ru de golf, cherchera surtout \u00e0 maintenir l\u2019entente entre leurs deux pays, <a href=\"https:\/\/www.lemonde.fr\/economie\/article\/2025\/06\/30\/au-royaume-uni-l-accord-sur-les-droits-de-douane-reduits-sur-les-exportations-vers-les-etats-unis-entre-en-vigueur_6616904_3234.html\" rel=\"nofollow noopener\" target=\"_blank\">apr\u00e8s avoir jusqu\u2019ici \u00e9vit\u00e9 que le Royaume-Uni ne soit frapp\u00e9 de droits de douane exorbitants<\/a>.<\/p>\n<p class=\"article__paragraph  \">Les Etats-Unis et le Royaume-Uni ont en effet annonc\u00e9 en mai un accord commercial, mais Londres s\u2019inqui\u00e8te de la volont\u00e9 exprim\u00e9e par Donald Trump de le \u00ab\u00a0peaufiner\u00a0\u00bb. A son arriv\u00e9e en Ecosse, le pr\u00e9sident am\u00e9ricain a toutefois affirm\u00e9 que l\u2019heure serait \u00e0 la \u00ab\u00a0c\u00e9l\u00e9bration\u00a0\u00bb. \u00ab\u00a0L\u2019accord est conclu\u00a0\u00bb avec Londres, a-t-il insist\u00e9, ajoutant que les deux dirigeants parleraient \u00ab\u00a0d\u2019autres choses\u00a0\u00bb.<\/p>\n<p>                                Lire aussi |  Article r\u00e9serv\u00e9 \u00e0 nos abonn\u00e9s  <a href=\"https:\/\/www.lemonde.fr\/economie\/article\/2025\/05\/08\/les-etats-unis-signent-un-premier-accord-douanier-avec-le-royaume-uni_6604078_3234.html\" class=\"js-article-read-also catcher--favoris__link\" data-premium=\"1\" id=\"article-title-3421656\" rel=\"nofollow noopener\" target=\"_blank\">Les Etats-Unis signent un premier accord douanier avec le Royaume-Uni<\/a>    <\/p>\n<p>   Lire plus tard  <\/p>\n<p class=\"article__paragraph  \">Avant son d\u00e9part de Washington, il a n\u00e9anmoins sembl\u00e9 doucher les espoirs britanniques d\u2019obtenir des droits de douane durablement r\u00e9duits sur l\u2019acier et l\u2019aluminium. \u00ab\u00a0Si je le fais pour un, je devrais le faire pour tous\u00a0\u00bb, a justifi\u00e9 Donald Trump.<\/p>\n<p class=\"article__paragraph  \">En Ecosse, la guerre dans la bande de Gaza sera sans doute \u00e9galement au menu des discussions, au moment o\u00f9 le premier ministre travailliste est appel\u00e9 par plus de 220 d\u00e9put\u00e9s \u00e0 embo\u00eeter le pas au pr\u00e9sident fran\u00e7ais, Emmanuel Macron, pour reconna\u00eetre l\u2019Etat de Palestine.<\/p>\n<p>             Donald Trump tance l\u2019Europe sur l\u2019immigration             <\/p>\n<p class=\"article__paragraph  \">A son arriv\u00e9e, M.\u00a0Trump a \u00e9galement \u00e9voqu\u00e9 l\u2019immigration en Europe, appelant les pays europ\u00e9ens \u00ab\u00a0\u00e0 se ressaisir\u00a0\u00bb et \u00e0 \u00ab\u00a0mettre un terme \u00e0 cette horrible invasion\u00a0\u00bb, en prenant exemple sur sa propre politique d\u2019expulsions de sans-papiers.<\/p>\n<p> Le Monde M\u00e9morable  <\/p>\n<p> <a href=\"https:\/\/www.lemonde.fr\/memorable\/?rfextension=inread\" class=\"inread__link js-services-inread-link\" target=\"_blank\" rel=\"nofollow noopener\">  <\/p>\n<p>Testez votre culture g\u00e9n\u00e9rale avec la r\u00e9daction du \u00ab Monde \u00bb<\/p>\n<p>Testez votre culture g\u00e9n\u00e9rale avec la r\u00e9daction du \u00ab Monde \u00bb<\/p>\n<p>D\u00e9couvrir<\/p>\n<p> <\/a>         <\/p>\n<p class=\"article__paragraph  \">\u00ab\u00a0Sinon l\u2019Europe n\u2019existera plus. Nous, comme vous le savez, personne n\u2019est entr\u00e9 dans le pays le mois dernier. Personne. Nous avons ferm\u00e9 les fronti\u00e8res. Mais vous, vous laissez cela se produire, a-t-il lanc\u00e9 sur le tarmac de l\u2019a\u00e9roport de Prestwick. Certains dirigeants n\u2019ont pas laiss\u00e9 cela se produire, et ils ne sont pas appr\u00e9ci\u00e9s \u00e0 leur juste valeur. Je ne les nommerai pas pour ne pas embarrasser les autres\u00a0\u00bb.<\/p>\n<p>                                Lire aussi |  Article r\u00e9serv\u00e9 \u00e0 nos abonn\u00e9s  <a href=\"https:\/\/www.lemonde.fr\/international\/article\/2025\/07\/20\/comment-la-police-de-l-immigration-a-redessine-les-contours-des-quartiers-populaires-de-los-angeles_6622407_3210.html\" class=\"js-article-read-also catcher--favoris__link\" data-premium=\"1\" id=\"article-title-3431612\" rel=\"nofollow noopener\" target=\"_blank\">Comment la police de l\u2019immigration a redessin\u00e9 les contours des quartiers populaires de Los Angeles<\/a>    <\/p>\n<p>   Lire plus tard  <\/p>\n<p class=\"article__paragraph  \">En traversant l\u2019Atlantique, Donald Trump sera \u00e0 distance, au moins g\u00e9ographiquement, des rebondissements de <a href=\"https:\/\/www.lemonde.fr\/international\/article\/2025\/07\/25\/affaire-jeffrey-epstein-deuxieme-jour-d-interrogatoire-de-la-complice-du-delinquant-sexuel_6623895_3210.html\" rel=\"nofollow noopener\" target=\"_blank\">la tr\u00e8s embarrassante affaire Jeffrey Epstein<\/a>, un riche financier accus\u00e9 de crimes sexuels, mort en prison en\u00a02019 avant son proc\u00e8s. En Ecosse, il a assur\u00e9 n\u2019avoir jamais \u00e9t\u00e9 \u00ab\u00a0inform\u00e9\u00a0\u00bb que son nom figurait dans les dossiers judiciaires li\u00e9s \u00e0 l\u2019ancien financier.<\/p>\n<p class=\"article__paragraph  \">Cette visite priv\u00e9e de Donald Trump sera suivie d\u2019un retour au Royaume-Uni en septembre, pour une visite d\u2019Etat \u00e0 l\u2019invitation du roi Charles\u00a0III, s\u2019annon\u00e7ant fastueuse. Il avait assur\u00e9 au cours d\u2019une pr\u00e9c\u00e9dente visite, en\u00a02023, se sentir \u00ab\u00a0\u00e0 la maison\u00a0\u00bb en Ecosse, o\u00f9 a grandi sa m\u00e8re, Mary Anne MacLeod, avant d\u2019\u00e9migrer \u00e0 18\u00a0ans vers les Etats-Unis.<\/p>\n<p>             Des manifestations pr\u00e9vues samedi             <\/p>\n<p class=\"article__paragraph  \">Son affection n\u2019est pas forc\u00e9ment r\u00e9ciproque\u00a0: des manifestations sont pr\u00e9vues samedi \u00e0 Edimbourg et \u00e0 Aberdeen, ainsi qu\u2019\u00e0 proximit\u00e9 de ses golfs, pour protester contre sa pr\u00e9sence. En\u00a02018, sa pr\u00e9c\u00e9dente visite \u00e0 Turnberry avait pouss\u00e9 des milliers de personnes \u00e0 manifester \u00e0 Glasgow et \u00e0 Edimbourg.<\/p>\n<p class=\"article__paragraph  \">Le premier ministre \u00e9cossais, John Swinney, a annonc\u00e9 qu\u2019il rencontrerait Donald Trump pendant sa visite, soulignant que l\u2019Ecosse \u00ab\u00a0entretient une amiti\u00e9 solide avec les Etats-Unis depuis des si\u00e8cles\u00a0\u00bb.<\/p>\n<p class=\"article__paragraph  \">La construction d\u2019un nouveau parcours par le groupe aujourd\u2019hui dirig\u00e9 par les fils de Donald Trump a suscit\u00e9 du m\u00e9contentement \u00e0 Balmedie, dans l\u2019Aberdeenshire, de la part de certains riverains et d\u2019\u00e9lus \u00e9cologistes. Ce n\u2019est que l\u2019un des nombreux projets, immobiliers ou autres, \u00e0 travers le monde de la famille Trump.<\/p>\n<p class=\"article__paragraph  \">Si Donald Trump n\u2019a plus l\u00e9galement le contr\u00f4le de la holding familiale, ses opposants lui reprochent de multiplier les conflits d\u2019int\u00e9r\u00eats en se servant de ses fonctions de pr\u00e9sident pour pousser des investissements familiaux priv\u00e9s, notamment \u00e0 l\u2019\u00e9tranger.<\/p>\n<p>                                Lire aussi |  Article r\u00e9serv\u00e9 \u00e0 nos abonn\u00e9s  <a href=\"https:\/\/www.lemonde.fr\/economie\/article\/2025\/05\/12\/les-bonnes-affaires-de-la-famille-trump-dans-le-golfe_6605240_3234.html\" class=\"js-article-read-also catcher--favoris__link\" data-premium=\"1\" id=\"article-title-3421387\" rel=\"nofollow noopener\" target=\"_blank\">Les bonnes affaires de la famille Trump dans le golfe Arabo-Persique\u00a0: tours de luxe, Boeing 747 offert par le Qatar\u2026<\/a>    <\/p>\n<p>   Lire plus tard  <\/p>\n<p class=\"author__detail\">  Le Monde avec AFP  <\/p>\n<p>                  <a href=\"https:\/\/www.lemonde.fr\/syndication\/\" class=\"reuse__content\" title=\"R\u00e9utiliser ce contenu\" target=\"_blank\" rel=\"nofollow noopener\">R\u00e9utiliser ce contenu<\/a>      <\/p>\n","protected":false},"excerpt":{"rendered":"Des forces sp\u00e9ciales de police se tiennent sur un toit pour surveiller le terrain de golf Trump Turnberry,&hellip;\n","protected":false},"author":2,"featured_media":274825,"comment_status":"","ping_status":"","sticky":false,"template":"","format":"standard","meta":{"footnotes":""},"categories":[1589],"tags":[11,73,1866,12,1864,1865,1863,308],"class_list":{"0":"post-274824","1":"post","2":"type-post","3":"status-publish","4":"format-standard","5":"has-post-thumbnail","7":"category-etats-unis","8":"tag-actualites","9":"tag-etats-unis","10":"tag-etats-unis-damerique","11":"tag-news","12":"tag-united-states","13":"tag-united-states-of-america","14":"tag-us","15":"tag-usa"},"share_on_mastodon":{"url":"https:\/\/pubeurope.com\/@fr\/114918725017932707","error":""},"_links":{"self":[{"href":"https:\/\/www.europesays.com\/fr\/wp-json\/wp\/v2\/posts\/274824","targetHints":{"allow":["GET"]}}],"collection":[{"href":"https:\/\/www.europesays.com\/fr\/wp-json\/wp\/v2\/posts"}],"about":[{"href":"https:\/\/www.europesays.com\/fr\/wp-json\/wp\/v2\/types\/post"}],"author":[{"embeddable":true,"href":"https:\/\/www.europesays.com\/fr\/wp-json\/wp\/v2\/users\/2"}],"replies":[{"embeddable":true,"href":"https:\/\/www.europesays.com\/fr\/wp-json\/wp\/v2\/comments?post=274824"}],"version-history":[{"count":0,"href":"https:\/\/www.europesays.com\/fr\/wp-json\/wp\/v2\/posts\/274824\/revisions"}],"wp:featuredmedia":[{"embeddable":true,"href":"https:\/\/www.europesays.com\/fr\/wp-json\/wp\/v2\/media\/274825"}],"wp:attachment":[{"href":"https:\/\/www.europesays.com\/fr\/wp-json\/wp\/v2\/media?parent=274824"}],"wp:term":[{"taxonomy":"category","embeddable":true,"href":"https:\/\/www.europesays.com\/fr\/wp-json\/wp\/v2\/categories?post=274824"},{"taxonomy":"post_tag","embeddable":true,"href":"https:\/\/www.europesays.com\/fr\/wp-json\/wp\/v2\/tags?post=274824"}],"curies":[{"name":"wp","href":"https:\/\/api.w.org\/{rel}","templated":true}]}}