{"id":274828,"date":"2025-07-26T09:03:10","date_gmt":"2025-07-26T09:03:10","guid":{"rendered":"https:\/\/www.europesays.com\/fr\/274828\/"},"modified":"2025-07-26T09:03:10","modified_gmt":"2025-07-26T09:03:10","slug":"france-royaume-uni-et-allemagne-ont-relance-les-pourparlers-avec-liran-sur-son-programme-nucleaire","status":"publish","type":"post","link":"https:\/\/www.europesays.com\/fr\/274828\/","title":{"rendered":"France, Royaume-Uni et Allemagne ont relanc\u00e9 les pourparlers avec l\u2019Iran sur son programme nucl\u00e9aire"},"content":{"rendered":"<p>La France, le Royaume-Uni et l\u2019Allemagne ont relanc\u00e9, ce vendredi, les pourparlers avec l\u2019Iran sur son programme nucl\u00e9aire lors d\u2019une r\u00e9union \u00e0 Istanbul. Ces discussions, qualifi\u00e9es de \u00ab franches et d\u00e9taill\u00e9es \u00bb par T\u00e9h\u00e9ran, marquent une tentative de d\u00e9sescalade apr\u00e8s l\u2019attaque isra\u00e9lienne de juin contre des sites nucl\u00e9aires iraniens. Les Europ\u00e9ens, attach\u00e9s \u00e0 l\u2019accord de 2015 (JCPOA), cherchent \u00e0 \u00e9viter un r\u00e9tablissement des sanctions onusiennes via le m\u00e9canisme de \u00ab snapback \u00bb, qui expire en octobre.<\/p>\n<p>L\u2019Iran, par la voix de son vice-ministre Kazem Gharibabadi, rejette ce m\u00e9canisme comme \u00ab ill\u00e9gal \u00bb et accuse les Europ\u00e9ens d\u2019avoir failli \u00e0 leurs engagements apr\u00e8s le retrait am\u00e9ricain de 2018. T\u00e9h\u00e9ran voit dans cette r\u00e9union une chance pour l\u2019Europe de \u00ab corriger \u00bb sa position. Une source europ\u00e9enne avertit toutefois que sans accord, des sanctions pourraient \u00eatre d\u00e9clench\u00e9es cet automne.<\/p>\n<p>Parall\u00e8lement, l\u2019AIEA, dirig\u00e9e par Rafael Grossi, se f\u00e9licite de l\u2019accord iranien pour une visite technique prochaine, ouvrant la voie \u00e0 un possible retour des inspecteurs onusiens. T\u00e9h\u00e9ran avait rompu sa coop\u00e9ration avec l\u2019agence en juillet, l\u2019accusant d\u2019avoir facilit\u00e9 les frappes isra\u00e9lo-am\u00e9ricaines. L\u2019Iran d\u00e9fend son programme nucl\u00e9aire comme une \u00ab fiert\u00e9 nationale \u00bb et un droit \u00e0 des fins civiles, malgr\u00e9 son enrichissement \u00e0 60 %, proche du seuil militaire. Les tensions avec Washington et Isra\u00ebl, qui pr\u00f4ne des sanctions, compliquent les n\u00e9gociations. Cette rencontre pourrait relancer le JCPOA ou, en cas d\u2019\u00e9chec, aggraver l\u2019isolement de T\u00e9h\u00e9ran.<\/p>\n","protected":false},"excerpt":{"rendered":"La France, le Royaume-Uni et l\u2019Allemagne ont relanc\u00e9, ce vendredi, les pourparlers avec l\u2019Iran sur son programme nucl\u00e9aire&hellip;\n","protected":false},"author":2,"featured_media":274829,"comment_status":"","ping_status":"","sticky":false,"template":"","format":"standard","meta":{"footnotes":""},"categories":[1587],"tags":[11,672,1804,1805,1803,1777,674,1801,12,1802],"class_list":{"0":"post-274828","1":"post","2":"type-post","3":"status-publish","4":"format-standard","5":"has-post-thumbnail","7":"category-allemagne","8":"tag-actualites","9":"tag-allemagne","10":"tag-bundesrepublik-deutschland","11":"tag-de","12":"tag-deutschland","13":"tag-eu","14":"tag-europe","15":"tag-germany","16":"tag-news","17":"tag-republique-federale-dallemagne"},"share_on_mastodon":{"url":"https:\/\/pubeurope.com\/@fr\/114918733032305042","error":""},"_links":{"self":[{"href":"https:\/\/www.europesays.com\/fr\/wp-json\/wp\/v2\/posts\/274828","targetHints":{"allow":["GET"]}}],"collection":[{"href":"https:\/\/www.europesays.com\/fr\/wp-json\/wp\/v2\/posts"}],"about":[{"href":"https:\/\/www.europesays.com\/fr\/wp-json\/wp\/v2\/types\/post"}],"author":[{"embeddable":true,"href":"https:\/\/www.europesays.com\/fr\/wp-json\/wp\/v2\/users\/2"}],"replies":[{"embeddable":true,"href":"https:\/\/www.europesays.com\/fr\/wp-json\/wp\/v2\/comments?post=274828"}],"version-history":[{"count":0,"href":"https:\/\/www.europesays.com\/fr\/wp-json\/wp\/v2\/posts\/274828\/revisions"}],"wp:featuredmedia":[{"embeddable":true,"href":"https:\/\/www.europesays.com\/fr\/wp-json\/wp\/v2\/media\/274829"}],"wp:attachment":[{"href":"https:\/\/www.europesays.com\/fr\/wp-json\/wp\/v2\/media?parent=274828"}],"wp:term":[{"taxonomy":"category","embeddable":true,"href":"https:\/\/www.europesays.com\/fr\/wp-json\/wp\/v2\/categories?post=274828"},{"taxonomy":"post_tag","embeddable":true,"href":"https:\/\/www.europesays.com\/fr\/wp-json\/wp\/v2\/tags?post=274828"}],"curies":[{"name":"wp","href":"https:\/\/api.w.org\/{rel}","templated":true}]}}