{"id":274832,"date":"2025-07-26T09:05:14","date_gmt":"2025-07-26T09:05:14","guid":{"rendered":"https:\/\/www.europesays.com\/fr\/274832\/"},"modified":"2025-07-26T09:05:14","modified_gmt":"2025-07-26T09:05:14","slug":"trump-impose-sa-loi-lue-choisit-de-nouveaux-allies","status":"publish","type":"post","link":"https:\/\/www.europesays.com\/fr\/274832\/","title":{"rendered":"Trump impose sa loi, l\u2019UE choisit de nouveaux alli\u00e9s"},"content":{"rendered":"<p>\u00c0 l&rsquo;approche de la date fatidique du 1er\u00a0ao\u00fbt, Bruxelles n\u00e9gocie f\u00e9brilement avec Washington pour \u00e9viter les droits de douane \u00e0 30\u00a0%, tout en s&rsquo;activant en parall\u00e8le\u00a0pour sceller des accords commerciaux avec de nouveaux alli\u00e9s.\u00a0\u00ab\u00a0L&rsquo;Europe poursuit la diversification de ses partenariats commerciaux\u00a0\u00bb, d\u00e9clarait ainsi la pr\u00e9sidente de la Commission le 10\u00a0avril, en appelant \u00e0 s&rsquo;unir ceux qui continuent de croire aux vertus de \u00ab\u00a0libert\u00e9 et d&rsquo;ouverture des march\u00e9s\u00a0\u00bb.<\/p>\n<p>Longtemps arc-bout\u00e9e sur la coop\u00e9ration et le multilat\u00e9ralisme, l&rsquo;UE se retrouve aujourd&rsquo;hui violemment percut\u00e9e par le retour en force du protectionnisme trumpien. Alors qu&rsquo;hier encore les \u00c9tats-Unis vantaient les bienfaits du libre-\u00e9change, Donald Trump instaure aujourd&rsquo;hui un ordre commercial domin\u00e9 par le rapport de force et un protectionnisme d\u00e9complex\u00e9.\u00a0Depuis le 2\u00a0avril 2025, Washington a lanc\u00e9 une v\u00e9ritable offensive commerciale, mena\u00e7ant d&rsquo;imposer des droits de douane \u00e0 l&rsquo;ensemble de ses partenaires \u00e9conomiques, y compris \u00e0 son alli\u00e9 historique, l&rsquo;Union europ\u00e9enne.<\/p>\n<p>Face \u00e0 ce revirement brutal, l&rsquo;Europe s&rsquo;efforce de garder la face. Pas question, officiellement, de rompre avec son principal partenaire \u00e9conomique, avec qui elle \u00e9change chaque ann\u00e9e pr\u00e8s de 1\u00a0700\u00a0milliards d&rsquo;euros de biens et services. Mais confront\u00e9e \u00e0 un alli\u00e9 am\u00e9ricain devenu impr\u00e9visible, l&rsquo;UE n&rsquo;a d\u00e9sormais gu\u00e8re d&rsquo;autre choix que\u00a0de conclure des accords commerciaux avec d&rsquo;autres puissances &#8211; Inde, Am\u00e9rique latine, et m\u00eame Chine\u00a0-, dans l&rsquo;espoir de s\u00e9curiser de nouveaux d\u00e9bouch\u00e9s pour ses fili\u00e8res exportatrices.<\/p>\n<p>L&rsquo;Inde, \u00ab\u00a0une priorit\u00e9 strat\u00e9gique\u00a0\u00bb<\/p>\n<p>Alors que le Royaume-Uni prend une longueur d&rsquo;avance avec la signature, jeudi 24\u00a0juillet, d&rsquo;un accord historique de 7\u00a0milliards d&rsquo;euros, l&rsquo;UE\u00a0sait qu&rsquo;un\u00a0rapprochement avec l&rsquo;Inde est d\u00e9sormais strat\u00e9gique.\u00a0En f\u00e9vrier, la Commission d\u00e9clarait sans d\u00e9tour qu&rsquo;elle consid\u00e9rait les relations avec l&rsquo;Inde comme une\u00a0\u00ab priorit\u00e9 strat\u00e9gique\u00a0\u00bb.<\/p>\n<p>Les n\u00e9gociations d&rsquo;un accord de libre-\u00e9change entre Bruxelles et New Delhi, gel\u00e9es entre 2013 et 2021, avaient \u00e9t\u00e9 relanc\u00e9es en 2022, mais c&rsquo;est v\u00e9ritablement \u00e0 partir du printemps 2025 que les n\u00e9gociations ont officiellement repris.\u00a0L&rsquo;UE et l&rsquo;Inde cherchent \u00e0 resserrer leur coop\u00e9ration en mati\u00e8re de s\u00e9curit\u00e9 et de d\u00e9fense, tout en \u00e9valuant les avantages d&rsquo;un rapprochement \u00e9conomique, notamment\u00a0dans les cha\u00eenes d&rsquo;approvisionnement et les investissements directs \u00e9trangers.<\/p>\n<p>L&rsquo;objectif affich\u00e9 par Bruxelles est de finaliser un accord d&rsquo;ici \u00e0 la fin 2026, pour une entr\u00e9e en vigueur courant 2027.\u00a0Cet accord, s&rsquo;il est sign\u00e9, constituerait l&rsquo;un des plus importants accords jamais conclus par l&rsquo;UE, avec <a href=\"https:\/\/www.worldeconomics.com\/Country-Reviews\/India\/\" target=\"_blank\" rel=\"nofollow noopener\">un partenaire repr\u00e9sentant pr\u00e8s de\u00a010\u00a0% du PIB mondial<\/a> et une population de 1,4\u00a0milliard d&rsquo;habitants.<\/p>\n<p>La tentation chinoise<\/p>\n<p>L&rsquo;UE a aussi re\u00e7u des mains tendues, notamment celles du principal rival des Am\u00e9ricains, la Chine.\u00a0Le pr\u00e9sident chinois, Xi Jinping, a ainsi affirm\u00e9, jeudi 24\u00a0juillet, lors de sa rencontre avec la pr\u00e9sidente de la Commission europ\u00e9enne \u00e0 P\u00e9kin que \u00ab\u00a0plus la situation internationale est grave et complexe, plus la Chine et l&rsquo;UE doivent intensifier la communication, renforcer la confiance mutuelle et approfondir la coop\u00e9ration\u00a0\u00bb.<\/p>\n<p>Lors de ce sommet, un l\u00e9ger progr\u00e8s dans les relations Chine-UE a \u00e9t\u00e9 accompli avec la mise en place d&rsquo;un m\u00e9canisme visant \u00e0 faciliter l&rsquo;acc\u00e8s des entreprises europ\u00e9ennes aux terres rares chinoises, ces minerais strat\u00e9giques presque enti\u00e8rement contr\u00f4l\u00e9s par la Chine.<\/p>\n<p>Mais l&rsquo;Europe redoute que la Chine, exclue du march\u00e9 am\u00e9ricain, tente de d\u00e9verser ses produits \u00e0 bas prix sur le sol europ\u00e9en. Bruxelles fait preuve de prudence et attend de voir si P\u00e9kin peut r\u00e9ellement devenir un partenaire fiable, notamment en relan\u00e7ant sa consommation int\u00e9rieure, cl\u00e9 pour r\u00e9duire sa d\u00e9pendance aux exportations. \u00ab\u00a0Le leadership chinois a fait part de sa volont\u00e9 de soutenir davantage la consommation, mais nous attendons des progr\u00e8s sur ce sujet\u00a0\u00bb, a d\u00e9clar\u00e9 la pr\u00e9sidente de la Commission europ\u00e9enne jeudi.<\/p>\n<p>Mercosur\u00a0: l&rsquo;UE joue la montre pour conclure enfin l&rsquo;accord<\/p>\n<p>L&rsquo;UE mise sur l&rsquo;offensive douani\u00e8re de Trump pour pousser les \u00c9tats membres \u00e0 ratifier l&rsquo;accord avec le Mercosur, un dossier que Bruxelles esp\u00e8re boucler d&rsquo;ici \u00e0 la fin de l&rsquo;ann\u00e9e. Sign\u00e9 le 6\u00a0d\u00e9cembre 2024, apr\u00e8s\u00a0vingt-cinq ans de n\u00e9gociations, cet accord vise \u00e0 faciliter les \u00e9changes avec l&rsquo;Argentine, le Br\u00e9sil, le Paraguay et l&rsquo;Uruguay, en abaissant les barri\u00e8res tarifaires et r\u00e9glementaires, mais il est encore en suspens.<\/p>\n<p>Pour entrer en vigueur, il doit obtenir l&rsquo;aval du Parlement europ\u00e9en ainsi que celui d&rsquo;au moins 15 des 27\u00a0\u00c9tats membres, repr\u00e9sentant au minimum 65\u00a0% de la population &#8211; un passage loin d&rsquo;\u00eatre assur\u00e9. La France, en particulier, rejette vigoureusement le trait\u00e9, craignant pour sa fili\u00e8re bovine et la survie de ses petites exploitations, face \u00e0 la concurrence des exploitations g\u00e9antes sud-am\u00e9ricaines. L&rsquo;Allemagne, dont l&rsquo;agriculture repose sur de grandes exploitations, soutient l&rsquo;accord. Berlin veut\u00a0solidifier ses liens \u00e9conomiques avec les pays du Mercosur, notamment avec le Br\u00e9sil, o\u00f9 plus de 1\u00a0800\u00a0entreprises allemandes, surtout dans la chimie (Bayer, BASF) et l&rsquo;automobile, sont implant\u00e9es.<\/p>\n<p>La Commission europ\u00e9enne, qui assure le dialogue avec les \u00c9tats membres europ\u00e9ens, esp\u00e8re que la pression accrue des tensions commerciales avec les \u00c9tats-Unis fera enfin bouger les lignes des r\u00e9calcitrants.<\/p>\n","protected":false},"excerpt":{"rendered":"\u00c0 l&rsquo;approche de la date fatidique du 1er\u00a0ao\u00fbt, Bruxelles n\u00e9gocie f\u00e9brilement avec Washington pour \u00e9viter les droits de&hellip;\n","protected":false},"author":2,"featured_media":274833,"comment_status":"","ping_status":"","sticky":false,"template":"","format":"standard","meta":{"footnotes":""},"categories":[1586],"tags":[17,11,8547,16040,33,1777,674,1779,1011,27,41431,1861,420,12,2845,25,467,1778,364],"class_list":{"0":"post-274832","1":"post","2":"type-post","3":"status-publish","4":"format-standard","5":"has-post-thumbnail","7":"category-europe","8":"tag-17","9":"tag-actualites","10":"tag-allies","11":"tag-choisit","12":"tag-economie","13":"tag-eu","14":"tag-europe","15":"tag-european-union","16":"tag-fr","17":"tag-france","18":"tag-impose","19":"tag-lue","20":"tag-loi","21":"tag-news","22":"tag-nouveaux","23":"tag-republique-francaise","24":"tag-trump","25":"tag-ue","26":"tag-union-europeenne"},"share_on_mastodon":{"url":"https:\/\/pubeurope.com\/@fr\/114918740695646262","error":""},"_links":{"self":[{"href":"https:\/\/www.europesays.com\/fr\/wp-json\/wp\/v2\/posts\/274832","targetHints":{"allow":["GET"]}}],"collection":[{"href":"https:\/\/www.europesays.com\/fr\/wp-json\/wp\/v2\/posts"}],"about":[{"href":"https:\/\/www.europesays.com\/fr\/wp-json\/wp\/v2\/types\/post"}],"author":[{"embeddable":true,"href":"https:\/\/www.europesays.com\/fr\/wp-json\/wp\/v2\/users\/2"}],"replies":[{"embeddable":true,"href":"https:\/\/www.europesays.com\/fr\/wp-json\/wp\/v2\/comments?post=274832"}],"version-history":[{"count":0,"href":"https:\/\/www.europesays.com\/fr\/wp-json\/wp\/v2\/posts\/274832\/revisions"}],"wp:featuredmedia":[{"embeddable":true,"href":"https:\/\/www.europesays.com\/fr\/wp-json\/wp\/v2\/media\/274833"}],"wp:attachment":[{"href":"https:\/\/www.europesays.com\/fr\/wp-json\/wp\/v2\/media?parent=274832"}],"wp:term":[{"taxonomy":"category","embeddable":true,"href":"https:\/\/www.europesays.com\/fr\/wp-json\/wp\/v2\/categories?post=274832"},{"taxonomy":"post_tag","embeddable":true,"href":"https:\/\/www.europesays.com\/fr\/wp-json\/wp\/v2\/tags?post=274832"}],"curies":[{"name":"wp","href":"https:\/\/api.w.org\/{rel}","templated":true}]}}