{"id":274834,"date":"2025-07-26T09:06:10","date_gmt":"2025-07-26T09:06:10","guid":{"rendered":"https:\/\/www.europesays.com\/fr\/274834\/"},"modified":"2025-07-26T09:06:10","modified_gmt":"2025-07-26T09:06:10","slug":"reconnaissance-de-letat-de-palestine-macron-doit-au-dela-des-grandes-declarations-reellement-aider-les-faiseurs-de-paix-liberation","status":"publish","type":"post","link":"https:\/\/www.europesays.com\/fr\/274834\/","title":{"rendered":"Reconnaissance de l\u2019Etat de Palestine : \u00abMacron doit, au-del\u00e0 des grandes d\u00e9clarations, r\u00e9ellement aider les faiseurs de paix &#8211; Lib\u00e9ration"},"content":{"rendered":"<ol>\n<li><a href=\"https:\/\/news.google.com\/rss\/articles\/CBMipAJBVV95cUxNaVdVT2VWVlNPWU82cmVla3k0MnFaM1d0T3did3lVOU9vY25vdlZTMC1OT0N1VTlhQVFjUUJSb2g5UUV5b0lySXUxT05wM2JpSlFZN1FNS0IydXVrWDF2YWZDazFVMExNNHNpdDZYd1Y5dTZzaXJyaU5TaUdCd1F4bU9VdTNhb1pnTmJzY0VZNEwtUmQ0U2FMakR6RS1GSmkwb21kV2N3bkpfOHNNcjNUYmVjYndldGY2N0tIcGFFaEk2U3p4SGQtM3lBQmVIMUU5NVByT2NtTUc0b2x2U0dRM01ab0JFclk0R0dpMVhlQUZRN2JFTkJlMzV6Ym12Q1JlSDloTzFzWDZjYUl2TVZkamJyVmdPeTN4eGZ3YWZUcGVFXzVx?oc=5\" target=\"_blank\" rel=\"noopener\">Reconnaissance de l\u2019Etat de Palestine : \u00abMacron doit, au-del\u00e0 des grandes d\u00e9clarations, r\u00e9ellement aider les faiseurs de paix<\/a>&nbsp;&nbsp;Lib\u00e9ration<\/li>\n<li><a href=\"https:\/\/news.google.com\/rss\/articles\/CBMi0AFBVV95cUxQaUZzREE5bXNVM3BwNjJZNFZkbXk1TVQyOVh1eWNVX0twMkFiNWI0cVhWak9qZlcyYjlIa0ZxcVZDUlJxLXhBaHhVeFJDR3JaaElIUVZzcnlrajg2RWdRNkFMZWNIQVRZX2Fxc0t1R1BYcWdfWml1RklkNjZpRm54R2hyeVExTHRRcGdTdHBKcFc4SE92V3NHZTNCQ1JkakV3TUhWR1NWbXpkMEJwWkFPenF6bnhyYUcyX2xkUVVya3M3Q1F3bDYzZXl4b2U1V0gw?oc=5\" target=\"_blank\" rel=\"noopener\">Reconnaissance de la Palestine : apr\u00e8s sa \u00ab victoire morale \u00bb, LFI veut d\u00e9j\u00e0 aller encore plus loin<\/a>&nbsp;&nbsp;Le Figaro<\/li>\n<li><a href=\"https:\/\/news.google.com\/rss\/articles\/CBMixwFBVV95cUxNajRaUmpaUXltMnFWbW1wRF85aTl0ZXRjbnh2VlhXVms3aXlMUTNweU1sYzlKSS1vdjhlWWhXRjFvbGVSUU8xbUk0T0hIZlJHdnBHUHpmX0l6OENtR3RnY0dnZkRhMFRoUGVyUklLekNobHRweDNvOUVvTEJ0Tlhwdnp6STIwNHdPSjZ6T3NKYTUwQzlPUVRob29saV8yVi1FbjUwM1dNaERwYTBlaXlBM0RVSE1wVjN3MWZvQkUtcHI3X01HYjl3?oc=5\" target=\"_blank\" rel=\"noopener\">Quels sont les Etats que la France ne reconna\u00eet pas ?<\/a>&nbsp;&nbsp;Le Monde.fr<\/li>\n<li><a href=\"https:\/\/news.google.com\/rss\/articles\/CBMi8gFBVV95cUxOMlBMdWZ1ZVlSM0RNY2ZZQmlrbGNUc2YzbldTWGtLMFdyUkVJT3JsNlM3am9RMVBpYmFYeFI0LVJScWpwZ3M4N0FhelhzQ2pYaXBudUVuYTRyUkp0WVRqZmhfU0hVb1Jrc1R2UW1BeHlMM0VpcHdQRTJzWnBRcEVtbDRYNlRRMDZuNzVoWTZlNHVqekJNNEl0cDMtUFdLNk8wX2twalFPREozdDliSk9jWUFlN1lCNlFvQi1zT3NUR083ZHJ5ZV9CbnR5YnNwVGZMZ3hQcFgtNkFld0dYeVp0VzJhNC1ja2Q0SzRvRkItYjNwQQ?oc=5\" target=\"_blank\" rel=\"noopener\">Macron et la reconnaissance de la Palestine : itin\u00e9raire d\u2019un premier pas<\/a>&nbsp;&nbsp;Lib\u00e9ration<\/li>\n<li><a href=\"https:\/\/news.google.com\/rss\/articles\/CBMixgFBVV95cUxOb1ltTkduSmFDcENhYTliakxqTWpaVVJkY0VzZHZrNXBQVEJZaUdDSE12cnJhblBaMmtRRE5RRW1uYWdSWjNqS1oweUl2d1JkZ0Zna3I1RWExSy1Lb3NuUFk3b0E1WDRNNkxLbmtNc25vdm85TG5aNWdjaWhuY0h5cm1CNi15OG1PSGRBcDhNV3hnWUQxdEg4MmNLcUtYZW04bjhnZG9sY0tXQndlWG85XzVhdzRNRG4ySVMtUTVpWlRPNnE2bnc?oc=5\" target=\"_blank\" rel=\"noopener\">Reconnaissance de l\u2019\u00c9tat palestinien : les r\u00e9fugi\u00e9s de Gaza ne sont pas convaincus<\/a>&nbsp;&nbsp;Mediapart<\/li>\n<\/ol>\n","protected":false},"excerpt":{"rendered":"Reconnaissance de l\u2019Etat de Palestine : \u00abMacron doit, au-del\u00e0 des grandes d\u00e9clarations, r\u00e9ellement aider les faiseurs de paix&nbsp;&nbsp;Lib\u00e9ration&hellip;\n","protected":false},"author":2,"featured_media":274835,"comment_status":"","ping_status":"","sticky":false,"template":"","format":"standard","meta":{"footnotes":""},"categories":[2],"tags":[11,1073,1011,27,3517,3523,12,3518,25],"class_list":{"0":"post-274834","1":"post","2":"type-post","3":"status-publish","4":"format-standard","5":"has-post-thumbnail","7":"category-actualites","8":"tag-actualites","9":"tag-emmanuel-macron","10":"tag-fr","11":"tag-france","12":"tag-gaza-l-escalade","13":"tag-israel-palestine-conflit","14":"tag-news","15":"tag-palestine","16":"tag-republique-francaise"},"share_on_mastodon":{"url":"https:\/\/pubeurope.com\/@fr\/114918744682232097","error":""},"_links":{"self":[{"href":"https:\/\/www.europesays.com\/fr\/wp-json\/wp\/v2\/posts\/274834","targetHints":{"allow":["GET"]}}],"collection":[{"href":"https:\/\/www.europesays.com\/fr\/wp-json\/wp\/v2\/posts"}],"about":[{"href":"https:\/\/www.europesays.com\/fr\/wp-json\/wp\/v2\/types\/post"}],"author":[{"embeddable":true,"href":"https:\/\/www.europesays.com\/fr\/wp-json\/wp\/v2\/users\/2"}],"replies":[{"embeddable":true,"href":"https:\/\/www.europesays.com\/fr\/wp-json\/wp\/v2\/comments?post=274834"}],"version-history":[{"count":0,"href":"https:\/\/www.europesays.com\/fr\/wp-json\/wp\/v2\/posts\/274834\/revisions"}],"wp:featuredmedia":[{"embeddable":true,"href":"https:\/\/www.europesays.com\/fr\/wp-json\/wp\/v2\/media\/274835"}],"wp:attachment":[{"href":"https:\/\/www.europesays.com\/fr\/wp-json\/wp\/v2\/media?parent=274834"}],"wp:term":[{"taxonomy":"category","embeddable":true,"href":"https:\/\/www.europesays.com\/fr\/wp-json\/wp\/v2\/categories?post=274834"},{"taxonomy":"post_tag","embeddable":true,"href":"https:\/\/www.europesays.com\/fr\/wp-json\/wp\/v2\/tags?post=274834"}],"curies":[{"name":"wp","href":"https:\/\/api.w.org\/{rel}","templated":true}]}}