{"id":274838,"date":"2025-07-26T09:08:15","date_gmt":"2025-07-26T09:08:15","guid":{"rendered":"https:\/\/www.europesays.com\/fr\/274838\/"},"modified":"2025-07-26T09:08:15","modified_gmt":"2025-07-26T09:08:15","slug":"une-derniere-victoire-francaise-profil-de-la-20e-etape-et-classement","status":"publish","type":"post","link":"https:\/\/www.europesays.com\/fr\/274838\/","title":{"rendered":"une derni\u00e8re victoire fran\u00e7aise\u00a0? Profil de la 20e \u00e9tape et classement"},"content":{"rendered":"<p><a name=\"post1753520793\"\/>11:06 &#8211; Point au classement g\u00e9n\u00e9ral<\/p>\n<p>Tadej Pogacar est toujours confortablement en t\u00eate du classement g\u00e9n\u00e9ral et il ne devrait plus y avoir beaucoup de changements dans le top 10 d&rsquo;ici l&rsquo;arriv\u00e9e demain aux Champs Elys\u00e9es<\/p>\n<ul>&#13;<\/p>\n<li>1. Pogacar (SVN) 69h41min46<\/li>\n<p>&#13;<\/p>\n<li>2. Vingegaard (DAN) \u00e0 4&rsquo;24\u00a0\u00bb<\/li>\n<p>&#13;<\/p>\n<li>3. Lipowitz (DEU) \u00e0 11&rsquo;09\u00a0\u00bb<\/li>\n<p>&#13;<\/p>\n<li>4. Onley (GBR) \u00e0 12&rsquo;12\u00a0\u00bb<\/li>\n<p>&#13;<\/p>\n<li>5. F.Gall (AUT) \u00e0 17&rsquo;12\u00a0\u00bb<\/li>\n<p>&#13;<\/p>\n<li>6. Johanssen (NOR) \u00e0 20&rsquo;14\u00a0\u00bb<\/li>\n<p>&#13;<\/p>\n<li>7. Vauquelin (FRA)\u00a0 \u00e0 22&rsquo;35\u00a0\u00bb<\/li>\n<p>&#13;\n<\/ul>\n<p><a name=\"post1753520374\"\/>10:59 &#8211; Les favoris de la course<\/p>\n<p>Cette avant-derni\u00e8re \u00e9tape du Tour de France 2025, longue de 184,2 km entre Nantua et Pontarlier, devrait favoriser les attaquants. Avec un profil vallonn\u00e9 et pr\u00e8s de 2900 m\u00e8tres de d\u00e9nivel\u00e9, ce parcours dans le Jura s\u2019annonce id\u00e9al pour les baroudeurs. Plusieurs coureurs offensifs tenteront de prendre l\u2019\u00e9chapp\u00e9e, parmi lesquels Ben Healy (EF Education-EasyPost), Jonas Abrahamsen (Uno-X), Victor Campenaerts (Visma-Lease a Bike) ou encore Quinn Simmons (Lidl-Trek), en lice pour le titre de supercombatif. C\u00f4t\u00e9 fran\u00e7ais, la victoire de Valentin Paret-Peintre au Ventoux a redonn\u00e9 de l\u2019\u00e9lan aux ambitions tricolores. Julian Alaphilippe (Tudor), tr\u00e8s actif cette ann\u00e9e, pourrait une nouvelle fois tenter sa chance. Axel Laurance (Ineos Grenadiers), s\u2019il franchit le col de la Croix de la Serra (12,1 km \u00e0 4,1 %) en d\u00e9but d&rsquo;\u00e9tape, a les moyens de viser un nouveau top 10. Sauf si les favoris du g\u00e9n\u00e9ral, \u00e0 commencer par Tadej Pogacar, d\u00e9cident d\u2019en d\u00e9coudre \u00e0 la veille de l\u2019arriv\u00e9e.<\/p>\n<p><a name=\"post1753519924\"\/>10:52 &#8211; Le profil de l&rsquo;\u00e9tape<img decoding=\"async\" loading=\"lazy\" border=\"0\" width=\"600\" height=\"400\" title=\"Le profil de l'\u00e9tape - Tour de France \u00a9\" alt=\"Le profil de l'\u00e9tape - Tour de France \u00a9\" src=\"https:\/\/www.europesays.com\/fr\/wp-content\/uploads\/2025\/07\/live.png\"\/><\/p>\n<p>La 20e \u00e9tape du Tour de France 2025 propose un trac\u00e9 de 184,2 kilom\u00e8tres au c\u0153ur des reliefs jurassiens, entre Nantua et Pontarlier. Apr\u00e8s les grands cols alpins, le peloton devra affronter un parcours vallonn\u00e9 et exigeant, parfait pour les baroudeurs en qu\u00eate d\u2019un dernier coup d\u2019\u00e9clat avant l\u2019arriv\u00e9e \u00e0 Paris.<\/p>\n<p>D\u00e8s les premiers kilom\u00e8tres, le ton sera donn\u00e9 avec l\u2019ascension du col de la Croix de la Serra (12,1 km \u00e0 4,1 %), qui devrait encourager un d\u00e9part rapide et nerveux. \u00c0 l\u2019approche du dernier tiers, la redoutable c\u00f4te de Th\u00e9sy (3,6 km \u00e0 8,9 %) pourrait d\u00e9clencher des attaques d\u00e9cisives et fa\u00e7onner l\u2019\u00e9chapp\u00e9e du jour. La fin d\u2019\u00e9tape, rythm\u00e9e par une s\u00e9rie de mont\u00e9es courtes mais usantes, favorisera les coureurs les plus endurants et entreprenants.<\/p>\n<p>Ce profil accident\u00e9 mettra \u00e0 l\u2019\u00e9preuve les jambes fatigu\u00e9es et offrira une derni\u00e8re opportunit\u00e9 de briller loin des projecteurs du sprint final. L\u2019arriv\u00e9e se jouera sur la rocade Georges Pompidou, apr\u00e8s une ligne droite de 150 m\u00e8tres, large de 6,50 m\u00e8tres,\u00a0une conclusion nette \u00e0 une \u00e9tape aussi ind\u00e9cise que dynamique.<\/p>\n<p><a name=\"post1753519500\"\/>10:45 &#8211; Bonjour \u00e0 tous et \u00e0 toutes!<\/p>\n<p>Bienvenue sur notre site ! Nous allons suivre ensemble avec vous\u00a0la 20\u00e8me et avant-derni\u00e8re \u00e9tape du Tour de France qui reliera Nantua et Pontarlier (184,2km)<\/p>\n","protected":false},"excerpt":{"rendered":"11:06 &#8211; Point au classement g\u00e9n\u00e9ral Tadej Pogacar est toujours confortablement en t\u00eate du classement g\u00e9n\u00e9ral et il&hellip;\n","protected":false},"author":2,"featured_media":274839,"comment_status":"","ping_status":"","sticky":false,"template":"","format":"standard","meta":{"footnotes":""},"categories":[4],"tags":[11,1011,27,12,25],"class_list":{"0":"post-274838","1":"post","2":"type-post","3":"status-publish","4":"format-standard","5":"has-post-thumbnail","7":"category-france","8":"tag-actualites","9":"tag-fr","10":"tag-france","11":"tag-news","12":"tag-republique-francaise"},"share_on_mastodon":{"url":"https:\/\/pubeurope.com\/@fr\/114918752495808221","error":""},"_links":{"self":[{"href":"https:\/\/www.europesays.com\/fr\/wp-json\/wp\/v2\/posts\/274838","targetHints":{"allow":["GET"]}}],"collection":[{"href":"https:\/\/www.europesays.com\/fr\/wp-json\/wp\/v2\/posts"}],"about":[{"href":"https:\/\/www.europesays.com\/fr\/wp-json\/wp\/v2\/types\/post"}],"author":[{"embeddable":true,"href":"https:\/\/www.europesays.com\/fr\/wp-json\/wp\/v2\/users\/2"}],"replies":[{"embeddable":true,"href":"https:\/\/www.europesays.com\/fr\/wp-json\/wp\/v2\/comments?post=274838"}],"version-history":[{"count":0,"href":"https:\/\/www.europesays.com\/fr\/wp-json\/wp\/v2\/posts\/274838\/revisions"}],"wp:featuredmedia":[{"embeddable":true,"href":"https:\/\/www.europesays.com\/fr\/wp-json\/wp\/v2\/media\/274839"}],"wp:attachment":[{"href":"https:\/\/www.europesays.com\/fr\/wp-json\/wp\/v2\/media?parent=274838"}],"wp:term":[{"taxonomy":"category","embeddable":true,"href":"https:\/\/www.europesays.com\/fr\/wp-json\/wp\/v2\/categories?post=274838"},{"taxonomy":"post_tag","embeddable":true,"href":"https:\/\/www.europesays.com\/fr\/wp-json\/wp\/v2\/tags?post=274838"}],"curies":[{"name":"wp","href":"https:\/\/api.w.org\/{rel}","templated":true}]}}