{"id":274844,"date":"2025-07-26T09:12:11","date_gmt":"2025-07-26T09:12:11","guid":{"rendered":"https:\/\/www.europesays.com\/fr\/274844\/"},"modified":"2025-07-26T09:12:11","modified_gmt":"2025-07-26T09:12:11","slug":"atp-us-open-brad-gilbert-dement-une-information-sur-jannik-sinner-cest-totalement-faux-we-love-tennis","status":"publish","type":"post","link":"https:\/\/www.europesays.com\/fr\/274844\/","title":{"rendered":"ATP, US Open &gt; Brad Gilbert d\u00e9ment une information sur Jannik Sinner : &quot;C&#039;est totalement faux&quot; &#8211; We Love Tennis"},"content":{"rendered":"<ol>\n<li><a href=\"https:\/\/news.google.com\/rss\/articles\/CBMiqgFBVV95cUxQYWFqNm42V0FEeEo2VnRrbVA4bFJ2SkI4SXAtV0QweVMweHRFa2UwTGJNbUFOdk8wc3ZpRWw1RWdGVm1IVmZfSmdDbW5XRTd2U2JLemZIU0ZzZDFOR20zQnpLZXVNNmpnbFU4OW5JUVdRd1RpWE9HekNwNGFEVm5qbDF3WlZaN2hXUzJ5RHIzNnQ2bUdHZmdPZ1dWbkt6UGVOVGkyWDNwWkhRUQ?oc=5\" target=\"_blank\" rel=\"nofollow noopener\">ATP, US Open &gt; Brad Gilbert d\u00e9ment une information sur Jannik Sinner : \u00ab\u00a0C&rsquo;est totalement faux\u00a0\u00bb<\/a>&nbsp;&nbsp;We Love Tennis<\/li>\n<li><a href=\"https:\/\/news.google.com\/rss\/articles\/CBMivAFBVV95cUxNT3FNRHdKQ0hLSTY3SXVpSGpqUW5FQ0F5UTBLQXluRjlCV3VKVEtzVW1zNGx3ZkVZcENlTTE4MjNDdmJYU2s3d1Z2dGdsSGVZd1NxaGdieVNsY2dXYm44MUxRWFM3a1JmVUdOQ19vQmFsb2RWQkxhMTBEN3czTlR3VWMwbHdqelA4TTBraU0xa28wV01EZGxEdU5aSkNnanJvQTRkbkE2TjdWNlJhM1dVZ2R6M2Q3ZUlSWENpVw?oc=5\" target=\"_blank\" rel=\"nofollow noopener\">Tennis : Kyrgios s\u2019en prend (encore) \u00e0 Sinner apr\u00e8s sa suspension pour dopage<\/a>&nbsp;&nbsp;Le Figaro<\/li>\n<li><a href=\"https:\/\/news.google.com\/rss\/articles\/CBMiowJBVV95cUxOUFVDMUN6bWN0LW9QOWlEZEp1LTFXMW5OSzZIM0tLU1ZjR21qcDRGWmg2MHJZZXRxQ2R5bnpOOG1FTnE2NG1Ld3hCTW9LbkNMUWd2dmo2QkZWUnVUazhYUThOdmt3MU5YSVoyNmdjOGV0bW4xRXp1bi1WOHFoYWFFd21CX3VFWm9LMUxfOW4zYVV0V3pfZjNkdl9hTkVmZVJ0MGhXM2ZOWEFobE1iZTJlcnVtWTdwX1cwOFJJdU5xQ2hDU3Bpc2FQT01Dc3pnSkVwalpiYkc0QVhSNzhualpvdHQ2TjhYbHBRRTZJV0xSaG5xN0t3UlEtandHRVQ2eVE4RmRZV2trQ2hvaHpKd25KYnNxSlVHVFlNZU1NT2V6eDZETDg?oc=5\" target=\"_blank\" rel=\"nofollow noopener\">Mais pourquoi Sinner a r\u00e9embauch\u00e9 son ancien pr\u00e9parateur ?<\/a>&nbsp;&nbsp;Eurosport<\/li>\n<li><a href=\"https:\/\/news.google.com\/rss\/articles\/CBMimAJBVV95cUxQaXcxOHkwYlhaZGcySHFQTnMxQldZOXVIeUdqTTR4ZFZOVDRrRlBxOWZYLWZXT1djRXhmTzZNZldWRUtjMDZNSTVfcElUajVwXy1LdjVTaW9tYmJRWFkzWTVrRHhHVVJkQTJ5QmhieFNwcEhaUzhpRlVUR19IeTZQWUZYUlhOUDV1V2l1OWtxbHUySmZPbGNTWlZvazdxeE14MGtDQ05tZmM4QlBUdnVLVTBmU1RGdUdBVEppa2JyOTdtUS15ay1kZ0NWR1pfXzdxenk4VERsRy1Cd2FwdnlwamRxT3hFSGdlNVNEcEVrS2kwbmhwelVrNHY4WEFzeWh5cE50Qk5XR3A1OXpDWTdPZGV1alE5VTFv?oc=5\" target=\"_blank\" rel=\"nofollow noopener\">\u00ab Le cauchemar reprend, comme l&rsquo;\u00e9t\u00e9 dernier \u00bb : l&rsquo;ancien kin\u00e9 de Sinner assailli de messages apr\u00e8s le retour du pr\u00e9parateur physique dans le staff<\/a>&nbsp;&nbsp;L&rsquo;\u00c9quipe<\/li>\n<li><a href=\"https:\/\/news.google.com\/rss\/articles\/CBMijwJBVV95cUxQZ1NHZ3NmRTY2RzBZZGxFT0twNGVJbTBoS3pjMGhMVXEyMzVzVExReWs5Z2dlbllUZDR3MEI2dUFCSWpYLUJkOTdodWtzaWhEcmV3QnZIWDZjTTc2T0hYUThEckNyRTN4WTJfMnR1ZWU0MTJUWmhVc3BnS1lKLU1PaThfR1Q1UE1fYUc2aG5VQTB3aUNXWUNTLU5aLVR0U095ZUoyZzh2ODliSXBWVlI2Ynp0MHJNNVBSdFp3UHBEdmVrV3IyeVBsNzY1VXNQelpZdG02SEQ0WVQ4TW9ubnJXZWxSTm1jVFBRZ0c3UnJXVVFGdkx0UXpzYlZrUEZIU08xSWJZQjJWMUtjRVJDRDhF?oc=5\" target=\"_blank\" rel=\"nofollow noopener\">Tennis. Nick Kyrgios critique encore Jannik Sinner : \u00ab On s\u2019est fait avoir mesdames et messieurs \u00bb<\/a>&nbsp;&nbsp;Ouest-France<\/li>\n<\/ol>\n","protected":false},"excerpt":{"rendered":"ATP, US Open &gt; Brad Gilbert d\u00e9ment une information sur Jannik Sinner : \u00ab\u00a0C&rsquo;est totalement faux\u00a0\u00bb&nbsp;&nbsp;We Love Tennis&hellip;\n","protected":false},"author":2,"featured_media":274845,"comment_status":"","ping_status":"","sticky":false,"template":"","format":"standard","meta":{"footnotes":""},"categories":[1415],"tags":[18937,1011,27,2127,60,1467],"class_list":{"0":"post-274844","1":"post","2":"type-post","3":"status-publish","4":"format-standard","5":"has-post-thumbnail","7":"category-tennis","8":"tag-agassi","9":"tag-fr","10":"tag-france","11":"tag-sinner","12":"tag-sports","13":"tag-tennis"},"share_on_mastodon":{"url":"https:\/\/pubeurope.com\/@fr\/114918768138387913","error":""},"_links":{"self":[{"href":"https:\/\/www.europesays.com\/fr\/wp-json\/wp\/v2\/posts\/274844","targetHints":{"allow":["GET"]}}],"collection":[{"href":"https:\/\/www.europesays.com\/fr\/wp-json\/wp\/v2\/posts"}],"about":[{"href":"https:\/\/www.europesays.com\/fr\/wp-json\/wp\/v2\/types\/post"}],"author":[{"embeddable":true,"href":"https:\/\/www.europesays.com\/fr\/wp-json\/wp\/v2\/users\/2"}],"replies":[{"embeddable":true,"href":"https:\/\/www.europesays.com\/fr\/wp-json\/wp\/v2\/comments?post=274844"}],"version-history":[{"count":0,"href":"https:\/\/www.europesays.com\/fr\/wp-json\/wp\/v2\/posts\/274844\/revisions"}],"wp:featuredmedia":[{"embeddable":true,"href":"https:\/\/www.europesays.com\/fr\/wp-json\/wp\/v2\/media\/274845"}],"wp:attachment":[{"href":"https:\/\/www.europesays.com\/fr\/wp-json\/wp\/v2\/media?parent=274844"}],"wp:term":[{"taxonomy":"category","embeddable":true,"href":"https:\/\/www.europesays.com\/fr\/wp-json\/wp\/v2\/categories?post=274844"},{"taxonomy":"post_tag","embeddable":true,"href":"https:\/\/www.europesays.com\/fr\/wp-json\/wp\/v2\/tags?post=274844"}],"curies":[{"name":"wp","href":"https:\/\/api.w.org\/{rel}","templated":true}]}}