{"id":274846,"date":"2025-07-26T09:14:13","date_gmt":"2025-07-26T09:14:13","guid":{"rendered":"https:\/\/www.europesays.com\/fr\/274846\/"},"modified":"2025-07-26T09:14:13","modified_gmt":"2025-07-26T09:14:13","slug":"motogp-daniele-romagnoli-jorge-martin-et-marco-bezzecchi-ne-sont-pas-les-meilleurs-amis-mais-il-y-a-un-respect-professionnel-profond","status":"publish","type":"post","link":"https:\/\/www.europesays.com\/fr\/274846\/","title":{"rendered":"MotoGP, Daniele Romagnoli : \u00ab\u00a0Jorge Martin et Marco Bezzecchi ne sont pas les meilleurs amis, mais il y a un respect professionnel profond\u00a0\u00bb"},"content":{"rendered":"<p><strong>Chef m\u00e9cano de Jorge Martin depuis son arriv\u00e9e chez<br \/>\nAprilia, Daniele Romagnoli, alias \u00ab\u00a0Radar\u00a0\u00bb, fait le<br \/>\npoint sur la transition de son prot\u00e9g\u00e9. Apr\u00e8s un passage glorieux<br \/>\nchez Ducati-Pramac, il a trouv\u00e9, malgr\u00e9 une entame contrari\u00e9e, un<br \/>\nnouvel \u00e9lan \u00e0 Noale, \u00e9paul\u00e9 par une \u00e9quipe resserr\u00e9e et famili\u00e8re.<br \/>\nLa collaboration s\u2019est av\u00e9r\u00e9e finalement fructueuse, notamment lors<br \/>\ndu test \u00e0 Misano et du Grand Prix tch\u00e8que.<\/strong><\/p>\n<p><strong>Romagnoli<\/strong> se montre fier de cette issue<br \/>\nfavorable act\u00e9e \u00e0 Brno : \u00ab\u00a0sur un tour lanc\u00e9 en qualif\u2019,<br \/>\nje savais qu\u2019il serait rapide. <strong>Mais r\u00e9ussir du Sprint \u00e0 la<br \/>\ncourse, c\u2019est un autre niveau<\/strong>. Le test \u00e0 Misano a \u00e9t\u00e9<br \/>\nd\u00e9terminant\u202f: une journ\u00e9e pour ajuster<br \/>\nl\u2019ergonomie et l\u2019\u00e9lectronique, apprendre une<br \/>\nRS\u2011GP diff\u00e9rente de celle du Qatar. <strong>Ce<br \/>\ntest a pos<\/strong><strong>\u00e9 les bases du Brno<br \/>\nultra<\/strong><strong>\u2011positif que nous avons<br \/>\nfai<\/strong>t. \u00bb<\/p>\n<p>Sur <a href=\"https:\/\/www.gpone.com\/it\/2025\/07\/23\/motogp\/romagnoli-martin-e-bezzecchi-non-sono-amici-ma-ce-grandissimo-rispetto.html\" rel=\"nofollow noopener\" target=\"_blank\"><br \/>\nGPOne<\/a>, <strong>Romagnoli<\/strong> insiste sur l\u2019ambiance<br \/>\ninterne : \u00ab Jorge a d\u00e9crit un esprit familial ici. Et c\u2019est<br \/>\nvrai : d\u00e8s Barcelone, lors des essais, j\u2019ai ressenti cette<br \/>\ncoh\u00e9sion. L\u2019\u00e9quipe est soud\u00e9e, le potentiel est l\u00e0. Les r\u00e9sultats<br \/>\nde Bezzecchi, toujours dans le top\u20113, ont prouv\u00e9<br \/>\nla comp\u00e9titivit\u00e9 de la moto\u2026 et<br \/>\n\u00e7a a certainement pes\u00e9 dans la d\u00e9cision de<br \/>\nJorge de rester. \u00bb<\/p>\n<p><img loading=\"lazy\" decoding=\"async\" class=\"aligncenter\" src=\"https:\/\/www.europesays.com\/fr\/wp-content\/uploads\/2025\/07\/marco-bezzecchi-brno-2025-2.webp.jpeg\" alt=\"PAS DE VACANCES ! Apr\u00e8s Brno, l'Italie attend avec impatience le r\u00e9cit de Marco Bezzecchi : \u00ab Au d\u00e9but avec Aprilia, je n'\u00e9tais pas assez ignorant ; je m'attendais tout au plus \u00e0 un podium. \u00bb\" width=\"833\" height=\"436\"\/><\/p>\n<p><strong>Daniele Romagnoli\u00a0:<br \/>\n\u00ab\u00a0avec Jorge Martin rapidement \u00e0 nouveau comp\u00e9titif, deux<br \/>\nr\u00e9f\u00e9rences avec Marco Bezzecchi motiveront l\u2019\u00e9volution de la<br \/>\nmoto\u00a0\u00bb<\/strong><\/p>\n<p><strong>Romagnoli<\/strong> voit aussi dans <a href=\"https:\/\/www.paddock-gp.com\/motogp-aprilia-y-croit-avec-bezzecchi-et-martin-la-chasse-a-marc-marquez-est-lancee\/\" rel=\"nofollow noopener\" target=\"_blank\"><br \/>\n<strong>Marco Bezzecchi<\/strong><\/a> une base solide pour<br \/>\nprogresser : \u00ab avant l\u2019arriv\u00e9e de Jorge, <strong>Bezzecchi<br \/>\n\u00e9tait notre unique r\u00e9f\u00e9rence<\/strong>. Il a pos\u00e9 ses rep\u00e8res.<br \/>\nMaintenant, avec Jorge rapidement \u00e0 nouveau comp\u00e9titif, deux<br \/>\nr\u00e9f\u00e9rences motiveront l\u2019\u00e9volution de la moto. \u00bb<\/p>\n<p>Malgr\u00e9 la proximit\u00e9 sportive, <strong>Romagnoli<\/strong> demeure<br \/>\nmesur\u00e9 : \u00ab ils ne sont pas les meilleurs amis, mais il y a un<br \/>\nrespect professionnel profond. <strong>Tant que la rivalit\u00e9 reste<br \/>\nsur la piste, tout va bien<\/strong>. Avec le temps, le duel va<br \/>\nin\u00e9vitablement s\u2019intensifier\u2026 mais pour l\u2019instant, c\u2019est<br \/>\nconstructif. \u00bb<\/p>\n<p><strong>Romagnoli<\/strong> ne ferme pas la porte \u00e0 une premi\u00e8re<br \/>\nvictoire de Mart\u00edn cette saison : \u00ab difficile \u00e0 dire, mais<br \/>\nnotre objectif est clair : gagner. <strong>Avec les prochaines<br \/>\nmanches en Asie, des circuits que Jorge conna\u00eet bien, on y croit<br \/>\ns\u00e9rieusement<\/strong>. \u00bb<\/p>\n<p><strong>Daniele Romagnoli<\/strong> incarne plus qu\u2019un simple<br \/>\nchef m\u00e9cano : il est le lien solide entre l\u2019\u00e9quipe, la moto et le<br \/>\npilote. Gr\u00e2ce \u00e0 sa connaissance accrue de la RS\u2011GP, sa complicit\u00e9<br \/>\navec <a href=\"https:\/\/www.paddock-gp.com\/motogp-jorge-martin-le-retour-du-champion-massimo-rivola-salue-une-performance-exceptionnelle-et-une-page-tournee-chez-aprilia\/\" rel=\"nofollow noopener\" target=\"_blank\"><br \/>\n<strong>Jorge Martin<\/strong><\/a> et l\u2019\u00e9mulation entre pilotes,<br \/>\n<a href=\"https:\/\/www.paddock-gp.com\/motogp-massimo-rivola-jubile-a-brno-deux-coqs-dans-le-meme-poulailler-un-defi-quaprilia-est-pret-a-relever\/\" rel=\"nofollow noopener\" target=\"_blank\"><br \/>\n<strong>Aprilia<\/strong><\/a> dispose aujourd\u2019hui d\u2019un atout ma\u00eetre<br \/>\npour viser l\u2019or cette saison.<\/p>\n<p><img loading=\"lazy\" decoding=\"async\" class=\"aligncenter\" src=\"https:\/\/www.europesays.com\/fr\/wp-content\/uploads\/2025\/07\/martin-valera.jpg\" alt=\"MAIS CELA EN VAUT-IL LA PEINE ? Jorge Mart\u00edn revient \u00e0 Brno et oui, il restera chez Aprilia : \u00ab Nous avons beaucoup de potentiel \u00bb\" width=\"883\" height=\"462\"\/><\/p>\n","protected":false},"excerpt":{"rendered":"Chef m\u00e9cano de Jorge Martin depuis son arriv\u00e9e chez Aprilia, Daniele Romagnoli, alias \u00ab\u00a0Radar\u00a0\u00bb, fait le point sur&hellip;\n","protected":false},"author":2,"featured_media":274847,"comment_status":"","ping_status":"","sticky":false,"template":"","format":"standard","meta":{"footnotes":""},"categories":[1413],"tags":[1011,27,1457,1456,60],"class_list":{"0":"post-274846","1":"post","2":"type-post","3":"status-publish","4":"format-standard","5":"has-post-thumbnail","7":"category-moto","8":"tag-fr","9":"tag-france","10":"tag-moto","11":"tag-motocycle","12":"tag-sports"},"share_on_mastodon":{"url":"https:\/\/pubeurope.com\/@fr\/114918776145155348","error":""},"_links":{"self":[{"href":"https:\/\/www.europesays.com\/fr\/wp-json\/wp\/v2\/posts\/274846","targetHints":{"allow":["GET"]}}],"collection":[{"href":"https:\/\/www.europesays.com\/fr\/wp-json\/wp\/v2\/posts"}],"about":[{"href":"https:\/\/www.europesays.com\/fr\/wp-json\/wp\/v2\/types\/post"}],"author":[{"embeddable":true,"href":"https:\/\/www.europesays.com\/fr\/wp-json\/wp\/v2\/users\/2"}],"replies":[{"embeddable":true,"href":"https:\/\/www.europesays.com\/fr\/wp-json\/wp\/v2\/comments?post=274846"}],"version-history":[{"count":0,"href":"https:\/\/www.europesays.com\/fr\/wp-json\/wp\/v2\/posts\/274846\/revisions"}],"wp:featuredmedia":[{"embeddable":true,"href":"https:\/\/www.europesays.com\/fr\/wp-json\/wp\/v2\/media\/274847"}],"wp:attachment":[{"href":"https:\/\/www.europesays.com\/fr\/wp-json\/wp\/v2\/media?parent=274846"}],"wp:term":[{"taxonomy":"category","embeddable":true,"href":"https:\/\/www.europesays.com\/fr\/wp-json\/wp\/v2\/categories?post=274846"},{"taxonomy":"post_tag","embeddable":true,"href":"https:\/\/www.europesays.com\/fr\/wp-json\/wp\/v2\/tags?post=274846"}],"curies":[{"name":"wp","href":"https:\/\/api.w.org\/{rel}","templated":true}]}}