{"id":274858,"date":"2025-07-26T09:20:16","date_gmt":"2025-07-26T09:20:16","guid":{"rendered":"https:\/\/www.europesays.com\/fr\/274858\/"},"modified":"2025-07-26T09:20:16","modified_gmt":"2025-07-26T09:20:16","slug":"un-livre-pour-sensibiliser-a-legalite","status":"publish","type":"post","link":"https:\/\/www.europesays.com\/fr\/274858\/","title":{"rendered":"un livre pour sensibiliser \u00e0 l\u2019\u00e9galit\u00e9"},"content":{"rendered":"<p data-end=\"1164\" data-start=\"640\">D\u00e8s les premi\u00e8res pages, Samantha Feitelson annonce la couleur : <strong>ici, pas de th\u00e9orie aride ni de le\u00e7on magistrale<\/strong>. Publi\u00e9 chez Beta Publisher dans la collection engag\u00e9e <strong>\u00c0 sexe \u00e9gal<\/strong>, cet ab\u00e9c\u00e9daire revisite les grandes notions du f\u00e9minisme contemporain en 26 entr\u00e9es limpides, de \u00ab\u00a0Autonomie\u00a0\u00bb \u00e0 \u00ab\u00a0Zone grise\u00a0\u00bb. Chaque mot devient le point de d\u00e9part d\u2019une r\u00e9flexion vivante, illustr\u00e9e par des exemples concrets, des r\u00e9f\u00e9rences culturelles, des donn\u00e9es actuelles\u2026 et surtout, une voix humaine, chaleureuse, \u00e0 hauteur de lecteur. <\/p>\n<p data-end=\"1642\" data-start=\"1166\">Con\u00e7u comme une prise de parole aussi bien intime que politique, cet ouvrage est particuli\u00e8rement adapt\u00e9 aux lyc\u00e9ens, \u00e9tudiants ou jeunes adultes qui cherchent \u00e0 mieux comprendre des sujets parfois flous ou mal transmis : le consentement, la charge mentale, le patriarcat, les violences sexistes, l\u2019intersectionnalit\u00e9. Sans jamais infantiliser ni complexifier, l\u2019autrice choisit une langue fluide, directe, parfois dr\u00f4le, souvent bouleversante \u2014 id\u00e9ale pour cr\u00e9er le dialogue. <\/p>\n","protected":false},"excerpt":{"rendered":"D\u00e8s les premi\u00e8res pages, Samantha Feitelson annonce la couleur : ici, pas de th\u00e9orie aride ni de le\u00e7on&hellip;\n","protected":false},"author":2,"featured_media":274859,"comment_status":"","ping_status":"","sticky":false,"template":"","format":"standard","meta":{"footnotes":""},"categories":[1357],"tags":[41432,41433,41434,1379,251,58,59,6757,1011,27,1351,1380,41435],"class_list":{"0":"post-274858","1":"post","2":"type-post","3":"status-publish","4":"format-standard","5":"has-post-thumbnail","7":"category-livres","8":"tag-a-sexe-egal","9":"tag-abecedaire","10":"tag-beta-publisher","11":"tag-books","12":"tag-culture","13":"tag-divertissement","14":"tag-entertainment","15":"tag-feminisme","16":"tag-fr","17":"tag-france","18":"tag-litterature","19":"tag-livres","20":"tag-samantha-feitelson"},"share_on_mastodon":{"url":"https:\/\/pubeurope.com\/@fr\/114918799638378209","error":""},"_links":{"self":[{"href":"https:\/\/www.europesays.com\/fr\/wp-json\/wp\/v2\/posts\/274858","targetHints":{"allow":["GET"]}}],"collection":[{"href":"https:\/\/www.europesays.com\/fr\/wp-json\/wp\/v2\/posts"}],"about":[{"href":"https:\/\/www.europesays.com\/fr\/wp-json\/wp\/v2\/types\/post"}],"author":[{"embeddable":true,"href":"https:\/\/www.europesays.com\/fr\/wp-json\/wp\/v2\/users\/2"}],"replies":[{"embeddable":true,"href":"https:\/\/www.europesays.com\/fr\/wp-json\/wp\/v2\/comments?post=274858"}],"version-history":[{"count":0,"href":"https:\/\/www.europesays.com\/fr\/wp-json\/wp\/v2\/posts\/274858\/revisions"}],"wp:featuredmedia":[{"embeddable":true,"href":"https:\/\/www.europesays.com\/fr\/wp-json\/wp\/v2\/media\/274859"}],"wp:attachment":[{"href":"https:\/\/www.europesays.com\/fr\/wp-json\/wp\/v2\/media?parent=274858"}],"wp:term":[{"taxonomy":"category","embeddable":true,"href":"https:\/\/www.europesays.com\/fr\/wp-json\/wp\/v2\/categories?post=274858"},{"taxonomy":"post_tag","embeddable":true,"href":"https:\/\/www.europesays.com\/fr\/wp-json\/wp\/v2\/tags?post=274858"}],"curies":[{"name":"wp","href":"https:\/\/api.w.org\/{rel}","templated":true}]}}