{"id":274862,"date":"2025-07-26T09:22:11","date_gmt":"2025-07-26T09:22:11","guid":{"rendered":"https:\/\/www.europesays.com\/fr\/274862\/"},"modified":"2025-07-26T09:22:11","modified_gmt":"2025-07-26T09:22:11","slug":"clara-luciani-electrise-paleo-avec-son-energie-communicative-et-sa-pop-retro-rts-ch","status":"publish","type":"post","link":"https:\/\/www.europesays.com\/fr\/274862\/","title":{"rendered":"Clara Luciani \u00e9lectrise Pal\u00e9o avec son \u00e9nergie communicative et sa pop r\u00e9tro &#8211; rts.ch"},"content":{"rendered":"<p>Propuls\u00e9e sur le devant de la sc\u00e8ne en 2019 gr\u00e2ce \u00e0 \u00ab\u00a0La grenade\u00a0\u00bb, bombe devenue un hymne f\u00e9ministe, la chanteuse Clara Luciani a conquis son public en seulement trois albums. Vendredi soir, la Grande sc\u00e8ne de Pal\u00e9o a vibr\u00e9 sur les textes intimistes et les airs de\u202ffrench pop\u202f\u00e0 la touche r\u00e9tro de la Fran\u00e7aise.<\/p>\n<p>Apr\u00e8s le succ\u00e8s de \u00ab\u00a0Sainte-Victoire\u00a0\u00bb (2018) et de \u00ab\u00a0Coeur\u00a0\u00bb (2021), Clara Luciani est revenue fin 2024 avec un album intitul\u00e9 \u00ab\u00a0Mon sang\u00a0\u00bb. Trois albums qui ont d\u00e9voil\u00e9 trois facettes tr\u00e8s diff\u00e9rentes de la chanteuse fran\u00e7aise, tant\u00f4t puissante et engag\u00e9e, flamboyante et paillet\u00e9e, ou sans artifice et authentique. C&rsquo;est cette artiste multiple \u00e0 la voix grave et \u00e0 la frange seventies qu&rsquo;est venu \u00e9couter, ce vendredi soir, le public de Pal\u00e9o.<\/p>\n<p>A 21h15 devant la Grande sc\u00e8ne, alors que les derni\u00e8res lueurs du jour teignent de rose les nuages qui d\u00e9corent le ciel de la Plaine de l&rsquo;Asse, la foule est au rendez-vous pour accueillir les musiciens de Clara Luciani qui font leur entr\u00e9e alors que la sc\u00e8ne s&rsquo;illumine. Ils entament imm\u00e9diatement les premi\u00e8res notes \u00e9lectriques\u00a0de \u00ab\u00a0Courage\u00a0\u00bb, hymne pop-rock poignant et tr\u00e8s personnel \u00e0 la charge mentale, issu de son dernier album.<\/p>\n<p>Chemisier blanc transparent sur un d\u00e9bardeur blanc et un pantalon de cuir noir sur des bottines rock&rsquo;n&rsquo;roll, Clara Luciani d\u00e9barque sur sc\u00e8ne, jouant des codes de tous les styles dont elle tire ses influences. Elle encha\u00eene, souriante, avec le titre \u00ab\u00a0Nue\u00a0\u00bb d\u00e9voilant la complicit\u00e9 \u00e9vidente qu&rsquo;elle partage avec ses musiciens.<\/p>\n<p>Le public de Pal\u00e9o mit au d\u00e9fi<\/p>\n<p>\u00ab\u00a0Bonsoir Pal\u00e9o!\u00a0J&rsquo;ai une bonne et une mauvaise nouvelle: la bonne, c&rsquo;est que j&rsquo;ai d&rsquo;excellents souvenirs de la derni\u00e8re fois qu&rsquo;on a jou\u00e9 ici. La mauvaise, c&rsquo;est que vous avez la lourde t\u00e2che de faire encore mieux!\u00a0\u00bb Le ton est donn\u00e9. Clara Luciani, d\u00e9j\u00e0 venue \u00e0 Pal\u00e9o en 2018, met au d\u00e9fi le public de la Grande sc\u00e8ne. Et c&rsquo;est sur la pop r\u00e9tro entra\u00eenante de sa chanson \u00ab\u00a0Amour toujours\u00a0\u00bb qu&rsquo;elle embarque une audience enthousiaste et r\u00e9ceptive dans une ambiance conviviale.<\/p>\n<p>Apr\u00e8s son hymne \u00e0 la solitude, \u00ab\u00a0Seule\u00a0\u00bb, suivi de la d\u00e9claration d&rsquo;amour \u00e0 son a\u00een\u00e9e sur le titre \u00ab\u00a0Ma soeur\u00a0\u00bb, puis le plus m\u00e9lancolique \u00ab\u00a0Coeur\u00a0\u00bb sur des touches disco dansantes, la chanteuse s&#8217;empare de sa guitare et \u00e9lectrise la foule avec \u00ab\u00a0Allez\u00a0\u00bb, un morceau o\u00f9 se m\u00ealent \u00e0 la perfection la douceur et la puissance de la voix grave d&rsquo;une Clara Luciani dont la classe n&rsquo;a d&rsquo;\u00e9gal que la simplicit\u00e9.<\/p>\n<p> <img decoding=\"async\" src=\"https:\/\/www.europesays.com\/fr\/wp-content\/uploads\/2025\/07\/qp1zgz-28953042.image\" alt=\"Clara Luciani, sur la Grande sc\u00e8ne de Pal\u00e9o, vendredi 25 juillet 2025. [KEYSTONE - SALVATORE DI NOLFI]\" title=\"Clara Luciani, sur la Grande sc\u00e8ne de Pal\u00e9o, vendredi 25 juillet 2025. [KEYSTONE - SALVATORE DI NOLFI]\" loading=\"lazy\"\/>  Clara Luciani, sur la Grande sc\u00e8ne de Pal\u00e9o, vendredi 25 juillet 2025. [KEYSTONE &#8211; SALVATORE DI NOLFI] Hommages \u00e0 ses idoles<\/p>\n<p>L&rsquo;artiste f\u00e9minine des Victoires de la musique 2020 et 2022 n&rsquo;omet pas les hommages \u00e0 ses idoles. Avec \u00ab\u00a0Comme toi\u00a0\u00bb, titre issu de son premier album, elle rend un hommage vibrant (et stroboscopique) \u00e0 Fran\u00e7oise Hardy, terminant sa chanson par quelques paroles du tube \u00ab\u00a0Tous les gar\u00e7ons et les filles\u00a0\u00bb, paru en 1962. Plus tard, c&rsquo;est \u00e0 ABBA qu&rsquo;elle d\u00e9die la reprise de \u00ab\u00a0Bravo tu as gagn\u00e9\u00a0\u00bb (\u00ab\u00a0The Winner Takes It All\u00a0\u00bb dans sa version originale de 1980, dont la version fran\u00e7aise a \u00e9t\u00e9 interpr\u00e9t\u00e9e par Mireille Mathieu en 1981), seule sur sc\u00e8ne avec sa guitare.<\/p>\n<p>Mais le moment que tout le monde attend, c&rsquo;est \u00ab\u00a0La grenade\u00a0\u00bb qui explose avec une intensit\u00e9 folle, sous les acclamations et les cris du public qui conna\u00eet par coeur le refrain de cet hymne f\u00e9ministe qui a \u00e9lev\u00e9 la chanteuse au rang d&rsquo;ic\u00f4ne d\u00e8s son premier album en 2019.<\/p>\n<p>Une \u00e9nergie communicative<\/p>\n<p>Apr\u00e8s une parenth\u00e8se pour souhaiter un joyeux anniversaire \u00e0 son batteur, Clara Luciani entame le tr\u00e8s personnel \u00ab\u00a0Tout pour moi\u00a0\u00bb, suivi du titre explosif disco-funk aux accents electro-pop \u00ab\u00a0La baie\u00a0\u00bb qui fait danser avec enthousiasme un public d\u00e9finitivement conquis par l&rsquo;\u00e9nergie et le sourire sinc\u00e8re et communicatif de la chanteuse.<\/p>\n<p>C&rsquo;est sur une ambiance vintage tr\u00e8s seventies avec \u00ab\u00a0Le reste\u00a0\u00bb, puis avec un hymne au l\u00e2cher-prise, \u00ab\u00a0Respire encore\u00a0\u00bb, que la Fran\u00e7aise conclut son concert, remerciant non seulement ses musiciens, mais \u00e9galement les \u00e9quipes techniques, les b\u00e9n\u00e9voles, et tout le public du Pal\u00e9o. Une mani\u00e8re de souligner, s&rsquo;il le fallait encore, \u00e0 quel point cette figure de la pop fran\u00e7aise sait allier \u00e0 la perfection classe, bienveillance et authenticit\u00e9.<\/p>\n<p><b>&gt;&gt; A consulter aussi, notre dossier: <a href=\"https:\/\/www.rts.ch\/info\/culture\/musiques\/2025\/minute-par-minute\/28949063.html\" data-item-id=\"richtext_link\" rel=\"nofollow noopener\" target=\"_blank\">Suivi de la 48e \u00e9dition du Pal\u00e9o Festival<\/a><\/b><\/p>\n<p class=\"sources\">Lara Donnet<\/p>\n","protected":false},"excerpt":{"rendered":"Propuls\u00e9e sur le devant de la sc\u00e8ne en 2019 gr\u00e2ce \u00e0 \u00ab\u00a0La grenade\u00a0\u00bb, bombe devenue un hymne f\u00e9ministe,&hellip;\n","protected":false},"author":2,"featured_media":274863,"comment_status":"","ping_status":"","sticky":false,"template":"","format":"standard","meta":{"footnotes":""},"categories":[1355],"tags":[1692,1693,1696,22007,251,58,893,59,1011,3844,27,1361,14224,873,1698,41436,1969],"class_list":{"0":"post-274862","1":"post","2":"type-post","3":"status-publish","4":"format-standard","5":"has-post-thumbnail","7":"category-musique","8":"tag-album","9":"tag-arts-et-divertissement","10":"tag-chanteur","11":"tag-clara-luciani","12":"tag-culture","13":"tag-divertissement","14":"tag-energie","15":"tag-entertainment","16":"tag-fr","17":"tag-francais","18":"tag-france","19":"tag-music","20":"tag-musicien","21":"tag-musique","22":"tag-musiques","23":"tag-paleo-festival-nyon","24":"tag-style"},"share_on_mastodon":{"url":"https:\/\/pubeurope.com\/@fr\/114918807736002533","error":""},"_links":{"self":[{"href":"https:\/\/www.europesays.com\/fr\/wp-json\/wp\/v2\/posts\/274862","targetHints":{"allow":["GET"]}}],"collection":[{"href":"https:\/\/www.europesays.com\/fr\/wp-json\/wp\/v2\/posts"}],"about":[{"href":"https:\/\/www.europesays.com\/fr\/wp-json\/wp\/v2\/types\/post"}],"author":[{"embeddable":true,"href":"https:\/\/www.europesays.com\/fr\/wp-json\/wp\/v2\/users\/2"}],"replies":[{"embeddable":true,"href":"https:\/\/www.europesays.com\/fr\/wp-json\/wp\/v2\/comments?post=274862"}],"version-history":[{"count":0,"href":"https:\/\/www.europesays.com\/fr\/wp-json\/wp\/v2\/posts\/274862\/revisions"}],"wp:featuredmedia":[{"embeddable":true,"href":"https:\/\/www.europesays.com\/fr\/wp-json\/wp\/v2\/media\/274863"}],"wp:attachment":[{"href":"https:\/\/www.europesays.com\/fr\/wp-json\/wp\/v2\/media?parent=274862"}],"wp:term":[{"taxonomy":"category","embeddable":true,"href":"https:\/\/www.europesays.com\/fr\/wp-json\/wp\/v2\/categories?post=274862"},{"taxonomy":"post_tag","embeddable":true,"href":"https:\/\/www.europesays.com\/fr\/wp-json\/wp\/v2\/tags?post=274862"}],"curies":[{"name":"wp","href":"https:\/\/api.w.org\/{rel}","templated":true}]}}