{"id":274866,"date":"2025-07-26T09:24:10","date_gmt":"2025-07-26T09:24:10","guid":{"rendered":"https:\/\/www.europesays.com\/fr\/274866\/"},"modified":"2025-07-26T09:24:10","modified_gmt":"2025-07-26T09:24:10","slug":"faut-il-remplacer-la-viande-et-les-laitages-par-ces-nouveaux-aliments-vegetaux-riches-en-fibres-les-decouvertes-recentes-qui-bousculent-nos-assiettes","status":"publish","type":"post","link":"https:\/\/www.europesays.com\/fr\/274866\/","title":{"rendered":"Faut-il remplacer la viande et les laitages par ces nouveaux aliments v\u00e9g\u00e9taux riches en fibres\u202f? Les d\u00e9couvertes r\u00e9centes qui bousculent nos assiettes"},"content":{"rendered":"<p><strong>Galette de pois chiches, yaourt v\u00e9g\u00e9tal au lait d&rsquo;avoine, steak de haricots rouges\u2026 Impossible de passer \u00e0 c\u00f4t\u00e9 de la d\u00e9ferlante des alternatives v\u00e9g\u00e9tales dans les rayons ! Face \u00e0 ce tourbillon de nouveaut\u00e9s, la tentation est grande de r\u00e9inventer totalement nos repas. Remplacer la viande et les laitages traditionnels par des aliments v\u00e9g\u00e9taux riches en fibres est-il vraiment la nouvelle martingale sant\u00e9, ou s&rsquo;agit-il d&rsquo;un simple effet de mode ? D\u00e9cryptage d&rsquo;une tendance qui titille papilles, mentalit\u00e9s et convictions.<\/strong><\/p>\n<p> La r\u00e9volution v\u00e9g\u00e9tale frappe \u00e0 la porte de nos cuisines<br \/>\n Le boom des aliments riches en fibres dans nos assiettes<\/p>\n<p>Depuis quelques ann\u00e9es, la sc\u00e8ne alimentaire fran\u00e7aise conna\u00eet une v\u00e9ritable m\u00e9tamorphose. Fini le temps du trio steak-frites-yaourt, la vedette revient aujourd&rsquo;hui \u00e0 des aliments plus color\u00e9s, vari\u00e9s et\u2026 <strong>naturellement riches en fibres<\/strong>. Lentilles corail, pois chiches, haricots, graines de chia ou de lin s&rsquo;invitent \u00e0 table, tout comme le fameux pain complet et les c\u00e9r\u00e9ales \u00ab\u00a0anciennes\u00a0\u00bb. Les chiffres l&rsquo;attestent : les ventes de produits v\u00e9g\u00e9taux ne cessent de cro\u00eetre, au d\u00e9triment de certains classiques du rayon boucherie et cr\u00e9merie.<\/p>\n<p><strong>Ce regain d&rsquo;int\u00e9r\u00eat pour les fibres<\/strong> n&rsquo;est pas anodin. Consommer entre 25 \u00e0 30 grammes de fibres par jour appara\u00eet d\u00e9sormais comme la r\u00e8gle d&rsquo;or pour entretenir la sant\u00e9 digestive et pr\u00e9venir divers troubles associ\u00e9s \u00e0 une alimentation trop \u00ab blanche \u00bb ou raffin\u00e9e.<\/p>\n<p>Substituts v\u00e9g\u00e9taux : une simple mode ou un v\u00e9ritable changement de soci\u00e9t\u00e9 ?<\/p>\n<p>Les alternatives \u00e0 la viande et aux laitages s&rsquo;affichent partout : nuggets v\u00e9g\u00e9, fromages v\u00e9g\u00e9taux, steaks \u00e0 base de pois ou de soja\u2026 Est-on devant un simple engouement passager, ou face \u00e0 <strong>une \u00e9volution durable de nos modes de vie<\/strong> ? Force est de constater que les jeunes g\u00e9n\u00e9rations adh\u00e8rent massivement \u00e0 ces changements, influen\u00e7ant alors l&rsquo;ensemble des foyers. Moins de tabous, plus de curiosit\u00e9 \u2013 la \u00ab\u00a0veggie mania\u00a0\u00bb n&rsquo;est plus l&rsquo;apanage des cercles urbains !<\/p>\n<p>Pourquoi ce glissement ? Le go\u00fbt d&rsquo;abord (fini le tofu fade !), mais aussi <strong>la volont\u00e9 de consommer plus durablement<\/strong>, de pr\u00e9server la plan\u00e8te et \u2013 sans surprise \u2013 de prot\u00e9ger sa sant\u00e9. Les industriels, flairant le vent, innovent \u00e0 toute vitesse, contribuant \u00e0 installer durablement ces habitudes dans nos casseroles.<\/p>\n<p> Pourquoi nos habitudes basculent-elles vers le v\u00e9g\u00e9tal ?<br \/>\nSant\u00e9, environnement, bien-\u00eatre animal : des motivations multiples<\/p>\n<p>Si la France reste attach\u00e9e \u00e0 sa gastronomie, la prise de conscience collective sur les enjeux environnementaux bouscule m\u00eame les plus traditionnels. R\u00e9duire la consommation de viande ou de laitages s&rsquo;inscrit souvent dans un choix global : <strong>rechercher un mode de vie plus sain, respectueux de la plan\u00e8te et des \u00eatres vivants<\/strong>.<\/p>\n<p>Limiter les prot\u00e9ines animales permettrait de r\u00e9duire les \u00e9missions de gaz \u00e0 effet de serre, d&rsquo;\u00e9pargner des ressources naturelles et de lutter contre la maltraitance animale. Ajoutez \u00e0 cela les pr\u00e9occupations concernant certains additifs ou m\u00e9thodes d&rsquo;\u00e9levage, et <strong>le v\u00e9g\u00e9tal s\u00e9duit chaque jour<\/strong> de nouveaux gourmets et gourmettes.<\/p>\n<p>Quand la science s&rsquo;en m\u00eale : les d\u00e9couvertes qui font vaciller les rep\u00e8res<\/p>\n<p>Les connaissances sur la nutrition avancent \u00e0 grands pas. Longtemps, la viande et les laitages ont \u00e9t\u00e9 consid\u00e9r\u00e9s comme des piliers indispensables, synonymes de bonne sant\u00e9 et d&rsquo;ossature solide. <strong>Or, de r\u00e9centes d\u00e9couvertes bouleversent la donne<\/strong> : une consommation excessive de prot\u00e9ines animales serait associ\u00e9e \u00e0 certains d\u00e9sagr\u00e9ments (probl\u00e8mes cardiovasculaires, troubles m\u00e9taboliques, fatigue digestive\u2026). \u00c0 l&rsquo;inverse, <strong>les fibres v\u00e9g\u00e9tales<\/strong>, longtemps boud\u00e9es, r\u00e9v\u00e8lent des propri\u00e9t\u00e9s sur la digestion, l&rsquo;immunit\u00e9 ou la r\u00e9gulation du cholest\u00e9rol qui s\u00e9duisent.<\/p>\n<p>Viande et laitages : des prot\u00e9ines animales aux allures de classiques contest\u00e9s<br \/>\n Les b\u00e9n\u00e9fices reconnus\u2026 et les limites qui \u00e9mergent<\/p>\n<p>Impossible de faire table rase du pass\u00e9 : <strong>la viande et les produits laitiers restent d&rsquo;excellentes sources de prot\u00e9ines compl\u00e8tes, de fer, de calcium et de vitamines B12<\/strong>. Ils ont accompagn\u00e9 des g\u00e9n\u00e9rations, synonymes de croissance, d&rsquo;\u00e9nergie et de convivialit\u00e9.<\/p>\n<p>Mais la m\u00e9daille a son revers. Aujourd&rsquo;hui, le d\u00e9bat s&rsquo;\u00e9largit : consommation excessive, qualit\u00e9 variable, mode d&rsquo;\u00e9levage et transformation industrielle questionnent de plus en plus. <strong>La France s&rsquo;interroge<\/strong> : faut-il r\u00e9duire, remplacer\u2026 ou simplement trier avec discernement ?<\/p>\n<p>Le d\u00e9bat sur les risques et l&rsquo;exc\u00e8s : \u00e9clairages r\u00e9cents<\/p>\n<p>Une alimentation trop centr\u00e9e sur la viande rouge et les fromages gras a \u00e9t\u00e9 point\u00e9e du doigt, notamment pour ses potentielles cons\u00e9quences sur la sant\u00e9 cardiaque ou digestive. \u00c0 l&rsquo;inverse, une restriction totale, non compens\u00e9e par de bons apports v\u00e9g\u00e9taux, expose au risque de carences en vitamine B12, en fer biodisponible ou en calcium.<\/p>\n<p><strong>L&rsquo;\u00e9quilibre reste donc la cl\u00e9<\/strong> : ni d\u00e9moniser, ni encenser, mais choisir la qualit\u00e9, la diversit\u00e9 et la juste mesure. Les plus avis\u00e9s privil\u00e9gient la vari\u00e9t\u00e9 et la saisonnalit\u00e9 sans jamais tomber dans les extr\u00eames.<\/p>\n<p>Aliments v\u00e9g\u00e9taux riches en fibres : r\u00e9volution nutritionnelle ou mirage marketing ?<br \/>\n Les promesses des fibres pour la sant\u00e9 moderne<\/p>\n<p>L&rsquo;int\u00e9r\u00eat pour les fibres ne tient pas du hasard. Elles sont reconnues pour stimuler le <a href=\"https:\/\/journaldesseniors.20minutes.fr\/cuisine\/quels-sont-ces-5-aliments-sournois-qui-aggravent-la-constipation-chez-les-seniors-et-comment-les-eviter\/\" target=\"_blank\" rel=\"noopener\">transit<\/a>, nourrir la flore intestinale, limiter l&rsquo;absorption de mauvais cholest\u00e9rol et r\u00e9guler la glyc\u00e9mie apr\u00e8s les repas. <strong>Manger plus de fibres, c&rsquo;est prendre soin de son ventre \u2013 mais aussi de son c\u0153ur et de son cerveau<\/strong>.<\/p>\n<p>Les nouveaux substituts v\u00e9g\u00e9taux promettent parfois monts et merveilles, associant apport en fibres, prot\u00e9ines, go\u00fbt et praticit\u00e9. <strong>Haricots blancs, pois cass\u00e9s, seigle, \u00e9peautre<\/strong>\u2026 Les cartes sont rebattues, avec la promesse de menus \u00e0 la fois savoureux et \u00e9quilibr\u00e9s.<\/p>\n<p>Substituts et all\u00e9gations : d\u00e9cryptage des \u00e9tiquettes et des compositions<\/p>\n<p>Attention cependant aux promesses marketing. <strong>Tous les produits estampill\u00e9s \u00ab\u00a0v\u00e9g\u00e9taux\u00a0\u00bb ou \u00ab\u00a0riches en fibres\u00a0\u00bb ne se valent pas<\/strong>. Certains substituts affichent des listes d&rsquo;ingr\u00e9dients longues comme le bras, avec additifs, sels ou sucres ajout\u00e9s. D&rsquo;autres, moins transform\u00e9s, misent sur le \u00ab\u00a0brut\u00a0\u00bb : pois chiches, lentilles, noix, simples et efficaces.<\/p>\n<p>Avant de remplir son panier, un conseil : jeter un \u0153il attentif aux \u00e9tiquettes, <strong>privil\u00e9gier les aliments peu transform\u00e9s<\/strong> et ne pas se laisser aveugler par les all\u00e9gations commerciales souvent racoleuses. Un pain complet vaut parfois largement un burger v\u00e9g\u00e9tal ultra-travaill\u00e9, tout comme des pois cass\u00e9s maison font des merveilles.<\/p>\n<p> Faut-il vraiment remplacer ou simplement r\u00e9inventer l&rsquo;\u00e9quilibre alimentaire ?<br \/>\nLes experts appellent \u00e0 la nuance : danger du tout-ou-rien<\/p>\n<p>Face \u00e0 la pouss\u00e9e du v\u00e9g\u00e9tal, il serait tentant de tomber dans les extr\u00eames : tout remettre \u00e0 plat, bannir viande et fromage du jour au lendemain. <strong>Or, l&rsquo;essentiel r\u00e9side dans la nuance<\/strong>. L&rsquo;\u00e9quilibre alimentaire est un orchestre, o\u00f9 chaque famille d&rsquo;aliments a son r\u00f4le.<\/p>\n<p>R\u00e9duire la viande et les laitages, oui, mais sans oublier ce qu&rsquo;ils apportent : <strong>prot\u00e9ines de qualit\u00e9, calcium, fer assimilable<\/strong>. \u00c0 l&rsquo;inverse, booster la part de v\u00e9g\u00e9tal enrichit la palette nutritionnelle de fibres, de vitamines et d&rsquo;antioxydants. Gare au \u00ab\u00a0tout ou rien\u00a0\u00bb : la sant\u00e9 et le plaisir r\u00e9sident souvent dans le juste-milieu, celui du \u00ab\u00a0flexitarien\u00a0\u00bb averti.<\/p>\n<p>Manger \u00ab flexitarien \u00bb : vers la coexistence intelligente des deux mondes<\/p>\n<p>Le terme fait d\u00e9sormais flor\u00e8s : \u00eatre flexitarien, c&rsquo;est choisir <strong>volontairement l&rsquo;alternance<\/strong>. Moins de viande, mais de meilleure qualit\u00e9 ; plus de plats v\u00e9g\u00e9taux, mais sans pression ni privation. On marie steak et pois chiches, yaourt nature et compote d&rsquo;abricots maison, fromage affin\u00e9 et quiche aux brocolis. En bref, <strong>on r\u00e9concilie tradition et innovation sans dogmatisme<\/strong>.<\/p>\n<p>Demain dans nos caddies : \u00e0 quoi ressembleront nos choix alimentaires ?<br \/>\nHausse attendue des alternatives v\u00e9g\u00e9tales : ce que r\u00e9v\u00e8lent les \u00e9tudes et tendances<\/p>\n<p>L&rsquo;avenir semble tout trac\u00e9. Selon les tendances r\u00e9centes, la part des aliments riches en fibres et des alternatives v\u00e9g\u00e9tales devrait continuer \u00e0 grimper dans les paniers fran\u00e7ais ces prochaines ann\u00e9es. <strong>Le rapport NielsenIQ 2025 anticipe une progression soutenue de ces achats<\/strong> au d\u00e9triment des prot\u00e9ines animales classiques, poussant les marques \u00e0 innover et \u00e0 diversifier leurs offres.<\/p>\n<p>Mais la France n&rsquo;est pas uniforme : si certains territoires restent fid\u00e8les au fromage de brebis ou au p\u00e2t\u00e9 de campagne, d&rsquo;autres misent d\u00e9j\u00e0 sur les galettes de c\u00e9r\u00e9ales et les laits v\u00e9g\u00e9taux. <strong>Cette diversit\u00e9 refl\u00e8te nos r\u00e9gions<\/strong>, nos histoires\u2026 et nos convictions alimentaires.<\/p>\n<p> Conseils pratiques pour naviguer entre tradition et innovation dans l&rsquo;assiette<\/p>\n<p>La tentation de bouleverser ses repas peut \u00eatre grande \u2013 mais l&rsquo;important, c&rsquo;est d&rsquo;y aller \u00e0 son rythme !<\/p>\n<ul>\n<li><strong>Privil\u00e9gier les aliments peu ou pas transform\u00e9s<\/strong> (l\u00e9gumineuses, c\u00e9r\u00e9ales compl\u00e8tes, <a href=\"https:\/\/journaldesseniors.20minutes.fr\/cuisine\/faut-il-limiter-consommation-courges-risques-caches\/\" target=\"_blank\" rel=\"noopener\">l\u00e9gumes<\/a> frais ou surgel\u00e9s)<\/li>\n<li><strong>Introduire progressivement<\/strong> de nouveaux produits v\u00e9g\u00e9taux, en alternant avec les habitudes existantes<\/li>\n<li><strong>V\u00e9rifier les \u00e9tiquettes<\/strong> et ne pas se laisser s\u00e9duire par l&rsquo;effet nouveaut\u00e9 : plus la liste d&rsquo;ingr\u00e9dients est courte, mieux c&rsquo;est<\/li>\n<li><strong>Composer des assiettes \u00e9quilibr\u00e9es<\/strong>, en pensant au trio fibres \u2013 prot\u00e9ines \u2013 vitamines<\/li>\n<li><strong>Ne pas culpabiliser<\/strong> en gardant une part de fromage ou de viande de temps en temps\u2026 l&rsquo;essentiel, c&rsquo;est la r\u00e9gularit\u00e9 et le plaisir !<\/li>\n<\/ul>\n<p>Un petit conseil gourmand pour tester chez soi ? <strong>Saupoudrer ses plats de graines vari\u00e9es<\/strong> ou glisser quelques pois chiches dans un couscous revisit\u00e9\u2026 de quoi r\u00e9concilier tradition et modernit\u00e9 avec panache.<\/p>\n<p> Ce que l&rsquo;on retient et comment agir face \u00e0 la mutation de nos assiettes<br \/>\n Les principales \u00e9volutions \u00e0 retenir sur la substitution des prot\u00e9ines animales<\/p>\n<p>Les rayons de nos supermarch\u00e9s t\u00e9moignent d&rsquo;un changement profond. <strong>Les alternatives v\u00e9g\u00e9tales s&rsquo;installent durablement, port\u00e9es par la qu\u00eate d&rsquo;\u00e9quilibre, de sant\u00e9 et de durabilit\u00e9<\/strong>. Nul besoin d&rsquo;opposer \u00ab\u00a0hier et demain\u00a0\u00bb : la tendance est \u00e0 la sagesse, \u00e0 l&rsquo;ouverture, \u00e0 la curiosit\u00e9. On ne remplace pas, on enrichit !<\/p>\n<p>Prendre le meilleur des deux mondes : pistes pour manger sain, durable et vari\u00e9 demain<\/p>\n<p>Adopter les aliments v\u00e9g\u00e9taux riches en fibres, c&rsquo;est <strong>offrir du neuf \u00e0 son organisme<\/strong> et diversifier ses apports, tout en pr\u00e9servant ses plaisirs et ses traditions. Le vrai secret ? Apprendre \u00e0 d\u00e9crypter, \u00e0 varier, \u00e0 exp\u00e9rimenter \u2013 et surtout \u00e0 savourer. Ouvrir son horizon alimentaire, c&rsquo;est aussi ouvrir la porte \u00e0 plus de vitalit\u00e9 et d&rsquo;\u00e9nergie au quotidien.<\/p>\n<p>La transformation de notre alimentation s&rsquo;inscrit dans une \u00e9volution plus large de notre soci\u00e9t\u00e9. <strong>Le futur de l&rsquo;alimentation fran\u00e7aise s&rsquo;\u00e9crira<\/strong> s\u00fbrement au pluriel. Pas de renoncement, mais une invitation \u00e0 go\u00fbter \u00e0 la fois aux richesses du terroir et \u00e0 l&rsquo;inventivit\u00e9 des alternatives v\u00e9g\u00e9tales. Et demain, qu&rsquo;y aura-t-il dans votre panier ? Sans doute un peu des deux \u2013 et c&rsquo;est tr\u00e8s bien ainsi.<\/p>\n","protected":false},"excerpt":{"rendered":"Galette de pois chiches, yaourt v\u00e9g\u00e9tal au lait d&rsquo;avoine, steak de haricots rouges\u2026 Impossible de passer \u00e0 c\u00f4t\u00e9&hellip;\n","protected":false},"author":2,"featured_media":274867,"comment_status":"","ping_status":"","sticky":false,"template":"","format":"standard","meta":{"footnotes":""},"categories":[10],"tags":[1011,27,72,56,71],"class_list":{"0":"post-274866","1":"post","2":"type-post","3":"status-publish","4":"format-standard","5":"has-post-thumbnail","7":"category-sante","8":"tag-fr","9":"tag-france","10":"tag-health","11":"tag-push","12":"tag-sante"},"share_on_mastodon":{"url":"https:\/\/pubeurope.com\/@fr\/114918815426480179","error":""},"_links":{"self":[{"href":"https:\/\/www.europesays.com\/fr\/wp-json\/wp\/v2\/posts\/274866","targetHints":{"allow":["GET"]}}],"collection":[{"href":"https:\/\/www.europesays.com\/fr\/wp-json\/wp\/v2\/posts"}],"about":[{"href":"https:\/\/www.europesays.com\/fr\/wp-json\/wp\/v2\/types\/post"}],"author":[{"embeddable":true,"href":"https:\/\/www.europesays.com\/fr\/wp-json\/wp\/v2\/users\/2"}],"replies":[{"embeddable":true,"href":"https:\/\/www.europesays.com\/fr\/wp-json\/wp\/v2\/comments?post=274866"}],"version-history":[{"count":0,"href":"https:\/\/www.europesays.com\/fr\/wp-json\/wp\/v2\/posts\/274866\/revisions"}],"wp:featuredmedia":[{"embeddable":true,"href":"https:\/\/www.europesays.com\/fr\/wp-json\/wp\/v2\/media\/274867"}],"wp:attachment":[{"href":"https:\/\/www.europesays.com\/fr\/wp-json\/wp\/v2\/media?parent=274866"}],"wp:term":[{"taxonomy":"category","embeddable":true,"href":"https:\/\/www.europesays.com\/fr\/wp-json\/wp\/v2\/categories?post=274866"},{"taxonomy":"post_tag","embeddable":true,"href":"https:\/\/www.europesays.com\/fr\/wp-json\/wp\/v2\/tags?post=274866"}],"curies":[{"name":"wp","href":"https:\/\/api.w.org\/{rel}","templated":true}]}}