{"id":274872,"date":"2025-07-26T09:27:10","date_gmt":"2025-07-26T09:27:10","guid":{"rendered":"https:\/\/www.europesays.com\/fr\/274872\/"},"modified":"2025-07-26T09:27:10","modified_gmt":"2025-07-26T09:27:10","slug":"ce-que-prepare-openai-va-vous-laisser-sans-voix","status":"publish","type":"post","link":"https:\/\/www.europesays.com\/fr\/274872\/","title":{"rendered":"ce que pr\u00e9pare OpenAI va vous laisser sans voix"},"content":{"rendered":"<p><a href=\"https:\/\/openai.com\/\" rel=\"noopener noreferrer nofollow\" target=\"_blank\"><strong>OpenAI<\/strong><\/a> se pr\u00e9pare \u00e0 franchir une nouvelle \u00e9tape en intelligence artificielle avec le lancement de <strong>GPT-5<\/strong>, pr\u00e9vu pour l\u2019\u00e9t\u00e9 <strong>2025<\/strong>, justement au d\u00e9but du mois d\u2019ao\u00fbt. Ce lancement repr\u00e9sente un moment cl\u00e9 pour OpenAI, qui a d\u00e9cid\u00e9 d\u2019unifier son offre en rempla\u00e7ant toutes ses versions actuelles par un mod\u00e8le unique. Le projet vise \u00e0 rendre l\u2019IA plus simple \u00e0 utiliser et plus performante, que ce soit pour les particuliers ou pour les professionnels.<\/p>\n<p>Objectifs et d\u00e9fis de GPT-5<\/p>\n<p>Le d\u00e9veloppement de <strong>GPT-5<\/strong> s\u2019inscrit dans l\u2019optique d\u2019am\u00e9liorer la coh\u00e9rence, la fluidit\u00e9 et la facilit\u00e9 d\u2019utilisation de ses mod\u00e8les d\u2019intelligence artificielle. En s\u2019adressant aussi bien aux utilisateurs du quotidien qu\u2019aux experts, OpenAI souhaite rendre sa technologie plus accessible tout en renfor\u00e7ant ses performances. L\u2019un des buts affich\u00e9s est aussi de se rapprocher d\u2019une intelligence artificielle g\u00e9n\u00e9rale (<strong>AGI<\/strong>), m\u00eame si ce n\u2019est pas encore totalement au rendez-vous avec cette version.<\/p>\n<p>La strat\u00e9gie est de cr\u00e9er un moteur unique qui r\u00e9pond \u00e0 divers besoins gr\u00e2ce \u00e0 trois d\u00e9clinaisons pr\u00e9cises : une version \u00ab main \u00bb destin\u00e9e au grand public, une version \u00ab mini \u00bb pour les appareils moins puissants, et une version \u00ab nano \u00bb con\u00e7ue pour les int\u00e9grateurs via API. Ces versions remplaceront les appellations actuelles comme <strong>GPT-4<\/strong>, <strong>GPT-4o<\/strong>, <strong>o3<\/strong> ou <strong>Turbo<\/strong>, unifiant ainsi toute l\u2019offre sous un seul mod\u00e8le.<\/p>\n<p>Atouts techniques<\/p>\n<p>GPT-5 embarque de nombreuses innovations techniques. Il reprend le raisonnement affin\u00e9 du mod\u00e8le o3 et int\u00e8gre la r\u00e9activit\u00e9 \u00e9prouv\u00e9e du GPT-4o, tout en boostant ses capacit\u00e9s de conversation. Ses comp\u00e9tences en math\u00e9matiques, en sciences et en programmation seront \u00e9galement am\u00e9lior\u00e9es, permettant de traiter des documents tr\u00e8s longs avec une efficacit\u00e9 multipli\u00e9e par x300 par rapport \u00e0 GPT-4o, ce qui pourrait \u00eatre test\u00e9 par un <a href=\"https:\/\/lenergeek.com\/2025\/05\/15\/il-ne-la-pas-juste-reussi-chatgpt-a-humilie-le-test-de-turing\/\" rel=\"noopener noreferrer nofollow\" target=\"_blank\">test de Turing<\/a>. En plus, le mod\u00e8le pourrait \u00eatre multimodal, en \u00ab\u00a0lisant\u00a0\u00bb par exemple des vid\u00e9os.<\/p>\n<p>L\u2019int\u00e9gration native de GPT-5 dans ChatGPT simplifie vraiment l\u2019exp\u00e9rience utilisateur. Fini le choix entre plusieurs mod\u00e8les, car l\u2019usage sera d\u00e9sormais unifi\u00e9 pour tous, qu\u2019ils soient abonn\u00e9s ou non.<\/p>\n<p>Calendrier et perspectives \u00e0 venir<\/p>\n<p>M\u00eame si OpenAI n\u2019a pas encore publi\u00e9 son planning d\u00e9taill\u00e9, plusieurs signaux indiquent que le <a href=\"https:\/\/lenergeek.com\/2025\/06\/22\/chatgpt-5-sera-disponible-cet-ete-decouvrez-les-nouveautes-et-comment-les-utiliser\/\" rel=\"noopener noreferrer nofollow\" target=\"_blank\">lancement de GPT-5<\/a> sera lanc\u00e9 d\u00e9but ao\u00fbt 2025. Ce d\u00e9ploiement marquera une \u00e9tape importante pour OpenAI, qui souhaite simplifier son offre tout en proposant une intelligence unifi\u00e9e fonctionnant \u00ab\u00a0comme par magie\u00a0\u00bb. La collaboration continue avec Microsoft garantit aussi les capacit\u00e9s des serveurs n\u00e9cessaires pour supporter cette nouvelle technologie.<\/p>\n<p>Depuis ses d\u00e9buts avec <strong>GPT-3.5<\/strong> en novembre 2022 jusqu\u2019\u00e0 l\u2019usage r\u00e9cent des mod\u00e8les <strong>GPT-4o<\/strong> pour l\u2019audio et les images, et <strong>GPT-4.1<\/strong> pour le code et les t\u00e2ches longues, OpenAI a sans cesse \u00e9volu\u00e9 vers des solutions plus intuitives et performantes. Sam Altman a r\u00e9cemment qualifi\u00e9 GPT-5 de \u00ab\u00a0mod\u00e8le exp\u00e9rimental\u00a0\u00bb int\u00e9grant \u00ab\u00a0beaucoup de nos technologies\u00a0\u00bb, montrant bien l\u2019ampleur de ce projet.<\/p>\n<p>Avec toutes ces innovations, OpenAI se positionne comme un leader dans le domaine de l\u2019intelligence artificielle moderne. Les promesses de GPT-5 vont bien au-del\u00e0 des simples am\u00e9liorations techniques et dessinent le futur d\u2019une IA plus intuitive et accessible. <\/p>\n","protected":false},"excerpt":{"rendered":"OpenAI se pr\u00e9pare \u00e0 franchir une nouvelle \u00e9tape en intelligence artificielle avec le lancement de GPT-5, pr\u00e9vu pour&hellip;\n","protected":false},"author":2,"featured_media":274873,"comment_status":"","ping_status":"","sticky":false,"template":"","format":"standard","meta":{"footnotes":""},"categories":[7],"tags":[1011,27,43,40,41,39,42,44],"class_list":{"0":"post-274872","1":"post","2":"type-post","3":"status-publish","4":"format-standard","5":"has-post-thumbnail","7":"category-sciences-et-technologies","8":"tag-fr","9":"tag-france","10":"tag-science","11":"tag-science-and-technology","12":"tag-sciences","13":"tag-sciences-et-technologies","14":"tag-technologies","15":"tag-technology"},"share_on_mastodon":{"url":"https:\/\/pubeurope.com\/@fr\/114918827223642135","error":""},"_links":{"self":[{"href":"https:\/\/www.europesays.com\/fr\/wp-json\/wp\/v2\/posts\/274872","targetHints":{"allow":["GET"]}}],"collection":[{"href":"https:\/\/www.europesays.com\/fr\/wp-json\/wp\/v2\/posts"}],"about":[{"href":"https:\/\/www.europesays.com\/fr\/wp-json\/wp\/v2\/types\/post"}],"author":[{"embeddable":true,"href":"https:\/\/www.europesays.com\/fr\/wp-json\/wp\/v2\/users\/2"}],"replies":[{"embeddable":true,"href":"https:\/\/www.europesays.com\/fr\/wp-json\/wp\/v2\/comments?post=274872"}],"version-history":[{"count":0,"href":"https:\/\/www.europesays.com\/fr\/wp-json\/wp\/v2\/posts\/274872\/revisions"}],"wp:featuredmedia":[{"embeddable":true,"href":"https:\/\/www.europesays.com\/fr\/wp-json\/wp\/v2\/media\/274873"}],"wp:attachment":[{"href":"https:\/\/www.europesays.com\/fr\/wp-json\/wp\/v2\/media?parent=274872"}],"wp:term":[{"taxonomy":"category","embeddable":true,"href":"https:\/\/www.europesays.com\/fr\/wp-json\/wp\/v2\/categories?post=274872"},{"taxonomy":"post_tag","embeddable":true,"href":"https:\/\/www.europesays.com\/fr\/wp-json\/wp\/v2\/tags?post=274872"}],"curies":[{"name":"wp","href":"https:\/\/api.w.org\/{rel}","templated":true}]}}