{"id":274876,"date":"2025-07-26T09:29:12","date_gmt":"2025-07-26T09:29:12","guid":{"rendered":"https:\/\/www.europesays.com\/fr\/274876\/"},"modified":"2025-07-26T09:29:12","modified_gmt":"2025-07-26T09:29:12","slug":"george-santos-ex-elu-trumpiste-a-fait-des-adieux-dramatiques-avant-ses-7-ans-de-prison","status":"publish","type":"post","link":"https:\/\/www.europesays.com\/fr\/274876\/","title":{"rendered":"George Santos, ex-\u00e9lu trumpiste, a fait des adieux dramatiques avant ses 7\u00a0ans de prison"},"content":{"rendered":"<p>        <img decoding=\"async\" loading=\"lazy\" src=\"https:\/\/www.europesays.com\/fr\/wp-content\/uploads\/2025\/07\/456b000_upload-1-z9rtaln5zjsu-capture-d-a-cran-2025-07-26-081834.png\"  width=\"728\" height=\"409\" alt=\"George Santos, ex-\u00e9lu trumpiste, a fait des adieux dramatiques devant la prison de Fairton (New Jersey), le 25\u00a0juillet 2025.\"\/>  <\/p>\n<p>Capture X\/@MrSantosNY<\/p>\n<p>George Santos, ex-\u00e9lu trumpiste, a fait des adieux dramatiques devant la prison de Fairton (New Jersey), le 25\u00a0juillet 2025.<\/p>\n<p class=\"asset asset-text\">\u00c9TATS-UNIS &#8211; Du drama et un passage par la case prison. L\u2019ex-\u00e9lu r\u00e9publicain au Congr\u00e8s am\u00e9ricain George\u00a0Santos, devenu <a href=\"https:\/\/www.huffingtonpost.fr\/international\/article\/george-santos-representant-americain-s-est-servi-des-fonds-de-sa-campagne-pour-tout-et-surtout-n-importe-quoi_225895.html\" target=\"_blank\" rel=\"noopener\">une c\u00e9l\u00e9brit\u00e9 avec ses d\u00e9lits financiers <\/a>en s\u00e9rie visant \u00e0 maintenir son rythme de vie flamboyant, a entam\u00e9 vendredi 25\u00a0juillet une peine de sept ann\u00e9es de prison.<\/p>\n<p class=\"asset asset-text\">Avant de franchir <a href=\"https:\/\/www.huffingtonpost.fr\/international\/article\/george-santos-l-elu-republicain-specialiste-des-mensonges-arrete-pres-de-new-york_217668.html\" target=\"_blank\" rel=\"noopener\">les portes de la prison f\u00e9d\u00e9rale de Fairton<\/a>, dans le New Jersey, celui-ci a partag\u00e9 un message \u00e0 la tonalit\u00e9 dramatique \u00e0 ses \u00ab\u00a0ch\u00e9ris\u00a0\u00bb sur son compte X pour faire ses adieux. \u00ab\u00a0Le rideau tombe, les projecteurs s\u2019\u00e9teignent et les paillettes sont rang\u00e9es\u00a0\u00bb, commence-t-il. \u00ab\u00a0Des couloirs du Congr\u00e8s au chaos des cha\u00eenes d\u2019information, quel parcours\u00a0! \u00c9tait-ce chaotique\u00a0? Toujours. Glamour\u00a0? Parfois. Honn\u00eate\u00a0? J\u2019ai essay\u00e9\u2026 presque tous les jours\u00a0\u00bb, poursuit l\u2019ex-\u00e9lu trumpiste.<\/p>\n<p class=\"asset asset-text\">Il remercie ses \u00ab\u00a0partisans\u00a0\u00bb qui ont \u00ab\u00a0fait de ce cabaret politique d\u00e9brid\u00e9 un v\u00e9ritable spectacle\u00a0\u00bb, mais aussi ses d\u00e9tracteurs\u00a0pour \u00ab\u00a0la presse gratuite\u00a0\u00bb. \u00ab\u00a0Je vais peut-\u00eatre quitter la sc\u00e8ne (pour l\u2019instant), mais croyez-moi, les l\u00e9gendes ne partent jamais vraiment. Pour toujours, fabuleusement v\u00f4tre, George\u00a0\u00bb, conclut-il.<\/p>\n<p> La lecture de ce contenu est susceptible d\u2019entra\u00eener un d\u00e9p\u00f4t de cookies de la part de l\u2019op\u00e9rateur tiers qui l\u2019h\u00e9berge. Compte-tenu des choix que vous avez exprim\u00e9s en mati\u00e8re de d\u00e9p\u00f4t de cookies, nous avons bloqu\u00e9 l\u2019affichage de ce contenu. Si vous souhaitez y acc\u00e9der, vous devez accepter la cat\u00e9gorie de cookies \u201cContenus tiers\u201d en cliquant sur le bouton ci-dessous. <\/p>\n<p> Lire la Vid\u00e9o        Mensonges r\u00e9p\u00e9t\u00e9s    <\/p>\n<p class=\"asset asset-text\">Pour son passif, l\u2019ancien d\u00e9put\u00e9 de 37\u00a0ans a \u00e9t\u00e9 accus\u00e9 de s\u2019\u00eatre servi ill\u00e9galement des identit\u00e9s et de donn\u00e9es financi\u00e8res personnelles de donateurs \u00e0 sa campagne pour leur subtiliser des fonds. Il avait plaid\u00e9 coupable et \u00e9t\u00e9 condamn\u00e9 \u00e0 sept ans de prison au mois d\u2019avril.<\/p>\n<p class=\"asset asset-text\">George\u00a0Santos\u00a0a \u00e9t\u00e9 \u00e9lu en 2022 dans l\u2019\u00c9tat de New York avant sa destitution un an plus tard. Il \u00e9tait devenu c\u00e9l\u00e8bre quand le New York Times avait r\u00e9v\u00e9l\u00e9, peu apr\u00e8s son \u00e9lection au Congr\u00e8s, une s\u00e9rie de mensonges dans son CV et ses messages de campagne.<\/p>\n<p class=\"asset asset-text\">Peu connu localement, il avait fa\u00e7onn\u00e9 <a href=\"https:\/\/www.huffingtonpost.fr\/international\/article\/george-santos-tout-juste-elu-au-congres-americain-admet-avoir-menti-sur-son-cv_212024.html\" target=\"_blank\" rel=\"noopener\">son image sur des mensonges ou des exag\u00e9rations<\/a> \u00e0 propos de son \u00e9ducation, de sa religion, de son exp\u00e9rience professionnelle ou de son patrimoine. Visage poupon barr\u00e9 de larges lunettes, plein de culot et tr\u00e8s actif sur les r\u00e9seaux sociaux, il se pr\u00e9sentait comme un fils d\u2019immigrants br\u00e9siliens et petit-fils de survivants de la Shoah, en qu\u00eate du \u00ab\u00a0r\u00eave am\u00e9ricain\u00a0\u00bb.<\/p>\n<p>    Le Congr\u00e8s am\u00e9ricain \u00ab\u00a0gravement discr\u00e9dit\u00e9\u00a0\u00bb    <\/p>\n<p class=\"asset asset-text\">Mais plusieurs mentions de sa biographie avaient disparu apr\u00e8s les premi\u00e8res r\u00e9v\u00e9lations du New York Times, comme son dipl\u00f4me \u00e0 l\u2019universit\u00e9 Baruch College \u00e0 New York, ou ses exp\u00e9riences professionnelles dans les banques Citigroup ou Goldman Sachs.<\/p>\n<p class=\"asset asset-text\">Cette histoire romanesque, entre fiction et r\u00e9alit\u00e9, lui avait valu d\u2019\u00eatre compar\u00e9 \u00e0 \u00ab\u00a0Gatsby le magnifique\u00a0\u00bb, mais il se disait victime de pers\u00e9cution politique et \u00e9tait rest\u00e9 sourd pendant des mois aux appels \u00e0 la d\u00e9mission.<\/p>\n<p class=\"asset asset-text\">Ses frasques avaient cess\u00e9 d\u2019amuser le Congr\u00e8s am\u00e9ricain, surtout apr\u00e8s la publication d\u2019un rapport de la commission d\u2019\u00e9thique de la Chambre des repr\u00e9sentants l\u2019accusant d\u2019avoir \u00ab\u00a0gravement discr\u00e9dit\u00e9\u00a0\u00bb l\u2019institution.<\/p>\n<p class=\"asset asset-text\">Le rapport r\u00e9v\u00e9lait que l\u2019\u00e9lu s\u2019\u00e9tait servi de l\u2019argent d\u00e9tourn\u00e9 pour des achats dans le magasin de luxe Ferragamo, dans un casino, pour des traitements cosm\u00e9tiques au botox et sur la plateforme de vid\u00e9os \u00e0 caract\u00e8re sexuel OnlyFans. En d\u00e9cembre\u00a02023, des \u00e9lus r\u00e9publicains et d\u00e9mocrates avaient vot\u00e9 pour le destituer et l\u2019\u00e9vincer de la Chambre des repr\u00e9sentants.<\/p>\n","protected":false},"excerpt":{"rendered":"Capture X\/@MrSantosNY George Santos, ex-\u00e9lu trumpiste, a fait des adieux dramatiques devant la prison de Fairton (New Jersey),&hellip;\n","protected":false},"author":2,"featured_media":274877,"comment_status":"","ping_status":"","sticky":false,"template":"","format":"standard","meta":{"footnotes":""},"categories":[5],"tags":[11,73,1011,27,14,12,9150,806,28],"class_list":{"0":"post-274876","1":"post","2":"type-post","3":"status-publish","4":"format-standard","5":"has-post-thumbnail","7":"category-international","8":"tag-actualites","9":"tag-etats-unis","10":"tag-fr","11":"tag-france","12":"tag-international","13":"tag-news","14":"tag-parti-republicain","15":"tag-prison","16":"tag-world"},"share_on_mastodon":{"url":"https:\/\/pubeurope.com\/@fr\/114918835123609833","error":""},"_links":{"self":[{"href":"https:\/\/www.europesays.com\/fr\/wp-json\/wp\/v2\/posts\/274876","targetHints":{"allow":["GET"]}}],"collection":[{"href":"https:\/\/www.europesays.com\/fr\/wp-json\/wp\/v2\/posts"}],"about":[{"href":"https:\/\/www.europesays.com\/fr\/wp-json\/wp\/v2\/types\/post"}],"author":[{"embeddable":true,"href":"https:\/\/www.europesays.com\/fr\/wp-json\/wp\/v2\/users\/2"}],"replies":[{"embeddable":true,"href":"https:\/\/www.europesays.com\/fr\/wp-json\/wp\/v2\/comments?post=274876"}],"version-history":[{"count":0,"href":"https:\/\/www.europesays.com\/fr\/wp-json\/wp\/v2\/posts\/274876\/revisions"}],"wp:featuredmedia":[{"embeddable":true,"href":"https:\/\/www.europesays.com\/fr\/wp-json\/wp\/v2\/media\/274877"}],"wp:attachment":[{"href":"https:\/\/www.europesays.com\/fr\/wp-json\/wp\/v2\/media?parent=274876"}],"wp:term":[{"taxonomy":"category","embeddable":true,"href":"https:\/\/www.europesays.com\/fr\/wp-json\/wp\/v2\/categories?post=274876"},{"taxonomy":"post_tag","embeddable":true,"href":"https:\/\/www.europesays.com\/fr\/wp-json\/wp\/v2\/tags?post=274876"}],"curies":[{"name":"wp","href":"https:\/\/api.w.org\/{rel}","templated":true}]}}