{"id":274880,"date":"2025-07-26T09:31:12","date_gmt":"2025-07-26T09:31:12","guid":{"rendered":"https:\/\/www.europesays.com\/fr\/274880\/"},"modified":"2025-07-26T09:31:12","modified_gmt":"2025-07-26T09:31:12","slug":"eric-dupond-moretti-accuse-linfluenceuse-complotiste-detre-une-proche-de-marion-marechal","status":"publish","type":"post","link":"https:\/\/www.europesays.com\/fr\/274880\/","title":{"rendered":"\u00c9ric Dupond-Moretti accuse l&rsquo;influenceuse complotiste d&rsquo;\u00eatre une \u00ab\u00a0proche de Marion Mar\u00e9chal\u00a0\u00bb"},"content":{"rendered":"<p class=\"article-p mdl\">\u00c9ric Dupond-Moretti veut souligner l&rsquo;absurdit\u00e9 et la violence des accusations envers Brigitte Macron, mais l&rsquo;ancien garde des Sceaux n&rsquo;oublie pas d&rsquo;y voir des intentions tr\u00e8s politiques, des deux c\u00f4t\u00e9s de l&rsquo;Atlantique. Sur RTL, ce samedi 26 juillet 2025, l&rsquo;ancien ministre de la Justice et proche du couple Macron ne d\u00e9col\u00e8re pas face aux attaques <strong>d&rsquo;une influente complotiste am\u00e9ricaine, Candace Owens.<\/strong>\u00a0<\/p>\n<p class=\"article-p mdl\">\u00c0 ses millions d&rsquo;abonn\u00e9s, cette\u00a0<a class=\"link\" href=\"https:\/\/www.rtl.fr\/actu\/politique\/les-infos-de-18h-qui-est-candace-owens-l-influenceuse-americaine-contre-qui-le-couple-macron-porte-plainte-7900525529\" title=\"Les infos de 18h - Qui est Candace Owens, l&#039;influenceuse am\u00e9ricaine contre qui le couple Macron porte plainte\" target=\"_blank\" rel=\"noopener\">commentatrice de la vie politique am\u00e9ricaine, particuli\u00e8rement conservatrice,<\/a>\u00a0avance que Brigitte Macron serait \u00ab\u00a0n\u00e9e homme\u00a0\u00bb. Elle en a m\u00eame fait un documentaire particuli\u00e8rement viral qui lui vaut aujourd&rsquo;hui<strong> une plainte en diffamation d\u00e9pos\u00e9e aux \u00c9tats-Unis <\/strong>par le couple Macron. <\/p>\n<p class=\"article-p mdl\">\u00ab\u00a0\u00c0 l&rsquo;origine, vous avez deux femmes, une pseudo-journaliste et une voyante, souligne en pr\u00e9ambule\u00a0<a class=\"link\" href=\"https:\/\/www.rtl.fr\/actu\/politique\/plainte-des-macron-contre-candace-owens-sur-rtl-eric-dupond-moretti-denonce-une-affaire-d-etat-7900526161\" title=\"Plainte des Macron contre Candace Owens :  sur RTL, \u00c9ric Dupond-Moretti d\u00e9nonce &quot;une affaire d&#039;\u00c9tat&quot;\" target=\"_blank\" rel=\"noopener\">\u00c9ric Dupond-Moretti<\/a>\u00a0au micro de RTL. Elles\u00a0racontent que\u00a0<a class=\"link\" href=\"https:\/\/www.rtl.fr\/actu\/international\/diaporama-emmanuel-et-brigitte-macron-au-royaume-uni-les-images-de-l-accueil-reserve-au-couple-presidentiel-7900522367\" title=\"DIAPORAMA - Emmanuel et Brigitte Macron au Royaume-Uni : les images de l&#039;accueil r\u00e9serv\u00e9 au couple pr\u00e9sidentiel\" target=\"_blank\" rel=\"noopener\">Brigitte Macron<\/a>\u00a0est son fr\u00e8re. Que son fr\u00e8re est donc sa s\u0153ur. Et qu&rsquo;elle est, en r\u00e9alit\u00e9, le p\u00e8re de ses enfants&#8230; Vous voyez, une dinguerie absolue. Tout \u00e7a aurait d\u00fb tomber dans le caniveau, c&rsquo;\u00e9tait la seule place pour cette rumeur. Mais il s&rsquo;av\u00e8re que <strong>cette rumeur a \u00e9t\u00e9 organis\u00e9e, diffus\u00e9e, propag\u00e9e par des membres de l&rsquo;extr\u00eame droite d\u00e9diabolis\u00e9e<\/strong>\u00ab\u00a0, avance-t-il.<\/p>\n<p class=\"article-p mdl\">Pour <strong>\u00c9ric Dupond-Moretti<\/strong>, l&rsquo;intention de nuire est claire : \u00ab\u00a0Tout \u00e7a pour d\u00e9stabiliser ou tenter de d\u00e9stabiliser le pr\u00e9sident de la R\u00e9publique. Ce n&rsquo;est pas qu&rsquo;une histoire de fada, c&rsquo;est aussi une histoire politique. Alors, comme personnage l\u00e0-dedans, vous avez Xavier Poussard. <strong>Xavier Poussard<\/strong>, qui est aujourd&rsquo;hui planqu\u00e9 en Italie parce que la justice le recherche. Celui-l\u00e0, il est ancien r\u00e9dacteur en chef d&rsquo;une revue qui s&rsquo;appelle Faits et documents, qui est une revue d&rsquo;extr\u00eame droite, qui a diffus\u00e9 \u00e0 tr\u00e8s nombreuses reprises ces all\u00e9gations selon lesquelles Brigitte Macron serait un homme.\u00a0\u00bb<\/p>\n<p>            Poussard, Soral, Loustau, Chatillon, Mar\u00e9chal&#8230;<\/p>\n<p class=\"article-p mdl\">\u00ab\u00a0Son journal a \u00e9t\u00e9 rachet\u00e9 par un d\u00e9nomm\u00e9 Soral [<a class=\"link\" href=\"https:\/\/www.rtl.fr\/culture\/medias-people\/quand-elon-musk-vole-au-secours-d-alain-soral-7900305265\" title=\"Quand Elon Musk vole au secours d&#039;Alain Soral\" target=\"_blank\" rel=\"noopener\">Alain Soral<\/a>, ndlr], que tout le monde conna\u00eet bien, pour sa violence, son antis\u00e9mitisme. Et le Soral, il aurait r\u00e9ussi cette op\u00e9ration gr\u00e2ce \u00e0 Loustau [<strong>Axel Loustau<\/strong>, ndlr] et Chatillon [Fr\u00e9d\u00e9ric Chatillon, ndlr]. Loustau et Chatillon, qui sont des amis de Mme Le Pen et de M. Bardella. Chatillon est un nazi. Loustau faisait des soupes dans lesquelles il mettait du porc pour ne pas que les musulmans en mangent\u00a0\u00bb, d\u00e9crit \u00c9ric Dupond-Moretti en guise de rapides portraits.<\/p>\n<p class=\"article-p mdl\"><a class=\"link\" href=\"https:\/\/www.rtl.fr\/actu\/politique\/dissolution-pourquoi-marine-le-pen-defie-la-justice-7900524282\" title=\"Dissolution : pourquoi Marine Le Pen d\u00e9fie la justice\" target=\"_blank\" rel=\"noopener\">Marine Le Pen<\/a>\u00a0a dit qu&rsquo;elle avait pris ses distances avec ces deux anciens compagnons de route. Une prise de distance \u00e0 laquelle ne souscrit pas \u00c9ric Dupond-Moretti : \u00ab\u00a0C&rsquo;est ce qu&rsquo;elle a dit, mais moi, je n&rsquo;y crois pas, parce qu&rsquo;en r\u00e9alit\u00e9, ils ont organis\u00e9 tout un syst\u00e8me de bo\u00eetes d&rsquo;entreprises qui aident le Rassemblement National. On les cache parce qu&rsquo;ils font honte au Rassemblement National, mais moi je pense qu&rsquo;ils sont toujours l\u00e0.\u00a0\u00bb<\/p>\n<p class=\"article-p mdl\">Mais quel lien avec\u00a0<a class=\"link\" href=\"https:\/\/www.rtl.fr\/actu\/politique\/emmanuel-et-brigitte-macron-portent-plainte-en-diffamation-contre-candace-owens-7900525524\" title=\"Emmanuel et Brigitte Macron portent plainte en diffamation contre Candace Owens\" target=\"_blank\" rel=\"noopener\">Candace Owens qui officie outre-Atlantique<\/a>\u00a0? Pour\u00a0\u00c9ric Dupond-Moretti, certaines connexions id\u00e9ologiques et personnelles tendent \u00e0 prouver une alliance. \u00ab\u00a0La r\u00e9alit\u00e9, c&rsquo;est que <strong>le d\u00e9nomm\u00e9 Poussard va exporter ces rumeurs outre-Atlantique<\/strong>, et c&rsquo;est Candace Owens qui va les recueillir. Et non seulement elle va les recueillir, mais avec une force de frappe inimaginable, elle va les propager. 7 millions d&rsquo;abonn\u00e9s ! Et que constate-t-on ? Mais sans doute, est-ce le hasard ? Que d&rsquo;abord, elle soutient Marine Le Pen contre le pr\u00e9sident de la R\u00e9publique en disant &lsquo;Moi, je ne comprends pas que les Fran\u00e7ais n&rsquo;aient pas \u00e9lu Marine Le Pen&rsquo;. Mais surtout, <strong>elle est proche de Marion Mar\u00e9chal<\/strong>\u00ab\u00a0, pointe l&rsquo;ancien garde des Sceaux.<\/p>\n<p class=\"article-p mdl\">Et \u00c9ric Dupond-Moretti de poursuivre son raisonnement : \u00ab\u00a0Marion Mar\u00e9chal, en r\u00e9alit\u00e9, va la faire intervenir dans la convention de la droite qu&rsquo;elle a organis\u00e9e en septembre 2019. Marion Mar\u00e9chal, son compte, pardonnez-moi, fait partie des 98 comptes suivis par Owens. Mar\u00e9chal a invit\u00e9 ses abonn\u00e9s \u00e0 suivre Owens et elles vont faire ensemble le p\u00e8lerinage de Chartres apr\u00e8s que Owens se soit convertie au catholicisme. Je veux dire qu&rsquo;<strong>elles se connaissent tr\u00e8s bien, je veux dire qu&rsquo;elles se fr\u00e9quentent, qu&rsquo;elles sont proches l&rsquo;une de l&rsquo;autre<\/strong>. Et moi, je crois qu&rsquo;il n&rsquo;y a pas de hasard dans la vie &#8211; comme a dit Paul \u00c9luard &#8211; il n&rsquo;y a que des rencontres\u00a0\u00bb.<\/p>\n<p>            A qui cela profite ?<\/p>\n<p class=\"article-p mdl\">De l\u00e0 \u00e0 accuser directement\u00a0<a class=\"link\" href=\"https:\/\/www.rtl.fr\/actu\/international\/jordan-bardella-et-marion-marechal-en-israel-qui-les-a-invites-7900487502\" title=\"Jordan Bardella et Marion Mar\u00e9chal en Isra\u00ebl : qui les a invit\u00e9s ?\" target=\"_blank\" rel=\"noopener\">Marion Mar\u00e9chal<\/a>\u00a0d&rsquo;\u00eatre partie prenante de ces fausses rumeurs ?\u00a0\u00c9ric Dupond-Moretti\u00a0argumente au micro de RTL : \u00ab\u00a0\u00c9coutez, il y a des gens qui ont clairement fait propager ces rumeurs. On a leur nom. Et puis, ensuite, la question qui se pose, c&rsquo;est : \u00e0 qui cela profite ? Et de la m\u00eame fa\u00e7on, d&rsquo;ailleurs, les Russes ont amplifi\u00e9 ces rumeurs. Et l\u00e0 encore, dans les investigations am\u00e9ricaines, on retrouve l&rsquo;extr\u00eame droite fran\u00e7aise dont on sait qu&rsquo;elle a toujours eu <strong>des liens particuliers avec la Russie<\/strong>.\u00a0\u00bb Contact\u00e9 par RTL, <strong>l\u2019entourage de Marion Mar\u00e9chal<\/strong> d\u00e9clare laisser \u00ab\u00a0l\u2019ancien ministre \u00e0 ses \u00e9lucubrations\u00a0\u00bb.<br \/>\u00a0<br \/>On ignore pour l\u2019instant la ligne de d\u00e9fense de Marion Mar\u00e9chal et des personnes mises en cause par Eric Dupont Moretti.<\/p>\n<p>\u00c9ric Dupond-Moretti esp\u00e8re que Xavier Poussard quitte l&rsquo;Italie, pour r\u00e9pondre de ces accusations. \u00ab\u00a0Qu&rsquo;il vienne d&rsquo;abord \u00e0 votre micro, puis devant la justice pour expliquer ce qu&rsquo;il a fait, pourquoi il l&rsquo;a fait, \u00e0 qui \u00e7a profite\u00a0\u00bb, lance l&rsquo;ancien ministre de la Justice. \u00ab\u00a0Le pr\u00e9sident [Macron] avait dit, il y a des fadas. Je me souviens de son expression, il \u00e9tait en col\u00e8re et \u00e0 juste titre. Il y a des fadas, mais il n&rsquo;y a pas que des fadas. Il y a des gens qui ont d\u00e9lib\u00e9r\u00e9ment instrumentalis\u00e9 tout \u00e7a. Tout \u00e7a, \u00e7a m\u00e9rite d&rsquo;\u00eatre \u00e9clairci. Vous savez, j&rsquo;ai souvent pens\u00e9, moi, dans le cadre de l&rsquo;exposition scandaleuse de ces rumeurs \u00e0 Mme Pompidou. Vous vous souvenez de l&rsquo;<strong>affaire Markovi\u0107.\u00a0<\/strong><a class=\"link\" href=\"https:\/\/www.rtl.fr\/actu\/justice-faits-divers\/affaire-markovic-delon-showbiz-et-pompidou-quatre-podcasts-pour-comprendre-le-scandale-7900316800\" title=\"Affaire Markovic : Delon, showbiz et Pompidou... Quatre podcasts pour comprendre le scandale\" target=\"_blank\" rel=\"noopener\">Mme Pompidou a \u00e9t\u00e9 m\u00eal\u00e9e \u00e0 une partie fine, on a d\u00e9coup\u00e9 des photos, on a livr\u00e9 son honneur aux chiens<\/a>, on voulait atteindre le pr\u00e9sident de la R\u00e9publique de l&rsquo;\u00e9poque, Georges Pompidou&#8230; Pour moi, nous avons une d\u00e9monstration de ce que des gens d&rsquo;extr\u00eame droite se comportent avec ces m\u00e9thodes de voyous.\u00a0\u00bb<\/p>\n<p>La plainte d\u00e9pos\u00e9e par le couple Macron et les arguments expos\u00e9s par \u00c9ric Dupond-Moretti\u00a0pourraient donner du grain \u00e0 moudre \u00e0 tous les complotistes et donner de l&rsquo;ampleur \u00e0 cette fausse rumeur. L&rsquo;ancien garde des Sceaux ne veut pas laisser passer pour autant ces rumeurs. \u00ab\u00a0<strong>Il y a un moment, il faut que \u00e7a s&rsquo;arr\u00eate<\/strong>, on ne peut pas envisager que les \u00e9poux Macron se laissent pi\u00e9tiner, tra\u00eener dans la boue. (&#8230;) Quand on remet en cause votre f\u00e9minit\u00e9, quand vous n&rsquo;\u00eates plus aux yeux de ces complotistes-l\u00e0 qu&rsquo;un mensonge ? Comment voulez-vous vivre \u00e7a sereinement ? Je trouve que Brigitte Macron a une infinie dignit\u00e9, parce qu&rsquo;il y a beaucoup de gens \u00e0 sa place qui se seraient frapp\u00e9s la t\u00eate contre les murs. Ce qui a \u00e9t\u00e9 fait est indigne, c&rsquo;est scandaleux, et\u00a0<a class=\"link\" href=\"https:\/\/www.rtl.fr\/actu\/politique\/plainte-des-macron-contre-candace-owens-sur-rtl-eric-dupond-moretti-denonce-une-affaire-d-etat-7900526161\" title=\"Plainte des Macron contre Candace Owens :  sur RTL, \u00c9ric Dupond-Moretti d\u00e9nonce &quot;une affaire d&#039;\u00c9tat&quot;\" target=\"_blank\" rel=\"noopener\">il est temps qu&rsquo;un certain nombre de masques tombent<\/a>. Tout \u00e7a n&rsquo;a pas \u00e9t\u00e9 fait gratuitement.\u00a0\u00bb<\/p>\n<p>    La r\u00e9daction vous recommande<\/p>\n<p class=\"s-newsletter__title\">\n                L\u2019actualit\u00e9 par la r\u00e9daction de RTL dans votre bo\u00eete mail.\n            <\/p>\n<p class=\"s-newsletter__subtitle\">\n                Gr\u00e2ce \u00e0 votre compte RTL abonnez-vous \u00e0 la newsletter RTL info pour suivre toute l&rsquo;actualit\u00e9 au quotidien\n            <\/p>\n<p>\n                                    Lire la suite\n                                <\/p>\n","protected":false},"excerpt":{"rendered":"\u00c9ric Dupond-Moretti veut souligner l&rsquo;absurdit\u00e9 et la violence des accusations envers Brigitte Macron, mais l&rsquo;ancien garde des Sceaux&hellip;\n","protected":false},"author":2,"featured_media":274881,"comment_status":"","ping_status":"","sticky":false,"template":"","format":"standard","meta":{"footnotes":""},"categories":[2],"tags":[11,986,1073,10222,73,107,1011,27,303,12],"class_list":{"0":"post-274880","1":"post","2":"type-post","3":"status-publish","4":"format-standard","5":"has-post-thumbnail","7":"category-actualites","8":"tag-actualites","9":"tag-brigitte-macron","10":"tag-emmanuel-macron","11":"tag-eric-dupond-moretti","12":"tag-etats-unis","13":"tag-fil-info","14":"tag-fr","15":"tag-france","16":"tag-justice","17":"tag-news"},"share_on_mastodon":{"url":"https:\/\/pubeurope.com\/@fr\/114918842900515072","error":""},"_links":{"self":[{"href":"https:\/\/www.europesays.com\/fr\/wp-json\/wp\/v2\/posts\/274880","targetHints":{"allow":["GET"]}}],"collection":[{"href":"https:\/\/www.europesays.com\/fr\/wp-json\/wp\/v2\/posts"}],"about":[{"href":"https:\/\/www.europesays.com\/fr\/wp-json\/wp\/v2\/types\/post"}],"author":[{"embeddable":true,"href":"https:\/\/www.europesays.com\/fr\/wp-json\/wp\/v2\/users\/2"}],"replies":[{"embeddable":true,"href":"https:\/\/www.europesays.com\/fr\/wp-json\/wp\/v2\/comments?post=274880"}],"version-history":[{"count":0,"href":"https:\/\/www.europesays.com\/fr\/wp-json\/wp\/v2\/posts\/274880\/revisions"}],"wp:featuredmedia":[{"embeddable":true,"href":"https:\/\/www.europesays.com\/fr\/wp-json\/wp\/v2\/media\/274881"}],"wp:attachment":[{"href":"https:\/\/www.europesays.com\/fr\/wp-json\/wp\/v2\/media?parent=274880"}],"wp:term":[{"taxonomy":"category","embeddable":true,"href":"https:\/\/www.europesays.com\/fr\/wp-json\/wp\/v2\/categories?post=274880"},{"taxonomy":"post_tag","embeddable":true,"href":"https:\/\/www.europesays.com\/fr\/wp-json\/wp\/v2\/tags?post=274880"}],"curies":[{"name":"wp","href":"https:\/\/api.w.org\/{rel}","templated":true}]}}