{"id":274882,"date":"2025-07-26T09:32:10","date_gmt":"2025-07-26T09:32:10","guid":{"rendered":"https:\/\/www.europesays.com\/fr\/274882\/"},"modified":"2025-07-26T09:32:10","modified_gmt":"2025-07-26T09:32:10","slug":"saint-etienne-metropole-chouette-triton-ces-especes-totems-a-preserver-absolument","status":"publish","type":"post","link":"https:\/\/www.europesays.com\/fr\/274882\/","title":{"rendered":"Saint-\u00c9tienne M\u00e9tropole. Chouette, triton\u2026 ces esp\u00e8ces \u00ab\u00a0totems\u00a0\u00bb \u00e0 pr\u00e9server absolument"},"content":{"rendered":"<p>Ils ne sont pas v\u00e9n\u00e9r\u00e9s ni \u00e9rig\u00e9s au rang de divinit\u00e9\u2026 mais particuli\u00e8rement prot\u00e9g\u00e9s. Le triton alpestre, l\u2019effraie des clochers, le paon du jour et le h\u00e9risson sont les quatre animaux \u00ab\u00a0totems\u00a0\u00bb de la m\u00e9tropole st\u00e9phanoise et ils n\u2019ont pas obtenu l\u2019immunit\u00e9 par hasard.<\/p>\n<p>Particuli\u00e8rement embl\u00e9matiques, ces quatre esp\u00e8ces sont pr\u00e9sentes sur quasiment tout le territoire et permettent, si on les pr\u00e9serve, de prot\u00e9ger d\u2019autres animaux. Elles sont ce qu\u2019on appelle des \u00ab\u00a0esp\u00e8ces parapluie\u00a0\u00bb, car les actions mises en place pour leur sauvegarde profitent \u00e9galement \u00e0 la multitude d\u2019animaux qui partagent son habitat.<\/p>\n<p class=\"note\">Source\u00a0: Atlas de la biodiversit\u00e9 de Saint-\u00c9tienne M\u00e9tropole<\/p>\n<p>Avec sa t\u00eate en forme de c\u0153ur et ses yeux noirs, l\u2019effraie des clochers est facilement reconnaissable. Cette chouette vit en milieu rural, dans les granges, \u00e9glises ou maisons abandonn\u00e9es. Tyto Alba est une esp\u00e8ce prot\u00e9g\u00e9e et class\u00e9e comme quasi-menac\u00e9e sur la liste rouge des vert\u00e9br\u00e9s terrestres de la r\u00e9gion. \ufeffObserv\u00e9 sur&#8230;<\/p>\n","protected":false},"excerpt":{"rendered":"Ils ne sont pas v\u00e9n\u00e9r\u00e9s ni \u00e9rig\u00e9s au rang de divinit\u00e9\u2026 mais particuli\u00e8rement prot\u00e9g\u00e9s. Le triton alpestre, l\u2019effraie&hellip;\n","protected":false},"author":2,"featured_media":274883,"comment_status":"","ping_status":"","sticky":false,"template":"","format":"standard","meta":{"footnotes":""},"categories":[9653],"tags":[1111,11,2430,7539,436,1777,674,1011,27,12,5140,25,4001,7538],"class_list":{"0":"post-274882","1":"post","2":"type-post","3":"status-publish","4":"format-standard","5":"has-post-thumbnail","7":"category-saint-etienne","8":"tag-actu","9":"tag-actualites","10":"tag-auvergne-rhone-alpes","11":"tag-edition-loire-sud","12":"tag-environnement","13":"tag-eu","14":"tag-europe","15":"tag-fr","16":"tag-france","17":"tag-news","18":"tag-rechauffement-climatique","19":"tag-republique-francaise","20":"tag-saint-etienne","21":"tag-saint-etienne-ville"},"share_on_mastodon":{"url":"https:\/\/pubeurope.com\/@fr\/114918846887705008","error":""},"_links":{"self":[{"href":"https:\/\/www.europesays.com\/fr\/wp-json\/wp\/v2\/posts\/274882","targetHints":{"allow":["GET"]}}],"collection":[{"href":"https:\/\/www.europesays.com\/fr\/wp-json\/wp\/v2\/posts"}],"about":[{"href":"https:\/\/www.europesays.com\/fr\/wp-json\/wp\/v2\/types\/post"}],"author":[{"embeddable":true,"href":"https:\/\/www.europesays.com\/fr\/wp-json\/wp\/v2\/users\/2"}],"replies":[{"embeddable":true,"href":"https:\/\/www.europesays.com\/fr\/wp-json\/wp\/v2\/comments?post=274882"}],"version-history":[{"count":0,"href":"https:\/\/www.europesays.com\/fr\/wp-json\/wp\/v2\/posts\/274882\/revisions"}],"wp:featuredmedia":[{"embeddable":true,"href":"https:\/\/www.europesays.com\/fr\/wp-json\/wp\/v2\/media\/274883"}],"wp:attachment":[{"href":"https:\/\/www.europesays.com\/fr\/wp-json\/wp\/v2\/media?parent=274882"}],"wp:term":[{"taxonomy":"category","embeddable":true,"href":"https:\/\/www.europesays.com\/fr\/wp-json\/wp\/v2\/categories?post=274882"},{"taxonomy":"post_tag","embeddable":true,"href":"https:\/\/www.europesays.com\/fr\/wp-json\/wp\/v2\/tags?post=274882"}],"curies":[{"name":"wp","href":"https:\/\/api.w.org\/{rel}","templated":true}]}}