{"id":274884,"date":"2025-07-26T09:33:11","date_gmt":"2025-07-26T09:33:11","guid":{"rendered":"https:\/\/www.europesays.com\/fr\/274884\/"},"modified":"2025-07-26T09:33:11","modified_gmt":"2025-07-26T09:33:11","slug":"asse-ca-chauffe-a-saint-etienne-plusieurs-renforts-dont-un-turc-attendus-en-urgence","status":"publish","type":"post","link":"https:\/\/www.europesays.com\/fr\/274884\/","title":{"rendered":"ASSE : \u00e7a chauffe \u00e0 Saint-Etienne, plusieurs renforts dont un Turc attendus en urgence\u00a0!"},"content":{"rendered":"<p><strong>L\u2019<a href=\"https:\/\/www.butfootballclub.fr\/asse-un-concurrent-des-verts-durement-touche\/\" rel=\"nofollow noopener\" target=\"_blank\">AS Saint-\u00c9tienne<\/a> s\u2019active s\u00e9rieusement pour renforcer son couloir droit. Alors que le chantier d\u00e9fensif reste une priorit\u00e9 du mercato st\u00e9phanois, trois profils sont actuellement dans le viseur : un international Espoir turc, un joueur bien connu d\u2019Auxerre et un jeune talent \u00e9cossais.<\/strong><\/p>\n<p>Les Verts n\u2019ont pas oubli\u00e9 Isma\u00ebl Ugur, pass\u00e9 chez eux dans les ann\u00e9es 2000 des U15 \u00e0 la r\u00e9serve. Plus de 15 ans apr\u00e8s, un autre Ugur pourrait d\u00e9barquer dans le Forez. Selon <a href=\"https:\/\/www.poteaux-carres.com\/potin-P7020250725223989-Un-nouvel-Ugur-a-lASSE-.html\" rel=\"nofollow noopener\" target=\"_blank\">Le Progr\u00e8s<\/a>, l\u2019ASSE s\u2019int\u00e9resse de pr\u00e8s \u00e0 Ugur Kaan Yildiz, lat\u00e9ral droit turc de 22 ans (il f\u00eatera ses 23 ans dans deux semaines), actuellement sous contrat avec G\u00f6ztepe jusqu\u2019en 2026.<\/p>\n<p>Form\u00e9 \u00e0 Antalyaspor, puis pass\u00e9 par Ankara Kecioreng\u00fcc\u00fc la saison derni\u00e8re (D2 turque), Yildiz a r\u00e9alis\u00e9 une campagne solide : 2 buts et 5 passes d\u00e9cisives en 32 matches, un vrai apport offensif pour un lat\u00e9ral. Son profil polyvalent, capable de jouer piston ou lat\u00e9ral pur, pla\u00eet beaucoup au staff st\u00e9phanois. Valoris\u00e9 \u00e0 1,2 million d\u2019euros par Transfermarkt, l\u2019international U21 turc pourrait constituer un joli pari \u00e0 moyen terme, d\u2019autant que ses repr\u00e9sentants seraient ouverts \u00e0 un d\u00e9part vers la Ligue 1.<\/p>\n<p>\u00c7a discute toujours pour Joly<\/p>\n<p>Paul Joly, lat\u00e9ral droit de l\u2019AJ Auxerre, fait toujours l\u2019objet de n\u00e9gociations actives. Le Progr\u00e8s r\u00e9v\u00e8le que les discussions se poursuivent entre les deux clubs, m\u00eame si l\u2019\u00e9cart reste important : l\u2019AJA r\u00e9clame 3 millions d\u2019euros, alors que l\u2019<a href=\"https:\/\/www.butfootballclub.fr\/asse-mercato-coup-de-theatre-pour-yvann-macon\/\" rel=\"nofollow noopener\" target=\"_blank\">ASSE<\/a> ne serait pr\u00eate \u00e0 en mettre que 1,5 million, soit un montant inf\u00e9rieur \u00e0 la valeur estim\u00e9e du joueur sur Transfermarkt (1,8 million). Joly a r\u00e9alis\u00e9 une saison honorable avec Auxerre, et son exp\u00e9rience en Ligue 2 puis Ligue 1 fait de lui une piste solide\u2026 mais on\u00e9reuse.<\/p>\n<p>Enfin, la troisi\u00e8me option m\u00e8ne \u00e0 l\u2019\u00e9tranger. L\u2019\u00c9quipe a r\u00e9v\u00e9l\u00e9 il y a deux jours l\u2019int\u00e9r\u00eat des Verts pour Max Johnston, jeune lat\u00e9ral \u00e9cossais de 21 ans, sous contrat avec Sturm Graz. L\u2019ASSE, qui a d\u00e9j\u00e0 montr\u00e9 des lacunes inqui\u00e9tantes dans l\u2019agressivit\u00e9 d\u00e9fensive lors de ses premiers matchs amicaux, veut se renforcer vite et bien. L\u2019arriv\u00e9e d\u2019un lat\u00e9ral droit est donc jug\u00e9e prioritaire par Eirik Horneland et son staff, qui veulent pouvoir int\u00e9grer rapidement les nouvelles recrues aux automatismes d\u00e9fensifs.<\/p>\n","protected":false},"excerpt":{"rendered":"L\u2019AS Saint-\u00c9tienne s\u2019active s\u00e9rieusement pour renforcer son couloir droit. Alors que le chantier d\u00e9fensif reste une priorit\u00e9 du&hellip;\n","protected":false},"author":2,"featured_media":274885,"comment_status":"","ping_status":"","sticky":false,"template":"","format":"standard","meta":{"footnotes":""},"categories":[9653],"tags":[1111,11,2430,448,1777,674,63,1011,27,66,3388,12,25,4001,10662],"class_list":{"0":"post-274884","1":"post","2":"type-post","3":"status-publish","4":"format-standard","5":"has-post-thumbnail","7":"category-saint-etienne","8":"tag-actu","9":"tag-actualites","10":"tag-auvergne-rhone-alpes","11":"tag-champions-league","12":"tag-eu","13":"tag-europe","14":"tag-football","15":"tag-fr","16":"tag-france","17":"tag-ligue-1","18":"tag-matchs","19":"tag-news","20":"tag-republique-francaise","21":"tag-saint-etienne","22":"tag-transferts"},"share_on_mastodon":{"url":"https:\/\/pubeurope.com\/@fr\/114918850836673569","error":""},"_links":{"self":[{"href":"https:\/\/www.europesays.com\/fr\/wp-json\/wp\/v2\/posts\/274884","targetHints":{"allow":["GET"]}}],"collection":[{"href":"https:\/\/www.europesays.com\/fr\/wp-json\/wp\/v2\/posts"}],"about":[{"href":"https:\/\/www.europesays.com\/fr\/wp-json\/wp\/v2\/types\/post"}],"author":[{"embeddable":true,"href":"https:\/\/www.europesays.com\/fr\/wp-json\/wp\/v2\/users\/2"}],"replies":[{"embeddable":true,"href":"https:\/\/www.europesays.com\/fr\/wp-json\/wp\/v2\/comments?post=274884"}],"version-history":[{"count":0,"href":"https:\/\/www.europesays.com\/fr\/wp-json\/wp\/v2\/posts\/274884\/revisions"}],"wp:featuredmedia":[{"embeddable":true,"href":"https:\/\/www.europesays.com\/fr\/wp-json\/wp\/v2\/media\/274885"}],"wp:attachment":[{"href":"https:\/\/www.europesays.com\/fr\/wp-json\/wp\/v2\/media?parent=274884"}],"wp:term":[{"taxonomy":"category","embeddable":true,"href":"https:\/\/www.europesays.com\/fr\/wp-json\/wp\/v2\/categories?post=274884"},{"taxonomy":"post_tag","embeddable":true,"href":"https:\/\/www.europesays.com\/fr\/wp-json\/wp\/v2\/tags?post=274884"}],"curies":[{"name":"wp","href":"https:\/\/api.w.org\/{rel}","templated":true}]}}