{"id":274888,"date":"2025-07-26T09:36:38","date_gmt":"2025-07-26T09:36:38","guid":{"rendered":"https:\/\/www.europesays.com\/fr\/274888\/"},"modified":"2025-07-26T09:36:38","modified_gmt":"2025-07-26T09:36:38","slug":"une-apres-midi-dadrenaline-et-de-vitesse","status":"publish","type":"post","link":"https:\/\/www.europesays.com\/fr\/274888\/","title":{"rendered":"une apr\u00e8s-midi d\u2019adr\u00e9naline et de vitesse"},"content":{"rendered":"<p>Ici, on ne plaisante pas avec le sport m\u00e9canique. Le Karting Oberlin, situ\u00e9 dans la rue du m\u00eame nom, vient de recevoir une flotte de 14 karts pour adulte, de quoi attirer les amoureux de vitesse.<\/p>\n<p>  10 000 m 2 de plaisir.<\/p>\n<p>Durant les vacances, il est parfois difficile de trouver des activit\u00e9s pour s\u2019occuper. Dans cet espace indoor, tout a \u00e9t\u00e9 pens\u00e9 pour ne pas s\u2019ennuyer. Avec une piste de 680 m\u00e8tres et 24 karts, il est possible de s\u2019\u00e9lancer sur la grille de d\u00e9part toutes les 8 minutes. Les r\u00e8gles sont simples : votre classement est calcul\u00e9 en fonction de votre tour le plus rapide. De quoi challenger un ami qui pr\u00e9tend vous battre !<\/p>\n<p>\u00ab Nous avons mis en place des tarifs sp\u00e9cifiques pour les vacances, car l\u2019objectif est de rendre le karting accessible \u00e0 toutes les cat\u00e9gories sociales. Ce sport n\u2019est pas donn\u00e9 \u00e0 tout le monde lorsque l\u2019on veut se lancer en comp\u00e9tition \u00bb, explique Herv\u00e9, le g\u00e9rant de l\u2019\u00e9tablissement.<\/p>\n<p>Si l\u2019affluence est importante, n\u00e9cessitant d\u2019attendre son tour, il est possible de patienter dans l\u2019espace arcade. Plusieurs jeux sont mis \u00e0 disposition comme un billard et une punch machine.<\/p>\n<p>\u00ab Nous voulions que les clients ne trouvent pas le temps d\u2019attente trop long \u00bb, pr\u00e9cise-t-il. Apr\u00e8s l\u2019effort sportif, il se peut que votre corps r\u00e9clame un peu de force. \u00c7a tombe bien, une brasserie est install\u00e9e en surplomb de la piste. Au menu, panini et croque-monsieur.<\/p>\n<p>  Stages et comp\u00e9titions<\/p>\n<p>Tous les ans, le club, reconnu par l\u2019\u00c9cole fran\u00e7aise de karting, organise un stage pour les enfants de 7 \u00e0 13 ans <a href=\"https:\/\/www.estrepublicain.fr\/sport\/2020\/10\/28\/la-releve-deboule-sur-la-piste-oberlin\" target=\"_blank\" rel=\"noopener\">d\u00e9sirant d\u00e9couvrir ce sport de vitesse.<\/a> Le programme pr\u00e9voit un apprentissage de conduite et de m\u00e9canique, le tout encadr\u00e9 par un moniteur dipl\u00f4m\u00e9 du brevet professionnel de la jeunesse, de l\u2019\u00e9ducation populaire et du sport. \u00c0 l\u2019issue de cette formation, les plus assidus obtiendront leurs \u00ab 4 volants \u00bb, \u00e0 l\u2019image des \u00e9toiles pour le ski.<\/p>\n<p>Les adultes ont \u00e9galement leur rendez-vous motoris\u00e9. Le karting indoor organise pour la premi\u00e8re fois de son histoire un championnat sur cinq courses. \u00c0 la cl\u00e9, une participation au championnat Grand Est. La notation n\u2019est pas encore d\u00e9finie, mais les cinq \u00e9ch\u00e9ances devraient s\u2019\u00e9taler sur cinq mois afin de laisser plusieurs semaines de pr\u00e9paration pour chacune d\u2019entre elles.<\/p>\n<p class=\"note\">62 rue Oberlin, \u00e0 Nancy. Ferm\u00e9 le lundi. Ouvert \u00e0 partir de 14 h les autres jours.<\/p>\n","protected":false},"excerpt":{"rendered":"Ici, on ne plaisante pas avec le sport m\u00e9canique. Le Karting Oberlin, situ\u00e9 dans la rue du m\u00eame&hellip;\n","protected":false},"author":2,"featured_media":274889,"comment_status":"","ping_status":"","sticky":false,"template":"","format":"standard","meta":{"footnotes":""},"categories":[9635],"tags":[1111,11,1687,1707,1704,1706,1705,1777,674,1011,27,775,1036,31022,20065,1702,1703,12,25],"class_list":{"0":"post-274888","1":"post","2":"type-post","3":"status-publish","4":"format-standard","5":"has-post-thumbnail","7":"category-nancy","8":"tag-actu","9":"tag-actualites","10":"tag-culture-loisirs","11":"tag-edition-luneville","12":"tag-edition-nancy-et-agglomeration","13":"tag-edition-pont-a-mousson","14":"tag-edition-toul","15":"tag-eu","16":"tag-europe","17":"tag-fr","18":"tag-france","19":"tag-grand-est","20":"tag-jeux-video","21":"tag-le-guide-de-lete-lorraine","22":"tag-magazine-tourisme-et-patrimoine","23":"tag-nancy","24":"tag-nancy-ville-54b","25":"tag-news","26":"tag-republique-francaise"},"share_on_mastodon":{"url":"https:\/\/pubeurope.com\/@fr\/114918862578398514","error":""},"_links":{"self":[{"href":"https:\/\/www.europesays.com\/fr\/wp-json\/wp\/v2\/posts\/274888","targetHints":{"allow":["GET"]}}],"collection":[{"href":"https:\/\/www.europesays.com\/fr\/wp-json\/wp\/v2\/posts"}],"about":[{"href":"https:\/\/www.europesays.com\/fr\/wp-json\/wp\/v2\/types\/post"}],"author":[{"embeddable":true,"href":"https:\/\/www.europesays.com\/fr\/wp-json\/wp\/v2\/users\/2"}],"replies":[{"embeddable":true,"href":"https:\/\/www.europesays.com\/fr\/wp-json\/wp\/v2\/comments?post=274888"}],"version-history":[{"count":0,"href":"https:\/\/www.europesays.com\/fr\/wp-json\/wp\/v2\/posts\/274888\/revisions"}],"wp:featuredmedia":[{"embeddable":true,"href":"https:\/\/www.europesays.com\/fr\/wp-json\/wp\/v2\/media\/274889"}],"wp:attachment":[{"href":"https:\/\/www.europesays.com\/fr\/wp-json\/wp\/v2\/media?parent=274888"}],"wp:term":[{"taxonomy":"category","embeddable":true,"href":"https:\/\/www.europesays.com\/fr\/wp-json\/wp\/v2\/categories?post=274888"},{"taxonomy":"post_tag","embeddable":true,"href":"https:\/\/www.europesays.com\/fr\/wp-json\/wp\/v2\/tags?post=274888"}],"curies":[{"name":"wp","href":"https:\/\/api.w.org\/{rel}","templated":true}]}}