{"id":274894,"date":"2025-07-26T09:39:09","date_gmt":"2025-07-26T09:39:09","guid":{"rendered":"https:\/\/www.europesays.com\/fr\/274894\/"},"modified":"2025-07-26T09:39:09","modified_gmt":"2025-07-26T09:39:09","slug":"une-nouvelle-epicerie-en-infraction-fermee-un-mois-par-le-prefet-de-lherault","status":"publish","type":"post","link":"https:\/\/www.europesays.com\/fr\/274894\/","title":{"rendered":"une nouvelle \u00e9picerie en infraction ferm\u00e9e un mois par le pr\u00e9fet de l&rsquo;H\u00e9rault"},"content":{"rendered":"<p>            Par<br \/>\n        <strong><br \/>\n            <a href=\"https:\/\/actu.fr\/auteur\/jm-aubert\" title=\"Consulter tous les articles de Jean-Marc Aubert\" rel=\"nofollow noopener\" target=\"_blank\">Jean-Marc Aubert<\/a><br \/>\n        <\/strong><\/p>\n<p>        Publi\u00e9 le<\/p>\n<p>            26 juil. 2025 \u00e0 10h57<br \/>\n        ; mis \u00e0 jour le 26 juil. 2025 \u00e0 11h07    <\/p>\n<p>Une nouvelle <strong>\u00e9picerie de Montpellier<\/strong> est vis\u00e9e par une <strong>fermeture administrative<\/strong> du pr\u00e9fet de l\u2019H\u00e9rault, pour une dur\u00e9e d\u2019un mois. Il a sign\u00e9 un arr\u00eat\u00e9 qui interdit \u00e0 l\u2019exploitant de ce commerce d\u2019ouvrir pendant un mois.<\/p>\n<p>    <a href=\"https:\/\/www.google.com\/maps\/embed?pb=!1m18!1m12!1m3!1d5319.053460300582!2d3.875220858544257!3d43.58155390662726!2m3!1f0!2f0!3f0!3m2!1i1024!2i768!4f13.1!3m3!1m2!1s0x12b6afdad344eb7f%3A0xcb6b988c81832021!2s4%20Pl.%20de%20Tib%C3%A9riade%2C%2034070%20Montpellier!5e0!3m2!1sfr!2sfr!4v1753462030340!5m2!1sfr!2sfr\" title=\"Ouvrie le lien\" rel=\"nofollow noopener\" target=\"_blank\">Cliquez ici pour visualiser le contenu<\/a><\/p>\n<p class=\" wall-content\">C\u2019est la pr\u00e9fecture qui a r\u00e9v\u00e9l\u00e9 \u00a0l\u2019information sur les r\u00e9seaux sociaux, ce jeudi 24 juillet 2025. L\u2019\u00e9tablissement en question est le \u00ab\u00a0NR Shop \u00bb, situ\u00e9 au 4 de la place Tib\u00e9riade, au coeur de la cit\u00e9 de Tournezy.<\/p>\n<p class=\" wall-content\">Selon la\u00a0pr\u00e9fecture qui a pris cette mesure sur la foi de rapports des services de police, il est reproch\u00e9 \u00e0 cette enseigne un\u00a0non respect des horaires d\u2019ouverture et ce en r\u00e9cidive. Le commer\u00e7ant pourra rouvrir son \u00e9picerie le 27 ao\u00fbt\u00a0prochain.<\/p>\n<p>Que dit l\u2019arr\u00eat\u00e9 municipal ?<\/p>\n<p class=\" wall-content\">Un <strong>arr\u00eat\u00e9 municipal<\/strong>\u00a0en vigueur concerne les heures d\u2019ouverture des \u00e9piceries de nuit : il stipule que la vente de toutes boissons alcoolise\u0301es par les titulaires de \u00ab licence a\u0300 emporter \u00bb, de toutes boissons alcoolise\u0301es des groupes de 2 a\u0300 5 est interdite de 22h jusqu\u2019a\u0300 6h, sur le territoire de la ville de Montpellier <a href=\"https:\/\/www.montpellier.fr\/sites\/default\/files\/2025-02\/2024%20Arret%C3%A9%20epiceries%20et%20ventes%20%C3%A0%20emporter.pdf\" rel=\"nofollow noopener\" target=\"_blank\">au sein de huit p\u00e9rim\u00e8tres<\/a>.\u00a0<\/p>\n<p>Vid\u00e9os : en ce moment sur Actu<\/p>\n<p>Cet arr\u00eat\u00e9 pr\u00e9cise que \u00ab\u00a0Il appartient aux exploitants de ces e\u0301tablissements de prendre toutes les mesures utiles de leur choix -syste\u0300me de ba\u0302chage dissimulant les boissons alcoolise\u0301es, chai\u0302ne interdisant l\u2019acce\u0300s au rayon des alcools, etc.- visant a\u0300 mettre hors de porte\u0301e de la cliente\u0300le l\u2019inte\u0301gralite\u0301 des boissons alcoolise\u0301es pendant les horaires d\u2019interdiction\u00a0\u00bb.<\/p>\n<p class=\" wall-content\">Il ajoute que, du 1er juin au 30 septembre, ainsi que durant les pe\u0301riodes de conge\u0301s scolaires dites de Printemps -Pa\u0302ques- et de la Toussaint, ces e\u0301tablissements titulaires d\u2019une petite ou d\u2019une grande licence a\u0300 emporter, devront e\u0302tre ferme\u0301s de 22h jusqu\u2019a\u0300 6h, du jeudi soir au lundi matin inclus. Outre la mairie et les services de police, les commer\u00e7ants qui ne respectent pas l\u2019arr\u00eat\u00e9 sont dans le collimateur du pr\u00e9fet de l\u2019H\u00e9rault.<\/p>\n<p class=\" wall-content\">Suivez toute l\u2019actualit\u00e9 de vos villes et m\u00e9dias favoris en vous inscrivant \u00e0 <a href=\"https:\/\/moncompte.actu.fr\" title=\"D\u00e9couvez Mon Actu\" rel=\"nofollow noopener\" data-trk=\"{&quot;cta&quot;:{&quot;action&quot;:&quot;https:\\\/\\\/moncompte.actu.fr&quot;,&quot;category&quot;:&quot;mon compte&quot;,&quot;from&quot;:&quot;article footer&quot;,&quot;name&quot;:&quot;Mon actu&quot;,&quot;type&quot;:&quot;cta&quot;}}\" target=\"_blank\">Mon Actu<\/a>.<\/p>\n","protected":false},"excerpt":{"rendered":"Par Jean-Marc Aubert Publi\u00e9 le 26 juil. 2025 \u00e0 10h57 ; mis \u00e0 jour le 26 juil. 2025&hellip;\n","protected":false},"author":2,"featured_media":274895,"comment_status":"","ping_status":"","sticky":false,"template":"","format":"standard","meta":{"footnotes":""},"categories":[9599],"tags":[1111,11,215,1777,674,118,1011,27,2208,12,2680,1072,25],"class_list":{"0":"post-274894","1":"post","2":"type-post","3":"status-publish","4":"format-standard","5":"has-post-thumbnail","7":"category-montpellier","8":"tag-actu","9":"tag-actualites","10":"tag-commerce","11":"tag-eu","12":"tag-europe","13":"tag-faits-divers","14":"tag-fr","15":"tag-france","16":"tag-montpellier","17":"tag-news","18":"tag-occitanie","19":"tag-police","20":"tag-republique-francaise"},"share_on_mastodon":{"url":"https:\/\/pubeurope.com\/@fr\/114918874400171690","error":""},"_links":{"self":[{"href":"https:\/\/www.europesays.com\/fr\/wp-json\/wp\/v2\/posts\/274894","targetHints":{"allow":["GET"]}}],"collection":[{"href":"https:\/\/www.europesays.com\/fr\/wp-json\/wp\/v2\/posts"}],"about":[{"href":"https:\/\/www.europesays.com\/fr\/wp-json\/wp\/v2\/types\/post"}],"author":[{"embeddable":true,"href":"https:\/\/www.europesays.com\/fr\/wp-json\/wp\/v2\/users\/2"}],"replies":[{"embeddable":true,"href":"https:\/\/www.europesays.com\/fr\/wp-json\/wp\/v2\/comments?post=274894"}],"version-history":[{"count":0,"href":"https:\/\/www.europesays.com\/fr\/wp-json\/wp\/v2\/posts\/274894\/revisions"}],"wp:featuredmedia":[{"embeddable":true,"href":"https:\/\/www.europesays.com\/fr\/wp-json\/wp\/v2\/media\/274895"}],"wp:attachment":[{"href":"https:\/\/www.europesays.com\/fr\/wp-json\/wp\/v2\/media?parent=274894"}],"wp:term":[{"taxonomy":"category","embeddable":true,"href":"https:\/\/www.europesays.com\/fr\/wp-json\/wp\/v2\/categories?post=274894"},{"taxonomy":"post_tag","embeddable":true,"href":"https:\/\/www.europesays.com\/fr\/wp-json\/wp\/v2\/tags?post=274894"}],"curies":[{"name":"wp","href":"https:\/\/api.w.org\/{rel}","templated":true}]}}