{"id":274905,"date":"2025-07-26T09:47:15","date_gmt":"2025-07-26T09:47:15","guid":{"rendered":"https:\/\/www.europesays.com\/fr\/274905\/"},"modified":"2025-07-26T09:47:15","modified_gmt":"2025-07-26T09:47:15","slug":"les-jubiles-2025-cercle-richard-wagner-des-passionnes-reunis-par-amour-de-lart-lyrique","status":"publish","type":"post","link":"https:\/\/www.europesays.com\/fr\/274905\/","title":{"rendered":"Les jubil\u00e9s 2025. Cercle Richard Wagner, des passionn\u00e9s r\u00e9unis par amour de l&rsquo;art lyrique"},"content":{"rendered":"<p>Marie-Th\u00e9r\u00e8se Werling, pr\u00e9sidente du Cercle Richard Wagner de Strasbourg depuis janvier 2023, a second\u00e9 le fondateur, <a href=\"https:\/\/www.dna.fr\/culture-loisirs\/2023\/11\/10\/louis-oster-avocat-melomane\" target=\"_blank\" rel=\"nofollow noopener\">Louis Oster<\/a>, trois ans durant. <\/p>\n<p>\u00abLorsqu\u2019Harry Leutscher, le pr\u00e9sident du\u00a0<a href=\"https:\/\/www.richard-wagner.org\/rwvi\/fr\/\" target=\"_blank\" rel=\"noopener\">Richard Wagner Verband International<\/a>\u00a0(qui r\u00e9unit plus de 125 cercles d\u2019une quinzaine de pays, N.D.L.R.), association \u00e0 laquelle nous sommes affil\u00e9es, m\u2019a demand\u00e9 comment nous arrivons \u00e0 attirer tant de monde, et des plus jeunes, je lui ai simplement r\u00e9pondu que nous allions aussi voir Verdi, Donizetti, Puccini, etc.\u00bb, raconte-t-elle.<\/p>\n<p>Les membres du cercle de Strasbourg sont 420 \u00e0 ce jour, dont une centaine de personnes actives.<\/p>\n","protected":false},"excerpt":{"rendered":"Marie-Th\u00e9r\u00e8se Werling, pr\u00e9sidente du Cercle Richard Wagner de Strasbourg depuis janvier 2023, a second\u00e9 le fondateur, Louis Oster,&hellip;\n","protected":false},"author":2,"featured_media":274906,"comment_status":"","ping_status":"","sticky":false,"template":"","format":"standard","meta":{"footnotes":""},"categories":[2820],"tags":[328,1111,11,2389,1687,1777,674,107,1011,27,775,3035,20881,873,12,25,273,640,1631],"class_list":{"0":"post-274905","1":"post","2":"type-post","3":"status-publish","4":"format-standard","5":"has-post-thumbnail","7":"category-strasbourg","8":"tag-a-la-une","9":"tag-actu","10":"tag-actualites","11":"tag-alsace","12":"tag-culture-loisirs","13":"tag-eu","14":"tag-europe","15":"tag-fil-info","16":"tag-fr","17":"tag-france","18":"tag-grand-est","19":"tag-la-matinale-strasbourg","20":"tag-long-format","21":"tag-musique","22":"tag-news","23":"tag-republique-francaise","24":"tag-selection-de-la-redaction","25":"tag-strasbourg","26":"tag-vie-associative"},"share_on_mastodon":{"url":"https:\/\/pubeurope.com\/@fr\/114918906361112468","error":""},"_links":{"self":[{"href":"https:\/\/www.europesays.com\/fr\/wp-json\/wp\/v2\/posts\/274905","targetHints":{"allow":["GET"]}}],"collection":[{"href":"https:\/\/www.europesays.com\/fr\/wp-json\/wp\/v2\/posts"}],"about":[{"href":"https:\/\/www.europesays.com\/fr\/wp-json\/wp\/v2\/types\/post"}],"author":[{"embeddable":true,"href":"https:\/\/www.europesays.com\/fr\/wp-json\/wp\/v2\/users\/2"}],"replies":[{"embeddable":true,"href":"https:\/\/www.europesays.com\/fr\/wp-json\/wp\/v2\/comments?post=274905"}],"version-history":[{"count":0,"href":"https:\/\/www.europesays.com\/fr\/wp-json\/wp\/v2\/posts\/274905\/revisions"}],"wp:featuredmedia":[{"embeddable":true,"href":"https:\/\/www.europesays.com\/fr\/wp-json\/wp\/v2\/media\/274906"}],"wp:attachment":[{"href":"https:\/\/www.europesays.com\/fr\/wp-json\/wp\/v2\/media?parent=274905"}],"wp:term":[{"taxonomy":"category","embeddable":true,"href":"https:\/\/www.europesays.com\/fr\/wp-json\/wp\/v2\/categories?post=274905"},{"taxonomy":"post_tag","embeddable":true,"href":"https:\/\/www.europesays.com\/fr\/wp-json\/wp\/v2\/tags?post=274905"}],"curies":[{"name":"wp","href":"https:\/\/api.w.org\/{rel}","templated":true}]}}