{"id":274913,"date":"2025-07-26T09:51:13","date_gmt":"2025-07-26T09:51:13","guid":{"rendered":"https:\/\/www.europesays.com\/fr\/274913\/"},"modified":"2025-07-26T09:51:13","modified_gmt":"2025-07-26T09:51:13","slug":"aminata-et-ses-enfants-sont-expulses-de-leur-logement-a-nantes","status":"publish","type":"post","link":"https:\/\/www.europesays.com\/fr\/274913\/","title":{"rendered":"Aminata et ses enfants sont expuls\u00e9s de leur logement \u00e0 Nantes"},"content":{"rendered":"<p>            Par<br \/>\n        <strong><br \/>\n            <a href=\"https:\/\/actu.fr\/auteur\/laure-gentil\" title=\"Consulter tous les articles de Laure Gentil\" target=\"_blank\" rel=\"noopener\">Laure Gentil<\/a><br \/>\n        <\/strong><\/p>\n<p>        Publi\u00e9 le<\/p>\n<p>            26 juil. 2025 \u00e0 11h02        <\/p>\n<p>Simple malentendu ou m\u00e9compr\u00e9hension sur le fonctionnement d\u2019attribution des logements sociaux, le r\u00e9sultat ne change pas\u2009:<strong> Aminata Tour\u00e9<\/strong>, 28\u00a0ans, m\u00e8re de deux filles et d\u2019un gar\u00e7on, enceinte d\u2019un quatri\u00e8me enfant, va \u00eatre expuls\u00e9e du logement social qu\u2019elle occupe rue Gambetta \u00e0 <strong>Nantes<\/strong>.<\/p>\n<p class=\" wall-content\">Le 19\u00a0ao\u00fbt, cette femme qui vit \u00e0 <a href=\"https:\/\/actu.fr\/nantes\" target=\"_blank\" rel=\"noopener\">Nantes<\/a> depuis environ 12\u00a0ans, risque de se retrouver \u00e0 la rue.<\/p>\n<p>Un premier logement pr\u00e8s d\u2019un point de deal<\/p>\n<p class=\" wall-content\">Aminata a longtemps v\u00e9cu avec ses enfants, au 15 rue d\u2019Angleterre. Cette rue est aussi connue que la rue Watteau. <a href=\"https:\/\/actu.fr\/pays-de-la-loire\/nantes_44109\/nantes-le-prefet-annonce-l-arrivee-de-renforts-et-de-drones-apres-des-fusillades_59667412.html\" target=\"_blank\" rel=\"noopener\">Il s\u2019agit d\u2019un des hauts lieux du trafic de drogue \u00e0 Nantes<\/a>. Cette m\u00e8re de famille a tout subi\u2009: coups de feu qui traversent les appartements des voisins, dealers qui proposent des \u00ab\u2009bonbons\u2009\u00bb \u00e0 son fils, voiture br\u00fbl\u00e9e, agressions, insultes\u2026 Aminata contacte alors \u00e0 plusieurs reprises <strong>Nantes M\u00e9tropole Habitat<\/strong> (NMH), qui lui loue son logement social, dans l\u2019espoir de d\u00e9m\u00e9nager, en vain.<\/p>\n<p class=\" wall-content\">En 2023, l\u2019agente de service hospitalier apprend que son compagnon, avec lequel elle souhaite vivre, pourrait avoir une solution. L\u2019homme vivait alors avec sa tante dans un logement social, plus grand, rue Gambetta, mais celle-ci s\u2019appr\u00eatait \u00e0 quitter son appartement.<\/p>\n<blockquote class=\"ac-article-quote wall-content\">\n<p>L&rsquo;adresse de mon conjoint est rue Gambetta depuis trois ans. Nous avons contact\u00e9 Nantes M\u00e9tropole Habitat qui est aussi le bailleur du logement rue Gambetta pour savoir s&rsquo;il \u00e9tait possible de s&rsquo;y installer. Au t\u00e9l\u00e9phone, la personne a dit que c&rsquo;\u00e9tait faisable car mon conjoint \u00e9tait domicili\u00e9 l\u00e0-bas.<\/p>\n<p>    <strong>Aminata Tour\u00e9<\/strong>\n            <\/p><\/blockquote>\n<p class=\" wall-content\">Aminata s\u2019est donc install\u00e9e en septembre\u00a02023 aupr\u00e8s de son conjoint et a envoy\u00e9 un courrier \u00e0 NMH pour signaler le changement. \u00ab\u2009J\u2019ai lib\u00e9r\u00e9 l\u2019appartement de Malakoff parce que je ne pouvais pas payer deux loyers, nous a-t-elle expliqu\u00e9. C\u2019est l\u00e0 que Nantes M\u00e9tropole Habitat nous a dit que la tante de mon conjoint ne pouvait pas nous laisser son logement, que \u00e7a ne se passe pas comme \u00e7a.\u2009\u00bb<\/p>\n<p>\u00ab\u2009Il y a des r\u00e8gles qui s\u2019appliquent \u00e0 tous\u2009\u00bb<\/p>\n<p class=\" wall-content\">Aminata assure avoir agi de bonne foi et face \u00e0 la situation, le d\u00e9m\u00e9nagement \u00e9tant fait, elle a cru pouvoir trouver une solution avec le bailleur.<\/p>\n<p class=\" wall-content\">Contact\u00e9 par\u00a0actu Nantes, Nantes M\u00e9tropole Habitat explique qu\u2019il y a une<strong> proc\u00e9dure sp\u00e9cifique<\/strong> \u00e0 suivre\u2009: \u00ab\u2009en aucun cas on ne proc\u00e8de comme cela\u2009\u00bb.<\/p>\n<blockquote class=\"ac-article-quote wall-content\">\n<p>Le logement est occup\u00e9 sans droit ni bail. Nous n&rsquo;avons pas beaucoup de grands logements \u00e0 Nantes, qui est un march\u00e9 locatif en tension. Il y a des r\u00e8gles qui s&rsquo;appliquent \u00e0 tous, et l\u00e0 la r\u00e8gle n&rsquo;est pas respect\u00e9e. <\/p>\n<p>    <strong>Nantes M\u00e9tropole Habitat<\/strong>\n            <\/p><\/blockquote>\n<p class=\" wall-content\">Le bailleur a par ailleurs propos\u00e9, d\u00e8s d\u00e9cembre\u00a02023, \u00e0 Aminata de reprendre le logement toujours libre rue d\u2019Angleterre, ce que confirme aussi de son c\u00f4t\u00e9 l\u2019int\u00e9ress\u00e9e. \u00ab\u2009Je n\u2019\u00e9tais pas en s\u00e9curit\u00e9 l\u00e0-bas, j\u2019\u00e9tais traumatis\u00e9e, je leur ai dit que c\u2019\u00e9tait hors de question, je n\u2019ai pas cette force-l\u00e0\u2009\u00bb, soupire-t-elle.<\/p>\n<p>\u00ab\u2009Jamais il n\u2019a \u00e9t\u00e9 question de transfert de bail\u2009\u00bb<\/p>\n<p class=\" wall-content\">Pour sa part, NMH insiste avoir suivi <strong>le cadre l\u00e9gal<\/strong>. \u00ab\u2009Il n\u2019a jamais \u00e9t\u00e9 question de transfert de bail\u2009\u00bb. Le bailleur social a fini par demander au <strong>tribunal de Nantes<\/strong> de trancher. En juin\u00a02025, deux ans apr\u00e8s le changement de logement, le tribunal ordonne l\u2019expulsion.<\/p>\n<p class=\" wall-content\">Aminata et sa famille ont jusqu\u2019au 19\u00a0ao\u00fbt pour quitter les lieux et risquent une amende de 40\u00a0euros par jour de retard. Aminata ne d\u00e9sesp\u00e8re pas que NMH \u00ab\u2009change d\u2019avis\u2009\u00bb ou lui propose un autre logement similaire \u00e0 celui de la rue Gambetta.<\/p>\n<blockquote class=\"ac-article-quote wall-content\">\n<p>C&rsquo;est compliqu\u00e9 et fatiguant. Ce n&rsquo;est pas facile de trouver une autre solution. Je me couche tard pour envoyer des dossiers. Je croise toujours les doigts pour trouver quelque chose avant le 19 ao\u00fbt. Autrement, je ne sais pas quoi faire. <\/p>\n<p>    <strong>Aminata<\/strong>\n            <\/p><\/blockquote>\n<p class=\" wall-content\">\u00ab\u2009\u00c7a ne va pas \u00eatre \u00e9vident de les reprendre\u2009\u00bb, commente pour sa part NMH qui n\u2019\u00e9carte toutefois pas la possibilit\u00e9 de trouver un appartement \u00e0 Aminata.<\/p>\n<p class=\" wall-content\">En attendant, la m\u00e8re de famille encha\u00eene les visites pour trouver un endroit o\u00f9 loger, sans succ\u00e8s. Elle lance aujourd\u2019hui un appel dans <strong>l\u2019espoir de trouver une solution.<\/strong><\/p>\n<p class=\" wall-content\">Suivez toute l\u2019actualit\u00e9 de vos villes et m\u00e9dias favoris en vous inscrivant \u00e0 <a href=\"https:\/\/moncompte.actu.fr\" title=\"D\u00e9couvez Mon Actu\" rel=\"nofollow noopener\" data-trk=\"{&quot;cta&quot;:{&quot;action&quot;:&quot;https:\\\/\\\/moncompte.actu.fr&quot;,&quot;category&quot;:&quot;mon compte&quot;,&quot;from&quot;:&quot;article footer&quot;,&quot;name&quot;:&quot;Mon actu&quot;,&quot;type&quot;:&quot;cta&quot;}}\" target=\"_blank\">Mon Actu<\/a>.<\/p>\n<ul class=\"ac-article-tag wall-content\">\n<li><a href=\"https:\/\/actu.fr\/tag\/logements-sociaux\" data-trk=\"{&quot;cta&quot;:{&quot;action&quot;:&quot;Logements sociaux&quot;,&quot;category&quot;:&quot;tag&quot;,&quot;from&quot;:&quot;article footer&quot;,&quot;name&quot;:&quot;Logements sociaux&quot;,&quot;type&quot;:&quot;cta&quot;}}\" target=\"_blank\" rel=\"noopener\">#Logements sociaux<\/a><\/li>\n<li><a href=\"https:\/\/actu.fr\/tag\/temoignage\" data-trk=\"{&quot;cta&quot;:{&quot;action&quot;:&quot;T\\u00e9moignage&quot;,&quot;category&quot;:&quot;tag&quot;,&quot;from&quot;:&quot;article footer&quot;,&quot;name&quot;:&quot;T\\u00e9moignage&quot;,&quot;type&quot;:&quot;cta&quot;}}\" target=\"_blank\" rel=\"noopener\">#T\u00e9moignage<\/a><\/li>\n<\/ul>\n","protected":false},"excerpt":{"rendered":"Par Laure Gentil Publi\u00e9 le 26 juil. 2025 \u00e0 11h02 Simple malentendu ou m\u00e9compr\u00e9hension sur le fonctionnement d\u2019attribution&hellip;\n","protected":false},"author":2,"featured_media":274914,"comment_status":"","ping_status":"","sticky":false,"template":"","format":"standard","meta":{"footnotes":""},"categories":[2818],"tags":[1111,11,1777,674,1011,27,6459,766,12,2636,25,104,240],"class_list":{"0":"post-274913","1":"post","2":"type-post","3":"status-publish","4":"format-standard","5":"has-post-thumbnail","7":"category-nantes","8":"tag-actu","9":"tag-actualites","10":"tag-eu","11":"tag-europe","12":"tag-fr","13":"tag-france","14":"tag-logements-sociaux","15":"tag-nantes","16":"tag-news","17":"tag-pays-de-la-loire","18":"tag-republique-francaise","19":"tag-societe","20":"tag-temoignage"},"share_on_mastodon":{"url":"https:\/\/pubeurope.com\/@fr\/114918921508888154","error":""},"_links":{"self":[{"href":"https:\/\/www.europesays.com\/fr\/wp-json\/wp\/v2\/posts\/274913","targetHints":{"allow":["GET"]}}],"collection":[{"href":"https:\/\/www.europesays.com\/fr\/wp-json\/wp\/v2\/posts"}],"about":[{"href":"https:\/\/www.europesays.com\/fr\/wp-json\/wp\/v2\/types\/post"}],"author":[{"embeddable":true,"href":"https:\/\/www.europesays.com\/fr\/wp-json\/wp\/v2\/users\/2"}],"replies":[{"embeddable":true,"href":"https:\/\/www.europesays.com\/fr\/wp-json\/wp\/v2\/comments?post=274913"}],"version-history":[{"count":0,"href":"https:\/\/www.europesays.com\/fr\/wp-json\/wp\/v2\/posts\/274913\/revisions"}],"wp:featuredmedia":[{"embeddable":true,"href":"https:\/\/www.europesays.com\/fr\/wp-json\/wp\/v2\/media\/274914"}],"wp:attachment":[{"href":"https:\/\/www.europesays.com\/fr\/wp-json\/wp\/v2\/media?parent=274913"}],"wp:term":[{"taxonomy":"category","embeddable":true,"href":"https:\/\/www.europesays.com\/fr\/wp-json\/wp\/v2\/categories?post=274913"},{"taxonomy":"post_tag","embeddable":true,"href":"https:\/\/www.europesays.com\/fr\/wp-json\/wp\/v2\/tags?post=274913"}],"curies":[{"name":"wp","href":"https:\/\/api.w.org\/{rel}","templated":true}]}}