{"id":27492,"date":"2025-04-15T20:21:20","date_gmt":"2025-04-15T20:21:20","guid":{"rendered":"https:\/\/www.europesays.com\/fr\/27492\/"},"modified":"2025-04-15T20:21:20","modified_gmt":"2025-04-15T20:21:20","slug":"on-vous-dit-tout-sur-le-bbc-comedy-club-a-nancy","status":"publish","type":"post","link":"https:\/\/www.europesays.com\/fr\/27492\/","title":{"rendered":"on vous dit tout sur le BBC Comedy Club \u00e0 Nancy."},"content":{"rendered":"\n<p>Besoin d\u2019une id\u00e9e de sortie\u00a0? Le <strong>BBC Comedy Club<\/strong> revient pour sa 88e \u00e9dition !<\/p>\n<p>Tous les mardis \u00e0 20h15, le BBC, alias \u00ab\u00a0Bi\u00e8re, Bordel &amp; Copains\u00a0\u00bb, devient le sanctuaire du rire \u00e0 <strong>Nancy<\/strong>. Avec plus de 150 humoristes d\u00e9j\u00e0 pass\u00e9s sur sc\u00e8ne, cet espace s&rsquo;est impos\u00e9 comme le point de rencontre hebdomadaire des passionn\u00e9s d&rsquo;humour dans le Grand Est.<\/p>\n<p>Au programme : David Sun, Sardine, Sabrina Oussikiss et Caroline.<\/p>\n<p>Arriv\u00e9e conseill\u00e9e vers 19h30 pour une place assise.<\/p>\n","protected":false},"excerpt":{"rendered":"Besoin d\u2019une id\u00e9e de sortie\u00a0? Le BBC Comedy Club revient pour sa 88e \u00e9dition ! Tous les mardis&hellip;\n","protected":false},"author":2,"featured_media":27493,"comment_status":"","ping_status":"","sticky":false,"template":"","format":"standard","meta":{"footnotes":""},"categories":[9635],"tags":[1111,11,9668,9667,1777,674,1011,27,775,708,776,5599,1702,12,9666,25],"class_list":{"0":"post-27492","1":"post","2":"type-post","3":"status-publish","4":"format-standard","5":"has-post-thumbnail","7":"category-nancy","8":"tag-actu","9":"tag-actualites","10":"tag-bbc","11":"tag-comedy-club","12":"tag-eu","13":"tag-europe","14":"tag-fr","15":"tag-france","16":"tag-grand-est","17":"tag-humour","18":"tag-lorraine","19":"tag-moselle","20":"tag-nancy","21":"tag-news","22":"tag-plaisir","23":"tag-republique-francaise"},"share_on_mastodon":{"url":"https:\/\/pubeurope.com\/@fr\/114343843197783784","error":""},"_links":{"self":[{"href":"https:\/\/www.europesays.com\/fr\/wp-json\/wp\/v2\/posts\/27492","targetHints":{"allow":["GET"]}}],"collection":[{"href":"https:\/\/www.europesays.com\/fr\/wp-json\/wp\/v2\/posts"}],"about":[{"href":"https:\/\/www.europesays.com\/fr\/wp-json\/wp\/v2\/types\/post"}],"author":[{"embeddable":true,"href":"https:\/\/www.europesays.com\/fr\/wp-json\/wp\/v2\/users\/2"}],"replies":[{"embeddable":true,"href":"https:\/\/www.europesays.com\/fr\/wp-json\/wp\/v2\/comments?post=27492"}],"version-history":[{"count":0,"href":"https:\/\/www.europesays.com\/fr\/wp-json\/wp\/v2\/posts\/27492\/revisions"}],"wp:featuredmedia":[{"embeddable":true,"href":"https:\/\/www.europesays.com\/fr\/wp-json\/wp\/v2\/media\/27493"}],"wp:attachment":[{"href":"https:\/\/www.europesays.com\/fr\/wp-json\/wp\/v2\/media?parent=27492"}],"wp:term":[{"taxonomy":"category","embeddable":true,"href":"https:\/\/www.europesays.com\/fr\/wp-json\/wp\/v2\/categories?post=27492"},{"taxonomy":"post_tag","embeddable":true,"href":"https:\/\/www.europesays.com\/fr\/wp-json\/wp\/v2\/tags?post=27492"}],"curies":[{"name":"wp","href":"https:\/\/api.w.org\/{rel}","templated":true}]}}