{"id":274925,"date":"2025-07-26T09:58:12","date_gmt":"2025-07-26T09:58:12","guid":{"rendered":"https:\/\/www.europesays.com\/fr\/274925\/"},"modified":"2025-07-26T09:58:12","modified_gmt":"2025-07-26T09:58:12","slug":"le-projet-de-parc-geant-deja-obsolete-selon-les-ecologistes","status":"publish","type":"post","link":"https:\/\/www.europesays.com\/fr\/274925\/","title":{"rendered":"le projet de parc g\u00e9ant \u00ab\u00a0d\u00e9j\u00e0 obsol\u00e8te\u00a0\u00bb selon les \u00c9cologistes"},"content":{"rendered":"<p>            Par<br \/>\n        <strong><br \/>\n            <a href=\"https:\/\/actu.fr\/auteur\/margot-nicodeme\" title=\"Consulter tous les articles de Margot Nicod\u00e8me\" target=\"_blank\" rel=\"noopener\">Margot Nicod\u00e8me<\/a><br \/>\n        <\/strong><\/p>\n<p>        Publi\u00e9 le<\/p>\n<p>            26 juil. 2025 \u00e0 10h46        <\/p>\n<p>Les images de ce sera<b> le futur parc avenue du Peuple belge<\/b> \u00e0 <a href=\"https:\/\/actu.fr\/hauts-de-france\/lille_59350\" target=\"_blank\" rel=\"noopener\">Lille<\/a> (Nord) allaient \u00e0 coup s\u00fbr faire r\u00e9agir. Sur l\u2019\u00e9chiquier politique local, c\u2019est<b> le groupe des \u00c9cologistes<\/b>, comme cela pouvait \u00eatre attendu, qui a avanc\u00e9 en premier son pion. Le 26 juillet, deux jours apr\u00e8s <a href=\"https:\/\/actu.fr\/hauts-de-france\/lille_59350\/lille-la-voiture-naura-plus-sa-place-avenue-du-peuple-belge-voici-a-quoi-ressemblera-le-futur-parc_62952308.html\" target=\"_blank\" rel=\"noopener\">le d\u00e9voilement officiel du projet<\/a> par le maire Arnaud Deslandes et son \u00e9quipe, les \u00e9lus de l\u2019opposition, port\u00e9s par <a href=\"https:\/\/actu.fr\/hauts-de-france\/lille_59350\/municipale-2026-a-lille-le-plongeon-politique-du-candidat-ecologiste-stephane-baly-dans-la-deule_62938871.html\" target=\"_blank\" rel=\"noopener\">le candidat aux municipales de 2026 St\u00e9phane Baly<\/a>, font savoir<b> leur insatisfaction<\/b>. Ils d\u00e9noncent des am\u00e9nagements<b> \u00ab\u00a0d\u00e9j\u00e0 obsol\u00e8tes\u00a0\u00bb<\/b>, dans lesquels l\u2019eau, \u00e9l\u00e9ment structurant <a href=\"https:\/\/actu.fr\/hauts-de-france\/lille_59350\/lille-concertation-sur-l-avenue-du-peuple-belge-voici-le-scenario-choisi-par-les-verts_50906283.html\" target=\"_blank\" rel=\"noopener\">qui \u00e9tait cher au groupe<\/a>, est \u00ab\u00a0rel\u00e9gu\u00e9e au rang de d\u00e9tail\u00a0\u00bb.\u00a0<\/p>\n<p>Transformation de l\u2019avenue du Peuple belge en parc g\u00e9ant : les \u00e9lus \u00e9cologistes insatisfaits<\/p>\n<p class=\" wall-content\">En cas de vote qui leur serait favorable l\u2019ann\u00e9e prochaine, les Verts proposent de <b>sonder \u00e0 nouveau les Lillois <\/b>sur l\u2019essence m\u00eame de la m\u00e9tamorphose de l\u2019avenue. Pour qu\u2019ils puissent <b>\u00ab\u00a0redire leur pr\u00e9f\u00e9rence\u00a0\u00bb<\/b>. Pour rappel, 14 569 votes d\u2019habitants avaient \u00e9t\u00e9 recueillis en 2022, pl\u00e9biscitant in fine le projet de parc g\u00e9ant, mais avec seulement une poign\u00e9e de voix d\u2019avance sur les sc\u00e9narios incluant la <a href=\"https:\/\/actu.fr\/hauts-de-france\/lille_59350\/lille-concertation-sur-l-avenue-du-peuple-belge-ils-soutiennent-la-remise-en-eau-totale_50849774.html\" target=\"_blank\" rel=\"noopener\">remise en eau totale<\/a> ou partielle.\u00a0<\/p>\n<p class=\" wall-content\">\u00ab\u00a0Quand les trois sc\u00e9narios \u00ab\u00a0eau\u00a0\u00bb remportaient 73 % des votes, [la Ville] d\u00e9cidait de retenir le quatri\u00e8me sc\u00e9nario du \u00ab\u00a0parc\u00a0\u00bb ayant devanc\u00e9 de peu (27 %) les trois autres\u00a0\u00bb, dit le communiqu\u00e9 en date du 26 juillet. Le bassin pr\u00e9vu sous le pont Neuf de l\u2019avenue du Peuple belge para\u00eet bien insuffisant aux yeux des \u00e9lus, qui tranchent : \u00ab\u00a0L\u2019eau, attendue et pl\u00e9biscit\u00e9e, est rel\u00e9gu\u00e9e au rang de d\u00e9tail.\u00a0\u00bb<\/p>\n<p class=\" wall-content\">Si les Verts se r\u00e9jouissent globalement du \u00ab\u00a0principe d\u2019un retour de la nature en ville\u00a0\u00bb, ils expriment d\u2019autres points de crispation. \u00ab\u00a0Le d\u00e9sint\u00e9r\u00eat pour l\u2019\u00eelot Comtesse et pour la revalorisation du patrimoine\u00a0\u00bb, et le calendrier jug\u00e9 serr\u00e9 entre des am\u00e9nagements r\u00e9cents et ceux \u00e0 venir (la place Louise de Bettignies est cit\u00e9e en exemple), qui \u00ab\u00a0interrogent le bon usage des deniers publics\u00a0\u00bb.<\/p>\n<p class=\" wall-content\">La majorit\u00e9 municipale a fait savoir que des ateliers participatifs se tiendraient d\u00e8s cette ann\u00e9e 2025, pour affiner les derniers d\u00e9tails de cette transformation, marquant ind\u00e9niablement un tournant dans l\u2019histoire de Lille. Le d\u00e9marrage des travaux est pr\u00e9vu fin 2027.<\/p>\n<p class=\" wall-content\">Suivez toute l\u2019actualit\u00e9 de vos villes et m\u00e9dias favoris en vous inscrivant \u00e0 <a href=\"https:\/\/moncompte.actu.fr\" title=\"D\u00e9couvez Mon Actu\" rel=\"nofollow noopener\" data-trk=\"{&quot;cta&quot;:{&quot;action&quot;:&quot;https:\\\/\\\/moncompte.actu.fr&quot;,&quot;category&quot;:&quot;mon compte&quot;,&quot;from&quot;:&quot;article footer&quot;,&quot;name&quot;:&quot;Mon actu&quot;,&quot;type&quot;:&quot;cta&quot;}}\" target=\"_blank\">Mon Actu<\/a>.<\/p>\n","protected":false},"excerpt":{"rendered":"Par Margot Nicod\u00e8me Publi\u00e9 le 26 juil. 2025 \u00e0 10h46 Les images de ce sera le futur parc&hellip;\n","protected":false},"author":2,"featured_media":274926,"comment_status":"","ping_status":"","sticky":false,"template":"","format":"standard","meta":{"footnotes":""},"categories":[2815],"tags":[1111,11,1777,674,7430,1011,27,811,1307,12,25,104,1352],"class_list":{"0":"post-274925","1":"post","2":"type-post","3":"status-publish","4":"format-standard","5":"has-post-thumbnail","7":"category-lille","8":"tag-actu","9":"tag-actualites","10":"tag-eu","11":"tag-europe","12":"tag-europe-ecologie-les-verts-eelv","13":"tag-fr","14":"tag-france","15":"tag-hauts-de-france","16":"tag-lille","17":"tag-news","18":"tag-republique-francaise","19":"tag-societe","20":"tag-urbanisme"},"share_on_mastodon":{"url":"https:\/\/pubeurope.com\/@fr\/114918949104320905","error":""},"_links":{"self":[{"href":"https:\/\/www.europesays.com\/fr\/wp-json\/wp\/v2\/posts\/274925","targetHints":{"allow":["GET"]}}],"collection":[{"href":"https:\/\/www.europesays.com\/fr\/wp-json\/wp\/v2\/posts"}],"about":[{"href":"https:\/\/www.europesays.com\/fr\/wp-json\/wp\/v2\/types\/post"}],"author":[{"embeddable":true,"href":"https:\/\/www.europesays.com\/fr\/wp-json\/wp\/v2\/users\/2"}],"replies":[{"embeddable":true,"href":"https:\/\/www.europesays.com\/fr\/wp-json\/wp\/v2\/comments?post=274925"}],"version-history":[{"count":0,"href":"https:\/\/www.europesays.com\/fr\/wp-json\/wp\/v2\/posts\/274925\/revisions"}],"wp:featuredmedia":[{"embeddable":true,"href":"https:\/\/www.europesays.com\/fr\/wp-json\/wp\/v2\/media\/274926"}],"wp:attachment":[{"href":"https:\/\/www.europesays.com\/fr\/wp-json\/wp\/v2\/media?parent=274925"}],"wp:term":[{"taxonomy":"category","embeddable":true,"href":"https:\/\/www.europesays.com\/fr\/wp-json\/wp\/v2\/categories?post=274925"},{"taxonomy":"post_tag","embeddable":true,"href":"https:\/\/www.europesays.com\/fr\/wp-json\/wp\/v2\/tags?post=274925"}],"curies":[{"name":"wp","href":"https:\/\/api.w.org\/{rel}","templated":true}]}}