{"id":274929,"date":"2025-07-26T10:00:13","date_gmt":"2025-07-26T10:00:13","guid":{"rendered":"https:\/\/www.europesays.com\/fr\/274929\/"},"modified":"2025-07-26T10:00:13","modified_gmt":"2025-07-26T10:00:13","slug":"bientot-la-fin-des-longues-files-dattente-avant-de-prendre-lavion-un-dispositif-inedit-teste-a-marseille","status":"publish","type":"post","link":"https:\/\/www.europesays.com\/fr\/274929\/","title":{"rendered":"Bient\u00f4t la fin des longues files d&rsquo;attente avant de prendre l&rsquo;avion ? Un dispositif in\u00e9dit test\u00e9 \u00e0 Marseille"},"content":{"rendered":"<ul class=\"jsx-862013697 ArticleChapo__List\">\n<li class=\"jsx-862013697 ArticleChapo__List_Item flex\">\u00c0 l&rsquo;a\u00e9roport Marseille-Provence, une compagnie a\u00e9rienne utilise d\u00e9sormais des bornes \u00e0 reconnaissance faciale.<\/li>\n<li class=\"jsx-862013697 ArticleChapo__List_Item flex\">Objectif : r\u00e9duire les files d&rsquo;attente pour les voyageurs et faciliter le travail du personnel.<\/li>\n<li class=\"jsx-862013697 ArticleChapo__List_Item flex\">Qui peut profiter de ce dispositif qu&rsquo;adopteront trois autres compagnies d&rsquo;ici \u00e0 la fin de l&rsquo;ann\u00e9e ?<\/li>\n<\/ul>\n<p><a href=\"https:\/\/www.tf1info.fr\/emissions\/tf1\/le-13h-10927\/\" rel=\"noopener\" class=\"jsx-484472199 Link jsx-1428418400 jsx-640816507\" target=\"_blank\"><\/p>\n<p style=\"font-weight:400\" class=\"jsx-1837267516\">Suivez la couverture compl\u00e8te<\/p>\n<p style=\"font-weight:800\" class=\"jsx-1837267516\">Le 13H<\/p>\n<p><\/a><\/p>\n<p data-module=\"article-paragraph\" class=\"jsx-3046738180 Paragraph\">Les longues files d&rsquo;attente avant de prendre l&rsquo;avion seront-elles bient\u00f4t un lointain souvenir ? C&rsquo;est en tout cas l&rsquo;objectif d&rsquo;un dispositif actuellement en phase de test \u00e0 l&rsquo;<a href=\"https:\/\/www.tf1info.fr\/transports\/laeroport-de-marseille-a-le-vent-en-poupe-1546497.html\" target=\"_blank\" rel=\"noopener\">a\u00e9roport de Marseille-Provence<\/a>. Le principe ? L&rsquo;utilisation de bornes biom\u00e9triques qui pourraient faire gagner aux voyageurs de 20 \u00e0 40 minutes par vol, en scannant sa carte d&#8217;embarquement et sa pi\u00e8ce d&rsquo;identit\u00e9. Un QR code est alors imprim\u00e9, \u00e0 partir de ces donn\u00e9es et d&rsquo;une <a href=\"https:\/\/www.tf1info.fr\/high-tech\/video-avec-son-telephone-sa-main-ou-la-reconnaissance-faciale-quand-la-technologie-facilite-les-paiements-carte-bancaire-2313761.html\" target=\"_blank\" rel=\"noopener\">reconnaissance faciale<\/a>, gr\u00e2ce \u00e0 une photo prise \u00e0 cet instant. \u00c0 lui tout seul, il remplace alors le ticket bagage, la carte d&#8217;embarquement et le passeport.\u00a0<\/p>\n<p data-module=\"article-paragraph\" class=\"jsx-3046738180 Paragraph Paragraph__End\">Il permet notamment de gagner du temps en enregistrant sa valise tout seul dans un d\u00e9pose-bagage automatique. \u00ab\u00a0C&rsquo;est pratique parce que si \u00e7a peut nous \u00e9viter de faire la queue pendant des heures pour poser nos valises, c&rsquo;est tr\u00e8s bien\u00a0\u00bb, se r\u00e9jouit une voyageuse dans le reportage de TF1 ci-dessus.<\/p>\n<p>Comment \u00e7a marche ?<\/p>\n<p data-module=\"article-paragraph\" class=\"jsx-3046738180 Paragraph Paragraph__End\">Alors que onze millions de voyageurs transitent chaque ann\u00e9e par cet a\u00e9roport, ce nouveau syst\u00e8me install\u00e9 d\u00e9but juillet permet d&rsquo;accueillir plus de monde \u00e0 l&rsquo;enregistrement, et d&rsquo;aller plus vite \u00e0 l&#8217;embarquement. \u00c0 cette \u00e9tape en effet, il ne sera plus n\u00e9cessaire de ressortir son passeport : avec le QR code et la reconnaissance faciale, le portique identifie le voyageur et le laisse entrer dans l&rsquo;avion.\u00a0\u00ab\u00a0Sur 180 passagers, s&rsquo;il y en a d\u00e9j\u00e0 80, c&rsquo;est d\u00e9j\u00e0 un bon gain de temps. Puisqu&rsquo;on a 30 minutes normalement pour embarquer 180 ou 186 passagers\u00a0\u00bb, explique Virginie Gentili, cheffe d&rsquo;escale chez Air Corsica.<\/p>\n<p><a href=\"https:\/\/www.tf1info.fr\/voyages\/recuperer-ses-objets-confisques-a-l-aeroport-c-est-desormais-possible-mais-ce-n-est-pas-gratuit-2064801.html\" rel=\"noopener\" class=\"jsx-3308031228 Link flex\" target=\"_blank\"><img decoding=\"async\" src=\"https:\/\/www.europesays.com\/fr\/wp-content\/uploads\/2025\/07\/capture-aeroport-marseille-a2a229-2@1x.gif\" alt=\"\" loading=\"lazy\" importance=\"low\" fetchpriority=\"low\" class=\"\" aria-hidden=\"true\"\/><\/p>\n<p class=\"jsx-3657663356 ReadMoreArticle__Title\">Lire aussi<\/p>\n<p class=\"jsx-3657663356\">R\u00e9cup\u00e9rer ses objets confisqu\u00e9s \u00e0 l&rsquo;a\u00e9roport, c&rsquo;est d\u00e9sormais possible (mais ce n&rsquo;est pas gratuit)<\/p>\n<p><\/a><\/p>\n<p data-module=\"article-paragraph\" class=\"jsx-3046738180 Paragraph\">L&rsquo;a\u00e9roport promet que ces portiques ne remplaceront pas les agents d&rsquo;escale, mais faciliteront leur travail, et leur permettront de mieux accompagner les voyageurs. Pas d&rsquo;inqui\u00e9tude \u00e0 avoir quant aux donn\u00e9es dont la s\u00e9curit\u00e9 est assur\u00e9e. \u00ab\u00a0Ces donn\u00e9es sont chiffr\u00e9es dans le QR code, donc d\u00e9j\u00e0 il est difficile de les lire, voire impossible. Et ce QR code est \u00e0 la disposition, en ma main \u00e0 moi, c&rsquo;est-\u00e0-dire que je n&rsquo;ai aucune soci\u00e9t\u00e9, ni l&rsquo;a\u00e9roport, ni la compagnie, qui va enregistrer ces donn\u00e9es. Que ces donn\u00e9es soient spoli\u00e9es est quasi impossible\u00a0\u00bb, affirme Nicolas Dorfsman, responsable du d\u00e9partement passagers \u00e0 l&rsquo;a\u00e9roport de Marseille-Provence.<\/p>\n<p data-module=\"article-paragraph\" class=\"jsx-3046738180 Paragraph Paragraph__End\">La g\u00e9n\u00e9ralisation du dispositif n&rsquo;est pas imminente, car seule une compagnie l&rsquo;utilise pour l&rsquo;instant. Elles seront quatre d&rsquo;ici \u00e0 la fin de l&rsquo;ann\u00e9e.<\/p>\n<p>La r\u00e9daction de TF1info | Reportage : Juliette COULAIS et Philippe FONTALBA<\/p>\n","protected":false},"excerpt":{"rendered":"\u00c0 l&rsquo;a\u00e9roport Marseille-Provence, une compagnie a\u00e9rienne utilise d\u00e9sormais des bornes \u00e0 reconnaissance faciale. Objectif : r\u00e9duire les files&hellip;\n","protected":false},"author":2,"featured_media":274930,"comment_status":"","ping_status":"","sticky":false,"template":"","format":"standard","meta":{"footnotes":""},"categories":[2814],"tags":[1111,11,1921,13143,1777,674,1011,27,1922,18766,5008,884,12,882,25,926,2803,2528,133,8191],"class_list":{"0":"post-274929","1":"post","2":"type-post","3":"status-publish","4":"format-standard","5":"has-post-thumbnail","7":"category-marseille","8":"tag-actu","9":"tag-actualites","10":"tag-article-video","11":"tag-avion-secteur-aerien","12":"tag-eu","13":"tag-europe","14":"tag-fr","15":"tag-france","16":"tag-info","17":"tag-innovations-technologiques","18":"tag-le-13h","19":"tag-marseille","20":"tag-news","21":"tag-provence-alpes-cote-dazur","22":"tag-republique-francaise","23":"tag-train","24":"tag-transport","25":"tag-vacances","26":"tag-video","27":"tag-video-transports"},"share_on_mastodon":{"url":"https:\/\/pubeurope.com\/@fr\/114918957028051602","error":""},"_links":{"self":[{"href":"https:\/\/www.europesays.com\/fr\/wp-json\/wp\/v2\/posts\/274929","targetHints":{"allow":["GET"]}}],"collection":[{"href":"https:\/\/www.europesays.com\/fr\/wp-json\/wp\/v2\/posts"}],"about":[{"href":"https:\/\/www.europesays.com\/fr\/wp-json\/wp\/v2\/types\/post"}],"author":[{"embeddable":true,"href":"https:\/\/www.europesays.com\/fr\/wp-json\/wp\/v2\/users\/2"}],"replies":[{"embeddable":true,"href":"https:\/\/www.europesays.com\/fr\/wp-json\/wp\/v2\/comments?post=274929"}],"version-history":[{"count":0,"href":"https:\/\/www.europesays.com\/fr\/wp-json\/wp\/v2\/posts\/274929\/revisions"}],"wp:featuredmedia":[{"embeddable":true,"href":"https:\/\/www.europesays.com\/fr\/wp-json\/wp\/v2\/media\/274930"}],"wp:attachment":[{"href":"https:\/\/www.europesays.com\/fr\/wp-json\/wp\/v2\/media?parent=274929"}],"wp:term":[{"taxonomy":"category","embeddable":true,"href":"https:\/\/www.europesays.com\/fr\/wp-json\/wp\/v2\/categories?post=274929"},{"taxonomy":"post_tag","embeddable":true,"href":"https:\/\/www.europesays.com\/fr\/wp-json\/wp\/v2\/tags?post=274929"}],"curies":[{"name":"wp","href":"https:\/\/api.w.org\/{rel}","templated":true}]}}