{"id":274931,"date":"2025-07-26T10:01:13","date_gmt":"2025-07-26T10:01:13","guid":{"rendered":"https:\/\/www.europesays.com\/fr\/274931\/"},"modified":"2025-07-26T10:01:13","modified_gmt":"2025-07-26T10:01:13","slug":"un-policier-municipal-blesse-par-le-pilote-dun-scooter","status":"publish","type":"post","link":"https:\/\/www.europesays.com\/fr\/274931\/","title":{"rendered":"un policier municipal bless\u00e9 par le pilote d\u2019un scooter"},"content":{"rendered":"<p>\u00ab\u00a0Le gars l\u2019a percut\u00e9 volontairement\u00a0\u00bb, selon une source s\u00e9curitaire. Un policier municipal a \u00e9t\u00e9 renvers\u00e9 par le pilote d\u2019un deux-roues, peu avant minuit, dans la nuit de vendredi \u00e0 samedi, \u00e0 Oullins-Pierre-B\u00e9nite, une commune limitrophe de Lyon. L\u2019agent, heurt\u00e9 \u00e0 la jambe, a \u00e9galement \u00e9t\u00e9 bless\u00e9 \u00e0 un bras dans sa chute. Dix jours d\u2019incapacit\u00e9 totale de travail lui ont \u00e9t\u00e9 d\u00e9livr\u00e9s. Son pronostic vital n\u2019est pas engag\u00e9.<\/p>\n<p>Les faits se sont produits boulevard John-Fitzgerald-Kennedy, pr\u00e8s du parc naturel de l\u2019Yzeron, apr\u00e8s un refus d\u2019obtemp\u00e9rer du scoot\u00e9riste d\u00e9but\u00e9 dans le quartier de la Saulaie.<\/p>\n<p>Ce contenu est bloqu\u00e9 car vous n&rsquo;avez pas accept\u00e9 les cookies et autres traceurs.<\/p>\n<p>En cliquant sur \u00ab J\u2019accepte \u00bb, les cookies et autres traceurs seront d\u00e9pos\u00e9s et vous pourrez visualiser les contenus  (<a href=\"\" class=\"consentModule_policy\" target=\"_blank\" title=\"Consulter la politique de protection des donn\u00e9es du fournisseur\">plus d&rsquo;informations<\/a>).<\/p>\n<p>En cliquant sur \u00ab J\u2019accepte tous les cookies \u00bb, vous autorisez des d\u00e9p\u00f4ts de cookies et autres traceurs pour le stockage de vos donn\u00e9es sur nos sites et applications \u00e0 des fins de personnalisation et de ciblage publicitaire.<\/p>\n<p class=\"consentModule_secondaryText\">Vous gardez la possibilit\u00e9 de retirer votre consentement \u00e0 tout moment en consultant notre <a href=\"https:\/\/www.leprogres.fr\/protection-des-donnees\" target=\"_blank\" title=\"Consulter notre politique de protection des donn\u00e9es\" rel=\"noopener\">politique de protection des donn\u00e9es<\/a>. <br \/>&#13;<br \/>\n            <a href=\"https:\/\/www.leprogres.fr\/faits-divers-justice\/2025\/07\/26\/javascript:Didomi.notice.show()\" class=\"consentModule_cmp\" target=\"_blank\" rel=\"noopener\">G\u00e9rer mes choix<\/a>&#13;\n        <\/p>\n<p>&#13;<br \/>\n                        J&rsquo;accepte&#13;<br \/>\n            J&rsquo;accepte tous les cookies&#13;\n        <\/p>\n<p>  Le chauffard a pris la fuite<\/p>\n<p>Des policiers municipaux avaient souhait\u00e9 le contr\u00f4ler \u00e0 proximit\u00e9 d\u2019un point de deal, \u00e0 l\u2019intersection entre les rues Louis-Normand et Louis-Roy. Le mis en cause avait alors pris la fuite, roulant au moins \u00e0 une reprise sur un trottoir. Une poursuite s\u2019\u00e9tait engag\u00e9e, au cours de laquelle au moins un policier a mis pied \u00e0 terre pour essayer d\u2019arr\u00eater le suspect et a \u00e9t\u00e9 s\u00e9rieusement bless\u00e9.<\/p>\n<p>Le chauffard est parvenu \u00e0 prendre la fuite et \u00e9tait toujours activement recherch\u00e9 ce samedi matin. Une enqu\u00eate pour violence volontaire avec arme par destination et refus d\u2019obtemp\u00e9rer a \u00e9t\u00e9 ouverte.<\/p>\n","protected":false},"excerpt":{"rendered":"\u00ab\u00a0Le gars l\u2019a percut\u00e9 volontairement\u00a0\u00bb, selon une source s\u00e9curitaire. Un policier municipal a \u00e9t\u00e9 renvers\u00e9 par le pilote&hellip;\n","protected":false},"author":2,"featured_media":274932,"comment_status":"","ping_status":"","sticky":false,"template":"","format":"standard","meta":{"footnotes":""},"categories":[1889],"tags":[1111,11,2430,271,272,3154,1777,674,274,107,1011,27,2428,12,15665,15666,25,2429],"class_list":{"0":"post-274931","1":"post","2":"type-post","3":"status-publish","4":"format-standard","5":"has-post-thumbnail","7":"category-lyon","8":"tag-actu","9":"tag-actualites","10":"tag-auvergne-rhone-alpes","11":"tag-crime","12":"tag-delit-et-contravention","13":"tag-edition-sud-lyonnais","14":"tag-eu","15":"tag-europe","16":"tag-faits-divers-justice","17":"tag-fil-info","18":"tag-fr","19":"tag-france","20":"tag-lyon","21":"tag-news","22":"tag-oullins-pierre-benite","23":"tag-oullins-ville","24":"tag-republique-francaise","25":"tag-rhone"},"share_on_mastodon":{"url":"https:\/\/pubeurope.com\/@fr\/114918960898146328","error":""},"_links":{"self":[{"href":"https:\/\/www.europesays.com\/fr\/wp-json\/wp\/v2\/posts\/274931","targetHints":{"allow":["GET"]}}],"collection":[{"href":"https:\/\/www.europesays.com\/fr\/wp-json\/wp\/v2\/posts"}],"about":[{"href":"https:\/\/www.europesays.com\/fr\/wp-json\/wp\/v2\/types\/post"}],"author":[{"embeddable":true,"href":"https:\/\/www.europesays.com\/fr\/wp-json\/wp\/v2\/users\/2"}],"replies":[{"embeddable":true,"href":"https:\/\/www.europesays.com\/fr\/wp-json\/wp\/v2\/comments?post=274931"}],"version-history":[{"count":0,"href":"https:\/\/www.europesays.com\/fr\/wp-json\/wp\/v2\/posts\/274931\/revisions"}],"wp:featuredmedia":[{"embeddable":true,"href":"https:\/\/www.europesays.com\/fr\/wp-json\/wp\/v2\/media\/274932"}],"wp:attachment":[{"href":"https:\/\/www.europesays.com\/fr\/wp-json\/wp\/v2\/media?parent=274931"}],"wp:term":[{"taxonomy":"category","embeddable":true,"href":"https:\/\/www.europesays.com\/fr\/wp-json\/wp\/v2\/categories?post=274931"},{"taxonomy":"post_tag","embeddable":true,"href":"https:\/\/www.europesays.com\/fr\/wp-json\/wp\/v2\/tags?post=274931"}],"curies":[{"name":"wp","href":"https:\/\/api.w.org\/{rel}","templated":true}]}}