{"id":274933,"date":"2025-07-26T10:02:11","date_gmt":"2025-07-26T10:02:11","guid":{"rendered":"https:\/\/www.europesays.com\/fr\/274933\/"},"modified":"2025-07-26T10:02:11","modified_gmt":"2025-07-26T10:02:11","slug":"lyon-a-table-au-buldo-plus-beau-ponton-sur-la-saone-et-royaume-de-la-grenouille","status":"publish","type":"post","link":"https:\/\/www.europesays.com\/fr\/274933\/","title":{"rendered":"Lyon. \u00c0 table au Buldo, plus beau ponton sur la Sa\u00f4ne et royaume de la grenouille"},"content":{"rendered":"<p>C\u2019est une carte postale de l\u2019\u00e9t\u00e9 \u00e0 Lyon, presque une madeleine de Proust. \u00catre assis, en amoureux, en famille ou entre amis, en terrasse, sur un ponton de bois sur la Sa\u00f4ne, l\u2019\u00eele Barbe en panoramique. Selon les heures, des bateaux (qui parfois s\u2019y amarrent), des rameurs en aviron viennent cr\u00e9er quelques vagues, quand ce ne sont pas des familles de cygnes ou canards, en qu\u00eate d\u2019un petit bout de pain. Certains vous conseilleront d\u2019\u00eatre plut\u00f4t l\u00e0 au coucher du soleil, lorsque le ciel se pare de toutes les nuances d\u2019orange-rose.<\/p>\n<p>Nous (re)voil\u00e0 au Buldo, une institution estivale \u00e0 Lyon. Certes, elle ne fait pas toujours l\u2019unanimit\u00e9, certains pointant des menus aux tarifs un peu dodus. Mais la magie op\u00e8re toujours et cette vue n\u2019a pas de prix. La sp\u00e9cialit\u00e9 ici, ce sont les grenouilles, en persillade, qu\u2019on peut commander&#8230;<\/p>\n","protected":false},"excerpt":{"rendered":"C\u2019est une carte postale de l\u2019\u00e9t\u00e9 \u00e0 Lyon, presque une madeleine de Proust. \u00catre assis, en amoureux, en&hellip;\n","protected":false},"author":2,"featured_media":274934,"comment_status":"","ping_status":"","sticky":false,"template":"","format":"standard","meta":{"footnotes":""},"categories":[1889],"tags":[1111,11,2430,1687,2757,1777,674,1011,27,2428,2756,6016,12,25,2429,3151],"class_list":{"0":"post-274933","1":"post","2":"type-post","3":"status-publish","4":"format-standard","5":"has-post-thumbnail","7":"category-lyon","8":"tag-actu","9":"tag-actualites","10":"tag-auvergne-rhone-alpes","11":"tag-culture-loisirs","12":"tag-edition-lyon-villeurbanne","13":"tag-eu","14":"tag-europe","15":"tag-fr","16":"tag-france","17":"tag-lyon","18":"tag-lyon-bassin","19":"tag-magazine-cuisine-et-vins","20":"tag-news","21":"tag-republique-francaise","22":"tag-rhone","23":"tag-selection-de-la-redaction-69"},"share_on_mastodon":{"url":"https:\/\/pubeurope.com\/@fr\/114918964731537475","error":""},"_links":{"self":[{"href":"https:\/\/www.europesays.com\/fr\/wp-json\/wp\/v2\/posts\/274933","targetHints":{"allow":["GET"]}}],"collection":[{"href":"https:\/\/www.europesays.com\/fr\/wp-json\/wp\/v2\/posts"}],"about":[{"href":"https:\/\/www.europesays.com\/fr\/wp-json\/wp\/v2\/types\/post"}],"author":[{"embeddable":true,"href":"https:\/\/www.europesays.com\/fr\/wp-json\/wp\/v2\/users\/2"}],"replies":[{"embeddable":true,"href":"https:\/\/www.europesays.com\/fr\/wp-json\/wp\/v2\/comments?post=274933"}],"version-history":[{"count":0,"href":"https:\/\/www.europesays.com\/fr\/wp-json\/wp\/v2\/posts\/274933\/revisions"}],"wp:featuredmedia":[{"embeddable":true,"href":"https:\/\/www.europesays.com\/fr\/wp-json\/wp\/v2\/media\/274934"}],"wp:attachment":[{"href":"https:\/\/www.europesays.com\/fr\/wp-json\/wp\/v2\/media?parent=274933"}],"wp:term":[{"taxonomy":"category","embeddable":true,"href":"https:\/\/www.europesays.com\/fr\/wp-json\/wp\/v2\/categories?post=274933"},{"taxonomy":"post_tag","embeddable":true,"href":"https:\/\/www.europesays.com\/fr\/wp-json\/wp\/v2\/tags?post=274933"}],"curies":[{"name":"wp","href":"https:\/\/api.w.org\/{rel}","templated":true}]}}