{"id":274942,"date":"2025-07-26T10:09:12","date_gmt":"2025-07-26T10:09:12","guid":{"rendered":"https:\/\/www.europesays.com\/fr\/274942\/"},"modified":"2025-07-26T10:09:12","modified_gmt":"2025-07-26T10:09:12","slug":"la-france-accuse-la-russie-davoir-mene-des-cyberattaques-sur-ses-institutions-ses-entreprises-privees-et-ses-medias-%c2%b7-global-voices-en-francais","status":"publish","type":"post","link":"https:\/\/www.europesays.com\/fr\/274942\/","title":{"rendered":"La France accuse la Russie d\u2019avoir men\u00e9 des cyberattaques sur ses institutions, ses entreprises priv\u00e9es et ses m\u00e9dias \u00b7 Global Voices en Fran\u00e7ais"},"content":{"rendered":"<p><a href=\"https:\/\/truthmeter.mk\/france-accuses-russia-of-cyberattacks-on-public-services-private-companies-and-media-outlets\/\" rel=\"nofollow noopener\" target=\"_blank\"><img fetchpriority=\"high\" decoding=\"async\" aria-describedby=\"caption-attachment-837901\" class=\"wp-image-837901 size-large\" src=\"https:\/\/www.europesays.com\/fr\/wp-content\/uploads\/2025\/07\/Putin_Russia_vs_France-800x513.jpg\" alt=\"Illustration de Truthmeter.mk, utilis\u00e9e avec permission.\" width=\"800\" height=\"513\"\/><\/a><\/p>\n<p id=\"caption-attachment-837901\" class=\"wp-caption-text\">Illustration de Truthmeter.mk, utilis\u00e9e avec permission.<\/p>\n<p>[Sauf mention contraire, tous les liens de ce billet renvoient vers des pages web en fran\u00e7ais.]<\/p>\n<p>Cet article a \u00e9t\u00e9 \u00e0 l&rsquo;origine publi\u00e9 par <a href=\"https:\/\/truthmeter.mk\/france-accuses-russia-of-cyberattacks-on-public-services-private-companies-and-media-outlets\/\" rel=\"nofollow noopener\" target=\"_blank\">Truthmeter.mk<\/a> [en] le 15 mai 2025, qui fait partie du <a href=\"https:\/\/antidisinfo.net\/the-future-of-truth-carlos-hernandez-echevarria-on-fact-checking-and-ai\/\" rel=\"nofollow noopener\" target=\"_blank\">R\u00e9seau Anti-D\u00e9sinformation des Balkans de l&rsquo;Ouest<\/a> [en]. Une version r\u00e9\u00e9dit\u00e9e est republi\u00e9e sur Global Voices dans le cadre d&rsquo;un accord de partenariat de contenu avec la Fondation Metamorphosis.<\/p>\n<p>Les accusations du gouvernement fran\u00e7ais de cyberattaques de la part de la <a href=\"https:\/\/fr.wikipedia.org\/wiki\/GRU_(Russie)\" rel=\"nofollow noopener\" target=\"_blank\">direction g\u00e9n\u00e9rale des renseignements de l&rsquo;\u00c9tat-Major des Forces arm\u00e9es de la f\u00e9d\u00e9ration de Russie<\/a>, un organisme militaire russe aussi connu sous l&rsquo;acronyme \u00ab GRU \u00bb, ne sont pas les premi\u00e8res venant d&rsquo;une puissance occidentale. En revanche, c&rsquo;est la premi\u00e8re fois que Paris accuse Moscou sur la base d&rsquo;informations de ses propres services de renseignement.<\/p>\n<p>Le 28 avril, le minist\u00e8re des Affaires \u00e9trang\u00e8res fran\u00e7ais <a href=\"https:\/\/www.diplomatie.gouv.fr\/fr\/dossiers-pays\/russie\/evenements\/evenements-de-l-annee-2025\/article\/russie-attribution-de-cyberattaques-contre-la-france-au-service-de\" rel=\"nofollow noopener\" target=\"_blank\">a condamn\u00e9<\/a> les cyber-attaques continues du GRU sur des dizaines d&rsquo;entit\u00e9s fran\u00e7aises, notamment des minist\u00e8res, des cabinets de d\u00e9fense et des thinktanks, afin de d\u00e9stabiliser la France.<\/p>\n<p>Le minist\u00e8re <a href=\"https:\/\/www.diplomatie.gouv.fr\/fr\/dossiers-pays\/russie\/evenements\/evenements-de-l-annee-2025\/article\/russie-attribution-de-cyberattaques-contre-la-france-au-service-de\" rel=\"nofollow noopener\" target=\"_blank\">explique<\/a> dans un communiqu\u00e9 que les attaques perp\u00e9tr\u00e9es par l&rsquo;unit\u00e9 APT28 du GRU sur le pays remontent \u00e0 2015, quand la cha\u00eene de t\u00e9l\u00e9vision TV5Monde a cess\u00e9 d&rsquo;\u00e9mettre \u00e0 cause d&rsquo;un hacker. Le gouvernement pense qu&rsquo;APT28 (qui serait originaire de Rostov-sur-le-Don, au Sud de la Russie) \u00e9tait derri\u00e8re cette attaque, m\u00eame si des militants de l&rsquo;\u00c9tat islamique ont par la suite <a href=\"https:\/\/fr.wikipedia.org\/wiki\/Cyberattaque_contre_TV5_Monde\" rel=\"nofollow noopener\" target=\"_blank\">revendiqu\u00e9 cette cyberattaque.<\/a>.<\/p>\n<p>La France a aussi <a href=\"https:\/\/www.diplomatie.gouv.fr\/fr\/dossiers-pays\/russie\/evenements\/evenements-de-l-annee-2025\/article\/russie-attribution-de-cyberattaques-contre-la-france-au-service-de\" rel=\"nofollow noopener\" target=\"_blank\">accus\u00e9<\/a> APT28 d&rsquo;avoir particip\u00e9 \u00e0 un autre incident durant l&rsquo;\u00e9lection pr\u00e9sidentielle de 2017 : des adresses e-mail des membres du parti et de la campagne du candidat Emmanuel Macron avaient fuit\u00e9 et furent m\u00e9lang\u00e9es \u00e0 de la d\u00e9sinformation :<\/p>\n<blockquote>\n<p>La France condamne avec la plus grande fermet\u00e9 le recours par le service de renseignement militaire russe (GRU) au mode op\u00e9ratoire d\u2019attaque APT28, \u00e0 l\u2019origine de plusieurs cyber-attaques contre des int\u00e9r\u00eats fran\u00e7ais.<\/p>\n<p>Depuis 2021, ce mode op\u00e9ratoire d\u2019attaque (MOA) a \u00e9t\u00e9 utilis\u00e9 dans le ciblage ou la compromission d\u2019une dizaine d\u2019entit\u00e9s fran\u00e7aises. Ces entit\u00e9s sont des acteurs de la vie des Fran\u00e7ais : services publics, entreprises priv\u00e9es, ainsi qu\u2019une organisation sportive li\u00e9e \u00e0 l\u2019organisation des Jeux olympiques et paralympiques 2024. Par le pass\u00e9, ce mode op\u00e9ratoire a \u00e9galement \u00e9t\u00e9 utilis\u00e9 par le GRU dans le sabotage de la cha\u00eene de t\u00e9l\u00e9vision TV5Monde en 2015, ainsi que dans la tentative de d\u00e9stabilisation du processus \u00e9lectoral fran\u00e7ais en 2017.<\/p>\n<\/blockquote>\n<p>Le communiqu\u00e9 fait des suppositions sur l&rsquo;utilisation du groupe d&rsquo;attaque APT28 pour exercer une pression sur les infrastructures ukrainiennes dans le contexte de l&rsquo;invasion militaire de la Russie en Ukraine, ainsi que sur un grand nombre de ses partenaires europ\u00e9ens ces derni\u00e8res ann\u00e9es. Le minist\u00e8re <a href=\"https:\/\/www.diplomatie.gouv.fr\/fr\/dossiers-pays\/russie\/evenements\/evenements-de-l-annee-2025\/article\/russie-attribution-de-cyberattaques-contre-la-france-au-service-de\" rel=\"nofollow noopener\" target=\"_blank\">d\u00e9taille<\/a> :<\/p>\n<blockquote>\n<p>\u00c0 ce titre, l\u2019UE a impos\u00e9 des sanctions aux personnes et entit\u00e9s responsables des attaques men\u00e9es \u00e0 l\u2019aide de ce mode op\u00e9ratoire.<\/p>\n<p>Aux c\u00f4t\u00e9s de ses partenaires, la France est r\u00e9solue \u00e0 employer l\u2019ensemble des moyens \u00e0 sa disposition pour anticiper les comportements malveillants de la Russie dans le cyberespace, les d\u00e9courager et y r\u00e9agir le cas \u00e9ch\u00e9ant.<\/p>\n<\/blockquote>\n<p>Le discours au Conseil de s\u00e9curit\u00e9 des Nations Unies<\/p>\n<p>Selon un <a href=\"https:\/\/www.cert.ssi.gouv.fr\/uploads\/CERTFR-2025-CTI-006.pdf\" rel=\"nofollow noopener\" target=\"_blank\">rapport<\/a> de l&rsquo;Agence nationale de la s\u00e9curit\u00e9 des syst\u00e8mes d&rsquo;information (ANSSI), APT28 a \u00e9t\u00e9 utilis\u00e9e afin de rassembler des renseignements strat\u00e9giques sur des entit\u00e9s situ\u00e9es en France, en Europe, en Ukraine et en Am\u00e9rique du Nord.<\/p>\n<p>L\u2019<a href=\"https:\/\/www.cert.ssi.gouv.fr\/uploads\/CERTFR-2025-CTI-006.pdf\" rel=\"nofollow noopener\" target=\"_blank\">ANSSI<\/a> d\u00e9note aussi un pic du nombre d&rsquo;attaques en France sur des minist\u00e8res, des collectivit\u00e9s territoriales, des entreprises du secteur de l&rsquo;armement et de l&rsquo;a\u00e9ronautique, des thinktanks et des organisations dans les secteurs de la finance et de l&rsquo;\u00e9conomie. Selon le rapport, l&rsquo;attaque la plus r\u00e9cente daterait de d\u00e9cembre dernier. Environ 4 000 cyberattaques seraient d&rsquo;origine russe en 2024, soit une augmentation de 15 % par rapport \u00e0 2023.<\/p>\n<p>Le ministre des Affaires \u00e9trang\u00e8res fran\u00e7ais Jean-No\u00ebl Barrot, dans un <a href=\"https:\/\/www.france24.com\/fr\/france\/20250429-le-renseignement-russe-\u00e0-l-origine-de-cyberattaques-r\u00e9p\u00e9t\u00e9es-en-france-selon-le-quai-d-orsay\" rel=\"nofollow noopener\" target=\"_blank\">discours<\/a> prononc\u00e9 au Conseil de s\u00e9curit\u00e9 des Nations Unies, accuse la Russie (dont le repr\u00e9sentant \u00e9tait pr\u00e9sent) d&rsquo;avoir men\u00e9 ces attaques, et demande leur cessation imm\u00e9diate.<\/p>\n<p>M. Barrot explique que la Russie a utilis\u00e9 une branche du GRU, le groupe d&rsquo;attaque \u00ab APT28 \u00bb (aussi connu sous le nom de \u00ab Fancy Bear \u00bb) afin de perp\u00e9trer ses cyberattaques partout dans le monde, notamment celles de l&rsquo;\u00e9lection de 2016 aux \u00c9tats-Unis, pendant lesquelles les mails de la candidate d\u00e9mocrate Hillary Clinton ont \u00e9t\u00e9 d\u00e9voil\u00e9s publiquement. Il a poursuivi en faisant le lien entre ces attaques continues et l&rsquo;aide apport\u00e9e par la France \u00e0 l&rsquo;Ukraine depuis les premiers jours de <a href=\"https:\/\/fr.globalvoices.org\/special\/russia-invades-ukraine\/\" rel=\"nofollow noopener\" target=\"_blank\">l&rsquo;invasion de l&rsquo;Ukraine par la Russie<\/a> en f\u00e9vrier 2022. Durant un d\u00e9bat du Conseil de s\u00e9curit\u00e9 concernant l&rsquo;Ukraine, M. Barrot <a href=\"https:\/\/www.france24.com\/fr\/france\/20250429-le-renseignement-russe-\u00e0-l-origine-de-cyberattaques-r\u00e9p\u00e9t\u00e9es-en-france-selon-le-quai-d-orsay\" rel=\"nofollow noopener\" target=\"_blank\">ajouta<\/a> :<\/p>\n<blockquote>\n<p>Nous condamnons fermement ces cyberattaques. Elles ne sont pas dignes d&rsquo;un membre permanent du Conseil de s\u00e9curit\u00e9 et vont \u00e0 l&rsquo;encontre des limites \u00e9tablies par les Nations Unies. Elles doivent donc cesser de toute urgence.<\/p>\n<\/blockquote>\n<p>La France et la Russie sont deux des cinq membres permanents du Conseil de S\u00e9curit\u00e9 des Nations Unies.<\/p>\n<p>Comme l&rsquo;a mentionn\u00e9 l&rsquo;ANSSI dans son <a href=\"https:\/\/www.cert.ssi.gouv.fr\/uploads\/CERTFR-2025-CTI-006.pdf\" rel=\"nofollow noopener\" target=\"_blank\">rapport<\/a>, le groupe russe ciblerait des adresses mail personnelles afin d&rsquo;obtenir des informations et des messages ou m\u00eame acc\u00e9der \u00e0 d&rsquo;autres infrastructures :<\/p>\n<blockquote>\n<p>Enfin, depuis le d\u00e9but de l\u2019ann\u00e9e 2023, les op\u00e9rateurs du MOA APT28 ont \u00e9galement conduit des campagnes d\u2019hame\u00e7onnage visant \u00e0 rediriger des utilisateurs des services de messagerie UKR.NET et Yahoo vers des fausses pages de connexion afin de voler leurs identifiants. Cette technique d\u2019attaque a parfois \u00e9t\u00e9 adapt\u00e9e afin de d\u00e9ployer de fausses pages de connexion \u00e0 ZimbraMail ou Outlook afin d\u2019\u00e9largir le ciblage.<\/p>\n<\/blockquote>\n<p>La d\u00e9sinformation russe d\u00e9voil\u00e9e au grand jour<\/p>\n<p>La France \u00e9tait l\u2019<a href=\"https:\/\/truthmeter.mk\/russian-propaganda-tries-to-destabilize-france-and-drive-a-wedge-in-nato-and-the-eu\/\" rel=\"nofollow noopener\" target=\"_blank\">une des principales cibles des cyberattaques<\/a> et des campagnes de d\u00e9sinformation de la part de la Russie en 2024, et cela est principalement d\u00fb aux <a href=\"https:\/\/fr.wikipedia.org\/wiki\/\u00c9lections_europ\u00e9ennes_de_2024\" rel=\"nofollow noopener\" target=\"_blank\">\u00e9lections europ\u00e9ennes<\/a> de juin, et, par cons\u00e9quent, \u00e0 la crise parlementaire qui dure depuis les <a href=\"https:\/\/fr.wikipedia.org\/wiki\/\u00c9lections_l\u00e9gislatives_fran\u00e7aises_de_2024\" rel=\"nofollow noopener\" target=\"_blank\">\u00e9lections l\u00e9gislatives<\/a> de juillet. De plus, le pays a fait face \u00e0 des campagnes de d\u00e9sinformation de la part de la Russie pendant les <a href=\"https:\/\/euvsdisinfo.eu\/fr\/les-comperes-du-kremlin-diabolisent-les-jeux-olympiques-de-paris\/\" rel=\"nofollow noopener\" target=\"_blank\">Jeux Olympiques de Paris<\/a>, suppos\u00e9ment afin de d\u00e9stabiliser le pays et d&rsquo;affaiblir l&rsquo;Union Europ\u00e9enne et l&rsquo;OTAN.<\/p>\n<p>Le <a href=\"https:\/\/www.eeas.europa.eu\/sites\/default\/files\/documents\/2025\/EEAS-3nd-ThreatReport-March-2025-05-Digital-HD.pdf\" rel=\"nofollow noopener\" target=\"_blank\">rapport sur l&rsquo;information \u00e9trang\u00e8re et les menaces de manipulation<\/a> [en], publi\u00e9 en mars 2025 par l&rsquo;EEAS (le Service d&rsquo;action externe europ\u00e9en), l&rsquo;arme de diplomatie \u00e9trang\u00e8re de l&rsquo;Union Europ\u00e9en visant \u00e0 contenir les menaces mondiales, explique :<\/p>\n<blockquote>\n<p>Avec l&rsquo;Ukraine, la France \u00e9tait aussi l&rsquo;une des cibles privil\u00e9gi\u00e9es des acteurs hostiles, avec 152 cas d\u00e9tect\u00e9s par l&rsquo;EEAS provenant de l&rsquo;\u00e9cosyst\u00e8me chino-russe FIMI. Les Jeux Olympiques et Paralympiques de Paris et les \u00e9lections l\u00e9gislatives en France furent parmi les principales cibles.<\/p>\n<\/blockquote>\n<p>Plus t\u00f4t, en juin 2023, la France <a href=\"https:\/\/www.politico.eu\/article\/france-accuses-russia-of-wide-ranging-disinformation-campaign\/\" rel=\"nofollow noopener\" target=\"_blank\">avait r\u00e9v\u00e9l\u00e9\u00a0l&rsquo;existence<\/a> [en] d&rsquo;une campagne de d\u00e9sinformation \u00e0 grande \u00e9chelle d&rsquo;origine russe intitul\u00e9e \u00ab Recent Reliable News \u00bb [Les informations r\u00e9centes et fiables], portant le m\u00eame nom qu&rsquo;un site Internet pro-russe. L&rsquo;objectif de cette campagne, comme l&rsquo;explique l&rsquo;agence gouvernementale fran\u00e7aise Viginium, \u00e9tait de d\u00e9courager l&rsquo;Occident de venir en aide \u00e0 l&rsquo;Ukraine et de combattre les interf\u00e9rences num\u00e9riques \u00e9trang\u00e8res.<\/p>\n<p>Selon le <a href=\"https:\/\/www.sgdsn.gouv.fr\/publications\/maj-19062023-rrn-une-campagne-numerique-de-manipulation-de-linformation-complexe-et\" rel=\"nofollow noopener\" target=\"_blank\">rapport<\/a> de Viginium,\u00a0 la campagne servait \u00e0 propager du contenu pro-russe en usurpant l&rsquo;identit\u00e9 visuelle de m\u00e9dias fran\u00e7ais comme Le Monde, Le Figaro ou Le Parisien, mais aussi de sites Internet gouvernementaux comme celui du Minist\u00e8re de l&rsquo;Europe et des Affaires \u00e9trang\u00e8res ou en cr\u00e9ant des sites Internet francophones d&rsquo;actualit\u00e9s avec des opinions partag\u00e9es, le tout avec de faux comptes pour propager ce type de contenu.<\/p>\n<p>En f\u00e9vrier 2024, le ministre des Affaires \u00e9trang\u00e8res de l&rsquo;\u00e9poque St\u00e9phane S\u00e9journ\u00e9 avait d\u00e9clar\u00e9 que les services diplomatiques fran\u00e7ais avaient d\u00e9mantel\u00e9 un vaste r\u00e9seau de propagande russe nomm\u00e9 \u00ab <a href=\"https:\/\/www.diplomatie.gouv.fr\/fr\/politique-etrangere-de-la-france\/securite-desarmement-et-non-proliferation\/actualites-et-evenements-lies-a-la-securite-au-desarmement-et-a-la-non\/2024\/article\/ingerences-numeriques-etrangeres-suite-des-investigations-sur-le-reseau-russe\" rel=\"nofollow noopener\" target=\"_blank\">Portal Kombat<\/a> \u00bb, propageant du contenu pro-russe et anti-Ukraine en France, en Allemagne et en Pologne. \u00c0 l&rsquo;\u00e9poque, <a href=\"https:\/\/www.euractiv.fr\/section\/politics\/news\/la-france-est-pilonnee-par-la-propagande-russe-affirme-le-ministre-de-leurope-jean-noel-barrot\/\" rel=\"nofollow noopener\" target=\"_blank\">Euractiv<\/a> avait cit\u00e9 un communiqu\u00e9 de presse du minist\u00e8re des Affaires \u00e9trang\u00e8res :<\/p>\n<blockquote>\n<p>Ce r\u00e9seau de 193 sites constitue bien une campagne de manipulation de l\u2019information sur les plateformes num\u00e9riques impliquant des acteurs \u00e9trangers et [\u2026] vise \u00e0 nuire \u00e0 la France et \u00e0 ses int\u00e9r\u00eats.<\/p>\n<\/blockquote>\n<p>Le minist\u00e8re a <a href=\"https:\/\/www.diplomatie.gouv.fr\/IMG\/pdf\/a4_dp-vs_desinfo-ukraine_v3_web-20-02-24_cle0111ee.pdf\" rel=\"nofollow noopener\" target=\"_blank\">publi\u00e9<\/a> un rapport du gouvernement fran\u00e7ais intitul\u00e9 : \u00ab D\u00e9sinformation russe : mieux conna\u00eetre le ph\u00e9nom\u00e8ne pour y faire face \u00bb.<\/p>\n<p>En mai 2024, l&rsquo;Allemagne a elle aussi <a href=\"https:\/\/www.leparisien.fr\/international\/berlin-accuse-moscou-dune-cyberattaque-intolerable-03-05-2024-WMLD5GIQVRGIPC2XYDRISX4XBE.php\" rel=\"nofollow noopener\" target=\"_blank\">accus\u00e9<\/a> APT28 de mener des cyberattaques sur ses entreprises d&rsquo;armement et d&rsquo;a\u00e9ronautique, sur le parti politique au pouvoir, ainsi que des cibles d&rsquo;autres pays. A l&rsquo;\u00e9poque, l&rsquo;ambassade de Russie \u00e0 Berlin avait d\u00e9sign\u00e9 ses accusations comme \u00e9tant \u00ab une nouvelle marque d&rsquo;hostilit\u00e9 visant \u00e0 instaurer une vision n\u00e9gative de la Russie en Allemagne \u00bb.<\/p>\n","protected":false},"excerpt":{"rendered":"Illustration de Truthmeter.mk, utilis\u00e9e avec permission. [Sauf mention contraire, tous les liens de ce billet renvoient vers des&hellip;\n","protected":false},"author":2,"featured_media":274943,"comment_status":"","ping_status":"","sticky":false,"template":"","format":"standard","meta":{"footnotes":""},"categories":[1591],"tags":[11,1887,12,1885,1886,132],"class_list":{"0":"post-274942","1":"post","2":"type-post","3":"status-publish","4":"format-standard","5":"has-post-thumbnail","7":"category-russie","8":"tag-actualites","9":"tag-federation-de-russie","10":"tag-news","11":"tag-russia","12":"tag-russian-federation","13":"tag-russie"},"share_on_mastodon":{"url":"https:\/\/pubeurope.com\/@fr\/114918992345817297","error":""},"_links":{"self":[{"href":"https:\/\/www.europesays.com\/fr\/wp-json\/wp\/v2\/posts\/274942","targetHints":{"allow":["GET"]}}],"collection":[{"href":"https:\/\/www.europesays.com\/fr\/wp-json\/wp\/v2\/posts"}],"about":[{"href":"https:\/\/www.europesays.com\/fr\/wp-json\/wp\/v2\/types\/post"}],"author":[{"embeddable":true,"href":"https:\/\/www.europesays.com\/fr\/wp-json\/wp\/v2\/users\/2"}],"replies":[{"embeddable":true,"href":"https:\/\/www.europesays.com\/fr\/wp-json\/wp\/v2\/comments?post=274942"}],"version-history":[{"count":0,"href":"https:\/\/www.europesays.com\/fr\/wp-json\/wp\/v2\/posts\/274942\/revisions"}],"wp:featuredmedia":[{"embeddable":true,"href":"https:\/\/www.europesays.com\/fr\/wp-json\/wp\/v2\/media\/274943"}],"wp:attachment":[{"href":"https:\/\/www.europesays.com\/fr\/wp-json\/wp\/v2\/media?parent=274942"}],"wp:term":[{"taxonomy":"category","embeddable":true,"href":"https:\/\/www.europesays.com\/fr\/wp-json\/wp\/v2\/categories?post=274942"},{"taxonomy":"post_tag","embeddable":true,"href":"https:\/\/www.europesays.com\/fr\/wp-json\/wp\/v2\/tags?post=274942"}],"curies":[{"name":"wp","href":"https:\/\/api.w.org\/{rel}","templated":true}]}}