{"id":274944,"date":"2025-07-26T10:10:12","date_gmt":"2025-07-26T10:10:12","guid":{"rendered":"https:\/\/www.europesays.com\/fr\/274944\/"},"modified":"2025-07-26T10:10:12","modified_gmt":"2025-07-26T10:10:12","slug":"le-gouvernement-hongrois-nie-toute-implication-dans-lincendie-dune-eglise-en-ukraine","status":"publish","type":"post","link":"https:\/\/www.europesays.com\/fr\/274944\/","title":{"rendered":"Le gouvernement hongrois nie toute implication dans l&rsquo;incendie d&rsquo;une \u00e9glise en Ukraine"},"content":{"rendered":"<p>\n         Publi\u00e9 le<br \/>\n            26\/07\/2025 &#8211; 10:00 UTC+2\n            <\/p>\n<p>            <img decoding=\"async\" class=\"c-ad__placeholder__logo\" src=\"https:\/\/static.euronews.com\/website\/images\/logos\/logo-euronews-grey-6-180x22.svg\" width=\"180\" height=\"22\" alt=\"\" loading=\"lazy\"\/><br \/>\n            PUBLICIT\u00c9<\/p>\n<p>Une \u00e9glise de Transcarpatie, r\u00e9gion \u00e0 l&rsquo;extr\u00eame ouest de l&rsquo;Ukraine, prise pour cible avec des bombes incendiaires et des inscriptions anti-hongroises sur les murs, et les tensions repartent de plus belle entre Budapest et Kyiv.<\/p>\n<p>Le gouvernement de Viktor Orb\u00e1n a pr\u00e9sent\u00e9 cet incident comme une attaque ukrainienne contre une minorit\u00e9 hongroise. Mais Andr\u00e1s R\u00e1cz, sp\u00e9cialiste de la Russie, \u00e9voque une possible implication de Budapest, relevant que le gouvernement hongrois avait \u00e9t\u00e9 rapidement inform\u00e9 et que l&rsquo;auteur pr\u00e9sum\u00e9 n&rsquo;avait aucune connaissance de la r\u00e9gion.<\/p>\n<p>Comme nous l&rsquo;avons d\u00e9j\u00e0 report\u00e9, peu de Hongrois locaux fr\u00e9quentaient l&rsquo;\u00e9glise gr\u00e9co-catholique o\u00f9 avait eu lieu l&rsquo;incendie, car la grande majorit\u00e9 d&rsquo;entre eux sont r\u00e9form\u00e9s.<\/p>\n<p>Lors du festival annuel de B\u0103ile Tu\u0219nad, ville de Transylvanie roumaine dont 90 % des habitants sont des Hongrois, les responsables de Fidesz, parti d&rsquo;Orb\u00e1n, ont vivement critiqu\u00e9 la th\u00e9orie \u00e9mise par Andr\u00e1s R\u00e1cz.<\/p>\n<p>Interrog\u00e9 par nos \u00e9quipes sur l&rsquo;\u00e9ventuelle responsabilit\u00e9 de l&rsquo;Ukraine dans l&rsquo;incident, le ministre de la D\u00e9fense hongrois, Krist\u00f3f Szalay-Bobrovniczky, a r\u00e9pondu qu&rsquo;il ne lui appartenait pas d&rsquo;ouvrir une enqu\u00eate sur un incendie qui s&rsquo;\u00e9tait d\u00e9clar\u00e9 sur le territoire ukrainien.<\/p>\n<p>\u00ab\u00a0Il est certain que les tensions augmentent en Ukraine, et des rapports ind\u00e9pendants de nous, des rapports de l&rsquo;Union europ\u00e9enne, montrent que la conscription militaire devient brutale. Cela est \u00e9vident pour tout le monde. La situation l\u00e0-bas est tr\u00e8s grave. Mais ce n&rsquo;est pas \u00e0 moi d&rsquo;enqu\u00eater\u00a0\u00bb, a-t-il d\u00e9clar\u00e9 \u00e0 Euronews.<\/p>\n<p>Pour Lajos K\u00f3sa, d\u00e9put\u00e9 Fidesz, c&rsquo;est \u00e0 Kyiv d&rsquo;assurer l&rsquo;ordre sur l&rsquo;ensemble de son territoire.<\/p>\n<p>\u00ab\u00a0Arr\u00eatez de br\u00fbler les \u00e9glises et, de mani\u00e8re g\u00e9n\u00e9rale, faites en sorte qu&rsquo;il soit possible de vivre en Ukraine. Si l&rsquo;Ukraine n&rsquo;est pas en mesure de le faire, c&rsquo;est qu&rsquo;elle est un \u00c9tat en d\u00e9liquescence\u00a0\u00bb, a-t-il ass\u00e9n\u00e9. <\/p>\n<p>Cet \u00e9t\u00e9, la politique s&rsquo;est infiltr\u00e9e dans les festivals de musique en Hongrie. Nombreux sont ceux o\u00f9 le public a lanc\u00e9 des chants contre le Fidesz.<\/p>\n<p>\u00c0 notre connaissance, cela ne s&rsquo;est pas produit \u00e0 B\u0103ile Tu\u0219nad, mais cela ne signifie pas que des messages antigouvernementaux n&rsquo;ont pas infiltr\u00e9 l&rsquo;\u00e9v\u00e9nement organis\u00e9 par le parti fond\u00e9 par Viktor Orb\u00e1n.<\/p>\n","protected":false},"excerpt":{"rendered":"Publi\u00e9 le 26\/07\/2025 &#8211; 10:00 UTC+2 PUBLICIT\u00c9 Une \u00e9glise de Transcarpatie, r\u00e9gion \u00e0 l&rsquo;extr\u00eame ouest de l&rsquo;Ukraine, prise&hellip;\n","protected":false},"author":2,"featured_media":274945,"comment_status":"","ping_status":"","sticky":false,"template":"","format":"standard","meta":{"footnotes":""},"categories":[1590],"tags":[11,1777,674,3482,804,12,220,7247,134],"class_list":{"0":"post-274944","1":"post","2":"type-post","3":"status-publish","4":"format-standard","5":"has-post-thumbnail","7":"category-ukraine","8":"tag-actualites","9":"tag-eu","10":"tag-europe","11":"tag-guerre-russie-ukraine","12":"tag-hongrie","13":"tag-news","14":"tag-ukraine","15":"tag-viktor-orban","16":"tag-volodymyr-zelensky"},"share_on_mastodon":{"url":"","error":""},"_links":{"self":[{"href":"https:\/\/www.europesays.com\/fr\/wp-json\/wp\/v2\/posts\/274944","targetHints":{"allow":["GET"]}}],"collection":[{"href":"https:\/\/www.europesays.com\/fr\/wp-json\/wp\/v2\/posts"}],"about":[{"href":"https:\/\/www.europesays.com\/fr\/wp-json\/wp\/v2\/types\/post"}],"author":[{"embeddable":true,"href":"https:\/\/www.europesays.com\/fr\/wp-json\/wp\/v2\/users\/2"}],"replies":[{"embeddable":true,"href":"https:\/\/www.europesays.com\/fr\/wp-json\/wp\/v2\/comments?post=274944"}],"version-history":[{"count":0,"href":"https:\/\/www.europesays.com\/fr\/wp-json\/wp\/v2\/posts\/274944\/revisions"}],"wp:featuredmedia":[{"embeddable":true,"href":"https:\/\/www.europesays.com\/fr\/wp-json\/wp\/v2\/media\/274945"}],"wp:attachment":[{"href":"https:\/\/www.europesays.com\/fr\/wp-json\/wp\/v2\/media?parent=274944"}],"wp:term":[{"taxonomy":"category","embeddable":true,"href":"https:\/\/www.europesays.com\/fr\/wp-json\/wp\/v2\/categories?post=274944"},{"taxonomy":"post_tag","embeddable":true,"href":"https:\/\/www.europesays.com\/fr\/wp-json\/wp\/v2\/tags?post=274944"}],"curies":[{"name":"wp","href":"https:\/\/api.w.org\/{rel}","templated":true}]}}