{"id":274950,"date":"2025-07-26T10:13:11","date_gmt":"2025-07-26T10:13:11","guid":{"rendered":"https:\/\/www.europesays.com\/fr\/274950\/"},"modified":"2025-07-26T10:13:11","modified_gmt":"2025-07-26T10:13:11","slug":"en-allemagne-le-drapeau-lgbtqi-au-coeur-dune-nouvelle-bataille-culturelle","status":"publish","type":"post","link":"https:\/\/www.europesays.com\/fr\/274950\/","title":{"rendered":"En Allemagne, le drapeau LGBTQI+ au c\u0153ur d\u2019une nouvelle bataille culturelle"},"content":{"rendered":"<p>                         <img loading=\"lazy\" decoding=\"async\" src=\"https:\/\/www.europesays.com\/fr\/wp-content\/uploads\/2025\/07\/449851f_ftp-import-images-1-ls26p76xhvlr-5497253-01-06.jpg\" alt=\"Un drapeau arc-en-ciel g\u00e9ant d\u00e9ploy\u00e9 devant le Bundestag, la veille du d\u00e9fil\u00e9 du Christopher Street Day pour les droits des minorit\u00e9s sexuelles et de genre, \u00e0 Berlin, le 25\u00a0juillet 2025.\"   width=\"664\" height=\"443\"\/>    Un drapeau arc-en-ciel g\u00e9ant d\u00e9ploy\u00e9 devant le Bundestag, la veille du d\u00e9fil\u00e9 du Christopher Street Day pour les droits des minorit\u00e9s sexuelles et de genre, \u00e0 Berlin, le 25\u00a0juillet 2025.  JOHN MACDOUGALL \/ AFP                 <\/p>\n<p class=\"article__paragraph  \">Samedi 26\u00a0juillet, \u00e0 l\u2019occasion du Christopher Street Day (CSD) \u00e0 Berlin, le d\u00e9fil\u00e9 annuel de soutien aux droits des personnes LGBTQI+, le drapeau arc-en-ciel ne  flottera pas au-dessus du Bundestag. Cette absence, qui met fin \u00e0 une pratique inaugur\u00e9e en\u00a02022, a cr\u00e9\u00e9 une large pol\u00e9mique outre-Rhin, dans un contexte de progression de l\u2019extr\u00eame droite et d\u2019explosion des agressions contre les minorit\u00e9s sexuelles.<\/p>\n<p class=\"article__paragraph  \">Le tournant date de la mi-mai. Quelques jours apr\u00e8s la prise de fonction du nouveau gouvernement, la pr\u00e9sidente du Bundestag, la chr\u00e9tienne-d\u00e9mocrate (CDU) Julia Kl\u00f6ckner, a d\u00e9clar\u00e9 qu\u2019au nom de la neutralit\u00e9 des b\u00e2timents publics et de l\u2019administration, elle interdirait le hissage du drapeau arc-en-ciel au sommet du Bundestag pour le CSD, consid\u00e9r\u00e9 comme une \u00ab\u00a0manifestation politique\u00a0\u00bb. Ce symbole de diversit\u00e9 et de la lutte contre les discriminations ne sera plus arbor\u00e9 en haut de l\u2019\u00e9difice qu\u2019un seul jour par an, le 17\u00a0mai, date de la Journ\u00e9e mondiale contre l\u2019homophobie, a-t-elle fait savoir.<\/p>\n<p class=\"article__paragraph  \">Mme\u00a0Kl\u00f6ckner a \u00e9galement interdit que le \u00ab\u00a0r\u00e9seau queer du Parlement\u00a0\u00bb, un groupe<strong> <\/strong>d\u2019employ\u00e9s LGBTQI+, participe au d\u00e9fil\u00e9 du CSD en tant que groupe politique. Ses membres ne pourront s\u2019y rendre qu\u2019\u00e0 titre priv\u00e9. La pr\u00e9sidente du Bundestag rompt ainsi avec la ligne de sa pr\u00e9d\u00e9cesseure, la sociale-d\u00e9mocrate B\u00e4rbel Bas, qui avait elle-m\u00eame particip\u00e9 au CSD, en\u00a02023 et 2024, et fait hisser le drapeau en haut du b\u00e2timent.<\/p>\n<p class=\"reading-mode-only \"><strong>Il vous reste 67.91% de cet article \u00e0 lire. La suite est r\u00e9serv\u00e9e aux abonn\u00e9s.<\/strong><\/p>\n","protected":false},"excerpt":{"rendered":"Un drapeau arc-en-ciel g\u00e9ant d\u00e9ploy\u00e9 devant le Bundestag, la veille du d\u00e9fil\u00e9 du Christopher Street Day pour les&hellip;\n","protected":false},"author":2,"featured_media":274951,"comment_status":"","ping_status":"","sticky":false,"template":"","format":"standard","meta":{"footnotes":""},"categories":[1587],"tags":[11,672,1804,1805,1803,1777,674,1801,12,1802],"class_list":{"0":"post-274950","1":"post","2":"type-post","3":"status-publish","4":"format-standard","5":"has-post-thumbnail","7":"category-allemagne","8":"tag-actualites","9":"tag-allemagne","10":"tag-bundesrepublik-deutschland","11":"tag-de","12":"tag-deutschland","13":"tag-eu","14":"tag-europe","15":"tag-germany","16":"tag-news","17":"tag-republique-federale-dallemagne"},"share_on_mastodon":{"url":"https:\/\/pubeurope.com\/@fr\/114919008061044428","error":""},"_links":{"self":[{"href":"https:\/\/www.europesays.com\/fr\/wp-json\/wp\/v2\/posts\/274950","targetHints":{"allow":["GET"]}}],"collection":[{"href":"https:\/\/www.europesays.com\/fr\/wp-json\/wp\/v2\/posts"}],"about":[{"href":"https:\/\/www.europesays.com\/fr\/wp-json\/wp\/v2\/types\/post"}],"author":[{"embeddable":true,"href":"https:\/\/www.europesays.com\/fr\/wp-json\/wp\/v2\/users\/2"}],"replies":[{"embeddable":true,"href":"https:\/\/www.europesays.com\/fr\/wp-json\/wp\/v2\/comments?post=274950"}],"version-history":[{"count":0,"href":"https:\/\/www.europesays.com\/fr\/wp-json\/wp\/v2\/posts\/274950\/revisions"}],"wp:featuredmedia":[{"embeddable":true,"href":"https:\/\/www.europesays.com\/fr\/wp-json\/wp\/v2\/media\/274951"}],"wp:attachment":[{"href":"https:\/\/www.europesays.com\/fr\/wp-json\/wp\/v2\/media?parent=274950"}],"wp:term":[{"taxonomy":"category","embeddable":true,"href":"https:\/\/www.europesays.com\/fr\/wp-json\/wp\/v2\/categories?post=274950"},{"taxonomy":"post_tag","embeddable":true,"href":"https:\/\/www.europesays.com\/fr\/wp-json\/wp\/v2\/tags?post=274950"}],"curies":[{"name":"wp","href":"https:\/\/api.w.org\/{rel}","templated":true}]}}