{"id":274954,"date":"2025-07-26T10:15:13","date_gmt":"2025-07-26T10:15:13","guid":{"rendered":"https:\/\/www.europesays.com\/fr\/274954\/"},"modified":"2025-07-26T10:15:13","modified_gmt":"2025-07-26T10:15:13","slug":"ordinateurs-quantiques-les-5-piliers-de-la-nouvelle-strategie-europeenne","status":"publish","type":"post","link":"https:\/\/www.europesays.com\/fr\/274954\/","title":{"rendered":"Ordinateurs quantiques\u00a0: Les 5 piliers de la nouvelle strat\u00e9gie Europ\u00e9enne"},"content":{"rendered":"<p data-beyondwords-marker=\"4e65c3cc-c572-4b72-8fb9-8b9a83e990a6\">L\u2019Union europ\u00e9enne (UE) met les bouch\u00e9es doubles dans la <a href=\"https:\/\/journalducoin.com\/actualites\/informatique-quantique-ibm-2029-ordinateur-quantique-tolerant-erreurs\/\" target=\"_blank\" rel=\"noreferrer noopener follow\" data-wpel-link=\"internal\" class=\"plausible-event-name=Liens+internes\">course au calcul quantique<\/a>. En effet, alors que la souverainet\u00e9 technologique est au c\u0153ur des enjeux, Bruxelles intensifie ses efforts pour combler le foss\u00e9 avec les \u00c9tats-Unis et soutenir un \u00e9cosyst\u00e8me quantique europ\u00e9en dynamique. Explications.<\/p>\n<p><strong style=\"font-size: 18px\">Les points cl\u00e9s de cet article :<\/strong><\/p>\n<ul style=\"font-size: 18px\"><\/p>\n<li>L\u2019Union europ\u00e9enne a annonc\u00e9 un ambitieux financement pour combler son retard face aux \u00c9tats-Unis dans le domaine des ordinateurs quantiques.<\/li>\n<p><\/p>\n<li>Les ordinateurs quantiques repr\u00e9sentent un enjeu strat\u00e9gique crucial pour garantir la souverainet\u00e9 technologique de l\u2019Europe.<\/li>\n<\/ul>\n<p><\/p>\n<p>L\u2019Europe acc\u00e9l\u00e8re pour rattraper son retard quantique<\/p>\n<p data-beyondwords-marker=\"a120f4c4-0711-4234-bad9-2b7d6f3ec1a6\">Face \u00e0 l\u2019avance des \u00c9tats-Unis et d\u2019autres puissances, l\u2019<strong>Union europ\u00e9enne<\/strong> a clairement affich\u00e9 sa d\u00e9termination \u00e0 devenir un acteur majeur dans le domaine strat\u00e9gique des ordinateurs quantiques. L\u2019objectif est clair : <strong>r\u00e9duire la d\u00e9pendance aux technologies \u00e9trang\u00e8res et cr\u00e9er un environnement propice \u00e0 l\u2019\u00e9panouissement des startups europ\u00e9ennes<\/strong> sur le continent.<\/p>\n<p data-beyondwords-marker=\"9e5971cf-a788-4af0-ac2c-587471382a00\">Le constat est sans appel : seule une poign\u00e9e d\u2019entreprises europ\u00e9ennes figurent parmi les leaders mondiaux du secteur. Pour y rem\u00e9dier, l\u2019UE d\u00e9bloque donc des fonds et met en place des programmes de soutien pour renforcer la recherche et le d\u00e9veloppement. Le programme <strong>Horizon Europe<\/strong>, principal instrument de financement de la recherche et de l\u2019innovation de l\u2019UE, continue de jouer un r\u00f4le central dans le soutien aux projets de recherche quantique, de la science fondamentale aux applications.<\/p>\n<p data-beyondwords-marker=\"7d2da3fc-5817-4d70-be4f-ec40b16e23bd\">Mais la nouveaut\u00e9 r\u00e9side dans la pr\u00e9paration d\u2019un <strong>\u00ab\u00a0Scale-Up Europe Fund\u00a0\u00bb<\/strong>. Ce fonds, en <strong>partenariat avec des investisseurs priv\u00e9s<\/strong>, vise sp\u00e9cifiquement \u00e0 combler le \u00ab\u00a0foss\u00e9 de financement\u00a0\u00bb que rencontrent les startups europ\u00e9ennes une fois leurs recherches avanc\u00e9es. Il s\u2019agit d\u2019un levier crucial pour accompagner la croissance et l\u2019industrialisation des entreprises technologiques europ\u00e9ennes, leur permettant de passer du statut de jeune pousse prometteuse \u00e0 celui de leader mondial sans avoir \u00e0 chercher des capitaux en dehors du continent. <\/p>\n<p data-beyondwords-marker=\"47cfe505-bea6-48a7-a3a4-63fa88ccdb94\">Ce fonds est destin\u00e9 \u00e0 attirer et \u00e0 \u00ab\u00a0d\u00e9risquer\u00a0\u00bb le capital priv\u00e9 en s\u2019associant \u00e0 lui, cr\u00e9ant ainsi une masse critique d\u2019investissements pour propulser l\u2019innovation quantique europ\u00e9enne sur le march\u00e9.<\/p>\n<p><img fetchpriority=\"high\" decoding=\"async\" width=\"1200\" height=\"675\" alt=\"\" class=\"wp-image-447325 lazyload\" src=\"https:\/\/www.europesays.com\/fr\/wp-content\/uploads\/2025\/07\/shutterstock_424543219-1.jpg\" loading=\"lazy\"  data- data-eio-rwidth=\"1200\" data-eio-rheight=\"675\"\/>Bitcoin <\/p>\n<p>Premiers succ\u00e8s concrets en juillet 2025<\/p>\n<p data-beyondwords-marker=\"7092c160-63a5-4b80-a74e-017f3ec342be\">Ces efforts commencent d\u00e9j\u00e0 \u00e0 porter leurs fruits. Le <strong>23 juin 2025<\/strong>, un jalon majeur a \u00e9t\u00e9 franchi avec l\u2019inauguration \u00e0 Pozna\u0144, en Pologne, du premier <strong>ordinateur quantique acquis par EuroHPC<\/strong>. Baptis\u00e9 <strong><a href=\"https:\/\/eurohpc-ju.europa.eu\/inauguration-piast-q-leap-european-quantum-computing-2025-06-23_en\" target=\"_blank\" rel=\"noreferrer noopener nofollow\" data-wpel-link=\"external\">PIAST-Q<\/a><\/strong>, ce syst\u00e8me \u00e0 ions pi\u00e9g\u00e9s, fourni par Alpine Quantum Technologies (AQT), s\u2019appr\u00eate \u00e0 offrir des services de calcul aux chercheurs europ\u00e9ens d\u2019ici la fin de l\u2019ann\u00e9e, marquant une \u00e9tape concr\u00e8te dans la mise \u00e0 disposition de l\u2019infrastructure quantique.<\/p>\n<p data-beyondwords-marker=\"4c2d1140-78c2-41a1-899e-583acadb6dbc\">Dans la foul\u00e9e, la Commission europ\u00e9enne a<a href=\"https:\/\/digital-strategy.ec.europa.eu\/fr\/library\/quantum-europe-strategy\" target=\"_blank\" rel=\"noreferrer noopener nofollow\" data-wpel-link=\"external\"> officialis\u00e9<\/a>, le <strong>2 juillet 2025<\/strong>, sa <strong>Strat\u00e9gie Quantique Europ\u00e9enne<\/strong>. Cette initiative vise \u00e0 positionner l\u2019Europe comme un leader mondial des technologies quantiques d\u2019ici 2030. Un <strong>\u00ab\u00a0Quantum Act\u00a0\u00bb<\/strong> est \u00e9galement en pr\u00e9paration, avec une proposition l\u00e9gislative attendue pour <strong>2026<\/strong>. Ce cadre l\u00e9gal devrait notamment inclure la cr\u00e9ation de six lignes pilotes et d\u2019un centre de conception quantique, essentiels pour transformer les prototypes de laboratoire en solutions commercialisables.<\/p>\n<p>Les 5 Piliers de la strat\u00e9gie europ\u00e9enne pour le quantique<\/p>\n<p data-beyondwords-marker=\"dd39b32d-4fd9-4398-913a-4c1c74ffcfa0\">La strat\u00e9gie europ\u00e9enne pour le quantique repose sur une approche holistique, articul\u00e9e autour de cinq domaines interconnect\u00e9s, visant \u00e0 b\u00e2tir une autonomie et une excellence durable dans ce secteur cl\u00e9 :<\/p>\n<ul data-beyondwords-marker=\"a119b058-4849-4cb3-8bd8-5af3b4ccbf7a\" class=\"wp-block-list\">\n<li data-beyondwords-marker=\"804bce59-b6e7-4826-b9a8-8a88b5a1cb92\"><strong>Recherche et innovation :<\/strong> L\u2019objectif est de consolider l\u2019excellence scientifique \u00e0 travers toute l\u2019Europe afin d\u2019assurer un r\u00f4le de premier plan, tant dans la science fondamentale que dans sa transformation industrielle.<\/li>\n<li data-beyondwords-marker=\"f387b3da-95bc-4b9d-8595-50e7cb427a8b\"><strong>Infrastructures quantiques :<\/strong> Il s\u2019agit de d\u00e9velopper des p\u00f4les d\u2019infrastructure \u00e9volutifs et coordonn\u00e9s. Ces hubs sont essentiels pour soutenir la production de technologies, leur conception et le d\u00e9veloppement d\u2019applications concr\u00e8tes.<\/li>\n<li data-beyondwords-marker=\"92969994-fded-4b79-8ec0-a97cd7f3da72\"><strong>Renforcer l\u2019\u00e9cosyst\u00e8me quantique :<\/strong> Cet axe passe par des investissements cibl\u00e9s dans les jeunes entreprises (start-up) et celles en croissance rapide (scale-up). Il vise \u00e9galement \u00e0 s\u00e9curiser les cha\u00eenes d\u2019approvisionnement et \u00e0 acc\u00e9l\u00e9rer l\u2019industrialisation des technologies quantiques.<\/li>\n<li data-beyondwords-marker=\"5d033b05-3000-49da-a220-b118260ec615\"><strong>Technologies spatiales et quantiques \u00e0 double usage (s\u00e9curit\u00e9 et d\u00e9fense) :<\/strong> Ce pilier est crucial pour int\u00e9grer des capacit\u00e9s quantiques s\u00fbres et souveraines dans les strat\u00e9gies de l\u2019Europe en mati\u00e8re d\u2019espace, de s\u00e9curit\u00e9 et de d\u00e9fense, reconnaissant la nature critique de ces technologies.<\/li>\n<li data-beyondwords-marker=\"c9a351eb-8b3f-486b-88c0-88adcaa7de59\"><strong>Comp\u00e9tences quantiques :<\/strong> Pour soutenir l\u2019ambition europ\u00e9enne, il est imp\u00e9ratif de cr\u00e9er une main-d\u2019\u0153uvre diversifi\u00e9e et de classe mondiale. Cela passe par une \u00e9ducation, une formation et une mobilit\u00e9 des talents coordonn\u00e9es \u00e0 l\u2019\u00e9chelle de l\u2019UE.<\/li>\n<\/ul>\n<p>Le Quantique : Un enjeu de souverainet\u00e9 et de d\u00e9fense<\/p>\n<p data-beyondwords-marker=\"770bf420-7f82-4362-9b88-6611561695ef\">Les ordinateurs quantiques, avec leur capacit\u00e9 \u00e0 r\u00e9soudre des probl\u00e8mes complexes inaccessibles aux machines actuelles, repr\u00e9sentent un atout consid\u00e9rable pour des secteurs cl\u00e9s tels que la cybers\u00e9curit\u00e9, l\u2019intelligence artificielle et m\u00eame les op\u00e9rations militaires.<\/p>\n<p data-beyondwords-marker=\"03a16f10-b033-4ef1-b04a-1a280e3cfe28\">Au-del\u00e0 des applications, c\u2019est la <strong>souverainet\u00e9 technologique<\/strong> de l\u2019Europe qui est en jeu. Comme l\u2019a soulign\u00e9 <strong>Henna Virkkunen<\/strong>, vice-pr\u00e9sidente de la Commission europ\u00e9enne charg\u00e9e de la politique technologique : <\/p>\n<blockquote data-beyondwords-marker=\"030f7157-b8cd-4373-838c-7517c8a53804\" class=\"wp-block-quote is-layout-flow wp-block-quote-is-layout-flow\">\n<p data-beyondwords-marker=\"1b41351e-3cf9-4b5d-9089-c152fa96c0eb\"><strong>\u00ab\u00a0Alors que la science quantique progresse rapidement, nous sommes au bord de certaines avanc\u00e9es scientifiques et technologiques parmi les plus transformatrices. L\u2019Europe a toujours \u00e9t\u00e9 \u00e0 l\u2019avant-garde de la science quantique, avec un solide bilan en mati\u00e8re d\u2019innovation et de d\u00e9couverte. <\/strong><\/p>\n<p><strong>Nous avons tout ce qui est n\u00e9cessaire pour devenir un continent quantique de premier plan, allant d\u2019une main-d\u2019\u0153uvre hautement qualifi\u00e9e \u00e0 une infrastructure de recherche solide. <\/strong><\/p>\n<p><strong>Alors que la course quantique mondiale s\u2019intensifie et passe d\u2019une application en laboratoire \u00e0 une application r\u00e9elle, l\u2019Europe doit conserver son r\u00f4le de chef de file. C\u2019est pourquoi nous lan\u00e7ons la strat\u00e9gie pour l\u2019Europe quantique, qui vise \u00e0 r\u00e9unir les \u00c9tats membres, l\u2019industrie, le monde universitaire et la soci\u00e9t\u00e9 afin de lib\u00e9rer tout le potentiel des technologies quantiques. \u00bb<\/strong><\/p>\n<p data-beyondwords-marker=\"c8ef5c51-d925-4411-8b60-8be0bb4fecb6\">Henna Virkkunen, vice-pr\u00e9sidente ex\u00e9cutive charg\u00e9e de la souverainet\u00e9 technologique, de la s\u00e9curit\u00e9 et de la d\u00e9mocratie \u2013 <a href=\"https:\/\/ec.europa.eu\/commission\/presscorner\/detail\/fr\/ip_25_1682\" target=\"_blank\" rel=\"noreferrer noopener nofollow\" data-wpel-link=\"external\">Source <\/a><\/p>\n<\/blockquote>\n<p data-beyondwords-marker=\"a17d7165-e264-43a6-8a19-9588ca072289\">L\u2019objectif est clair : <strong>d\u00e9velopper des capacit\u00e9s autonomes<\/strong> pour ne plus d\u00e9pendre des acteurs \u00e9trangers, en particulier des \u00c9tats-Unis. L\u2019augmentation des budgets de d\u00e9fense dans plusieurs pays de l\u2019UE devrait \u00e9galement stimuler ces technologies de pointe.<\/p>\n<p data-beyondwords-marker=\"7f813a17-309e-483f-8df4-868188eb2d1a\">La France, avec sa propre Strat\u00e9gie Nationale Quantique, est un acteur moteur, comme en t\u00e9moignent les avanc\u00e9es de startups telles qu\u2019Alice &amp; Bob et Pasqal. La coop\u00e9ration europ\u00e9enne est \u00e9galement renforc\u00e9e par des initiatives trilat\u00e9rales (France, Pays-Bas, Allemagne).<\/p>\n<p>L\u2019UE en retard face au reste du monde<\/p>\n<p data-beyondwords-marker=\"a320ebe3-0737-4c18-943f-376908859b34\">Poss\u00e9der des <strong>capacit\u00e9s quantiques avanc\u00e9es<\/strong> est per\u00e7u comme un enjeu de souverainet\u00e9 nationale et continentale. Celui qui ma\u00eetrisera cette technologie aura un avantage d\u00e9cisif en mati\u00e8re de d\u00e9fense, de renseignement, d\u2019\u00e9conomie et d\u2019innovation. L\u2019Europe, les \u00c9tats-Unis, la Chine et d\u2019autres pays investissent massivement pour ne pas d\u00e9pendre de puissances \u00e9trang\u00e8res dans ce domaine critique.<\/p>\n<p data-beyondwords-marker=\"7b9a6e31-a89e-4fdc-87dc-e0e4bbfd19ed\">Faible Pr\u00e9sence de \u00ab\u00a0Big Tech\u00a0\u00bb Europ\u00e9ennes, Niveau d\u2019Investissement Public et Priv\u00e9 Inf\u00e9rieur, Fragmentation des Efforts, fuite des cerveaux, Difficult\u00e9s de Commercialisation et d\u2019Industrialisation\u2026 la liste des motifs du retard de l\u2019UE dans la course au quantique est longue.<\/p>\n<p data-beyondwords-marker=\"c8dc0fbd-6d61-4342-95fc-a228236ca71a\">Pour y rem\u00e9dier, l\u2019Europe s\u2019engage donc r\u00e9solument pour b\u00e2tir un \u00e9cosyst\u00e8me quantique comp\u00e9titif, en s\u2019appuyant sur l\u2019excellence de sa recherche scientifique et le potentiel de ses startups prometteuses. Reste \u00e0 savoir si ces investissements massifs seront suffisants pour <a href=\"https:\/\/journalducoin.com\/bitcoin\/ordinateurs-quantiques-menace-bitcoin-fausse-frayeur-reel-risque\/\" target=\"_blank\" rel=\"noreferrer noopener follow\" data-wpel-link=\"internal\" class=\"plausible-event-name=Liens+internes\">combler d\u00e9finitivement le foss\u00e9<\/a> et positionner l\u2019Europe en leader mondial du quantique.<\/p>\n","protected":false},"excerpt":{"rendered":"L\u2019Union europ\u00e9enne (UE) met les bouch\u00e9es doubles dans la course au calcul quantique. En effet, alors que la&hellip;\n","protected":false},"author":2,"featured_media":274955,"comment_status":"","ping_status":"","sticky":false,"template":"","format":"standard","meta":{"footnotes":""},"categories":[1586],"tags":[11,1777,674,1779,1011,27,311,12,25,1778,364],"class_list":{"0":"post-274954","1":"post","2":"type-post","3":"status-publish","4":"format-standard","5":"has-post-thumbnail","7":"category-europe","8":"tag-actualites","9":"tag-eu","10":"tag-europe","11":"tag-european-union","12":"tag-fr","13":"tag-france","14":"tag-informatique","15":"tag-news","16":"tag-republique-francaise","17":"tag-ue","18":"tag-union-europeenne"},"share_on_mastodon":{"url":"https:\/\/pubeurope.com\/@fr\/114919016055558342","error":""},"_links":{"self":[{"href":"https:\/\/www.europesays.com\/fr\/wp-json\/wp\/v2\/posts\/274954","targetHints":{"allow":["GET"]}}],"collection":[{"href":"https:\/\/www.europesays.com\/fr\/wp-json\/wp\/v2\/posts"}],"about":[{"href":"https:\/\/www.europesays.com\/fr\/wp-json\/wp\/v2\/types\/post"}],"author":[{"embeddable":true,"href":"https:\/\/www.europesays.com\/fr\/wp-json\/wp\/v2\/users\/2"}],"replies":[{"embeddable":true,"href":"https:\/\/www.europesays.com\/fr\/wp-json\/wp\/v2\/comments?post=274954"}],"version-history":[{"count":0,"href":"https:\/\/www.europesays.com\/fr\/wp-json\/wp\/v2\/posts\/274954\/revisions"}],"wp:featuredmedia":[{"embeddable":true,"href":"https:\/\/www.europesays.com\/fr\/wp-json\/wp\/v2\/media\/274955"}],"wp:attachment":[{"href":"https:\/\/www.europesays.com\/fr\/wp-json\/wp\/v2\/media?parent=274954"}],"wp:term":[{"taxonomy":"category","embeddable":true,"href":"https:\/\/www.europesays.com\/fr\/wp-json\/wp\/v2\/categories?post=274954"},{"taxonomy":"post_tag","embeddable":true,"href":"https:\/\/www.europesays.com\/fr\/wp-json\/wp\/v2\/tags?post=274954"}],"curies":[{"name":"wp","href":"https:\/\/api.w.org\/{rel}","templated":true}]}}