{"id":274956,"date":"2025-07-26T10:16:12","date_gmt":"2025-07-26T10:16:12","guid":{"rendered":"https:\/\/www.europesays.com\/fr\/274956\/"},"modified":"2025-07-26T10:16:12","modified_gmt":"2025-07-26T10:16:12","slug":"poursuivi-par-donald-trump-rupert-murdoch-tient-tete-au-tyran-quil-a-cree-liberation","status":"publish","type":"post","link":"https:\/\/www.europesays.com\/fr\/274956\/","title":{"rendered":"Poursuivi par Donald Trump, Rupert Murdoch tient t\u00eate au tyran qu\u2019il a cr\u00e9\u00e9 \u2013 Lib\u00e9ration"},"content":{"rendered":"<p class=\"sc-ksZaOG ehjQrN text-element\">Mise \u00e0 mal comme rarement en presque deux cent cinquante ans d\u2019histoire am\u00e9ricaine, la libert\u00e9 de la presse aux Etats-Unis aurait-elle trouv\u00e9 un improbable h\u00e9raut et rempart en Rupert Murdoch, poursuivi en justice par Donald Trump ? <a href=\"https:\/\/www.liberation.fr\/economie\/medias\/le-magnat-des-medias-rupert-murdoch-se-retire-de-fox-corporation-et-news-corp-20230921_QTMDX5IYY5C7XPPDR7PV2DN6PE\/\" target=\"_blank\" rel=\"nofollow noopener\" title=\"https:\/\/www.liberation.fr\/economie\/medias\/le-magnat-des-medias-rupert-murdoch-se-retire-de-fox-corporation-et-news-corp-20230921_QTMDX5IYY5C7XPPDR7PV2DN6PE\/\">A 94 ans, le magnat des m\u00e9dias<\/a>, une vingtaine de milliards de dollars en poche, a \u00e9difi\u00e9 son empire<a href=\"https:\/\/www.liberation.fr\/idees-et-debats\/david-colon-toute-sa-vie-rupert-murdoch-a-cherche-a-se-construire-une-image-de-faiseur-de-roi-20221003_3CD47U4AJFC75KOBJQR45BSIUE\/\" target=\"_blank\" rel=\"noreferrer nofollow noopener\" title=\"https:\/\/www.liberation.fr\/idees-et-debats\/david-colon-toute-sa-vie-rupert-murdoch-a-cherche-a-se-construire-une-image-de-faiseur-de-roi-20221003_3CD47U4AJFC75KOBJQR45BSIUE\/\"> sur des d\u00e9cennies d\u2019intense intoxication du d\u00e9bat public \u00e0 travers le monde<\/a>, de la promotion du Brexit \u00e0 celle du \u00abgrand mensonge\u00bb entourant l\u2019\u00e9lection pr\u00e9sidentielle de 2020 pr\u00e9tendument vol\u00e9e \u00e0 Trump. <\/p>\n<p class=\"sc-ksZaOG ehjQrN text-element\">Cette derni\u00e8re cause avait fini par co\u00fbter 787 millions de dollars \u00e0 son b\u00e9b\u00e9 Fox News, en 2023, pour s\u2019\u00e9viter un embarrassant proc\u00e8s intent\u00e9 par le fabricant de machines \u00e0 voter Dominion, qui aur<\/p>\n","protected":false},"excerpt":{"rendered":"Mise \u00e0 mal comme rarement en presque deux cent cinquante ans d\u2019histoire am\u00e9ricaine, la libert\u00e9 de la presse&hellip;\n","protected":false},"author":2,"featured_media":274957,"comment_status":"","ping_status":"","sticky":false,"template":"","format":"standard","meta":{"footnotes":""},"categories":[2],"tags":[11,75,73,1011,27,12,25],"class_list":{"0":"post-274956","1":"post","2":"type-post","3":"status-publish","4":"format-standard","5":"has-post-thumbnail","7":"category-actualites","8":"tag-actualites","9":"tag-donald-trump","10":"tag-etats-unis","11":"tag-fr","12":"tag-france","13":"tag-news","14":"tag-republique-francaise"},"share_on_mastodon":{"url":"https:\/\/pubeurope.com\/@fr\/114919019858343157","error":""},"_links":{"self":[{"href":"https:\/\/www.europesays.com\/fr\/wp-json\/wp\/v2\/posts\/274956","targetHints":{"allow":["GET"]}}],"collection":[{"href":"https:\/\/www.europesays.com\/fr\/wp-json\/wp\/v2\/posts"}],"about":[{"href":"https:\/\/www.europesays.com\/fr\/wp-json\/wp\/v2\/types\/post"}],"author":[{"embeddable":true,"href":"https:\/\/www.europesays.com\/fr\/wp-json\/wp\/v2\/users\/2"}],"replies":[{"embeddable":true,"href":"https:\/\/www.europesays.com\/fr\/wp-json\/wp\/v2\/comments?post=274956"}],"version-history":[{"count":0,"href":"https:\/\/www.europesays.com\/fr\/wp-json\/wp\/v2\/posts\/274956\/revisions"}],"wp:featuredmedia":[{"embeddable":true,"href":"https:\/\/www.europesays.com\/fr\/wp-json\/wp\/v2\/media\/274957"}],"wp:attachment":[{"href":"https:\/\/www.europesays.com\/fr\/wp-json\/wp\/v2\/media?parent=274956"}],"wp:term":[{"taxonomy":"category","embeddable":true,"href":"https:\/\/www.europesays.com\/fr\/wp-json\/wp\/v2\/categories?post=274956"},{"taxonomy":"post_tag","embeddable":true,"href":"https:\/\/www.europesays.com\/fr\/wp-json\/wp\/v2\/tags?post=274956"}],"curies":[{"name":"wp","href":"https:\/\/api.w.org\/{rel}","templated":true}]}}