{"id":274958,"date":"2025-07-26T10:17:10","date_gmt":"2025-07-26T10:17:10","guid":{"rendered":"https:\/\/www.europesays.com\/fr\/274958\/"},"modified":"2025-07-26T10:17:10","modified_gmt":"2025-07-26T10:17:10","slug":"arrive-en-ecosse-donald-trump-sattaque-a-limmigration-et-aux-eoliennes","status":"publish","type":"post","link":"https:\/\/www.europesays.com\/fr\/274958\/","title":{"rendered":"Arriv\u00e9 en \u00c9cosse, Donald Trump s&rsquo;attaque \u00e0 l&rsquo;immigration et aux \u00e9oliennes"},"content":{"rendered":"<p>            <img decoding=\"async\" class=\"c-ad__placeholder__logo\" src=\"https:\/\/static.euronews.com\/website\/images\/logos\/logo-euronews-grey-6-180x22.svg\" width=\"180\" height=\"22\" alt=\"\" loading=\"lazy\"\/><br \/>\n            PUBLICIT\u00c9<\/p>\n<p>\u00c0 son arriv\u00e9e en \u00c9cosse, vendredi soir, pour un week-end prolong\u00e9, le pr\u00e9sident am\u00e9ricain Donald Trump a d\u00e9clar\u00e9 que l&rsquo;immigration \u00ab\u00a0tue l&rsquo;Europe\u00a0\u00bb.<\/p>\n<p>R\u00e9pondant \u00e0 une question d&rsquo;un journaliste il a affirm\u00e9 : \u00ab\u00a0Sur l&rsquo;immigration, vous feriez mieux de vous ressaisir. Il n&rsquo;y aura plus d&rsquo;Europe\u00a0\u00bb.<\/p>\n<p>Poursuivant : \u00ab\u00a0Vous devez arr\u00eater cette horrible invasion qui est en train de se produire en Europe. Certaines personnes, certains dirigeants n&rsquo;ont pas permis que cela se produise. Ils ne sont pas reconnus \u00e0 leur juste valeur\u00a0\u00bb. Il n&rsquo;a toutefois pas nomm\u00e9 les dirigeants auxquels il pensait, afin de ne pas \u00ab\u00a0embarrasser\u00a0\u00bb les autres.<\/p>\n<p>Le pr\u00e9sident am\u00e9ricain doit rencontrer la pr\u00e9sidente de la Commission europ\u00e9enne, Ursula von der Leyen au cours de sa visite, ainsi que le premier ministre britannique, Keir Starmer.<\/p>\n<p>Ursula von der Leyen a d\u00e9clar\u00e9 qu&rsquo;ils \u00ab\u00a0discuteraient des relations transatlantiques\u00a0\u00bb, au cours d&rsquo;une semaine o\u00f9 les n\u00e9gociations se sont intensifi\u00e9es avant le 1er ao\u00fbt, date limite fix\u00e9e par Donald Trump pour imposer des droits de douane de 30 % sur les importations en provenance de l&rsquo;UE. Les \u00c9tats membres de l&rsquo;UE ont entre-temps approuv\u00e9 une liste de contre-mesures si aucun accord n&rsquo;est conclu.<\/p>\n<p>Le pr\u00e9sident am\u00e9ricain a d\u00e9clar\u00e9 vendredi que la conclusion d&rsquo;un accord avec l&rsquo;UE sur le commerce serait \u00ab\u00a0le plus grand de tous les accords si nous y parvenons\u00a0\u00bb.<\/p>\n<p>Donald Trump contre les \u00e9oliennes<\/p>\n<p>Donald Trump a \u00e9galement profit\u00e9 de l&rsquo;occasion pour s&rsquo;en prendre \u00e0 l&rsquo;\u00e9nergie \u00e9olienne, d\u00e9clarant que l&rsquo;Europe devrait \u00ab\u00a0arr\u00eater les \u00e9oliennes, vous ruinez vos pays&#8230; vous ruinez vos beaux champs et vos vall\u00e9es, et vous tuez vos oiseaux.\u00a0\u00bb<\/p>\n<p>Il a exprim\u00e9 \u00e0 plusieurs reprises son aversion pour les \u00e9oliennes, d\u00e9clarant r\u00e9cemment : \u00ab\u00a0Je ne veux pas que des \u00e9oliennes d\u00e9truisent notre pays\u00a0\u00bb.<\/p>\n<p>La Trump Organisation, dont les actifs se trouvent actuellement dans un trust g\u00e9r\u00e9 par ses enfants, a \u00e9t\u00e9 condamn\u00e9e \u00e0 couvrir les frais de justice du gouvernement \u00e9cossais apr\u00e8s que le terrain de golf qu&rsquo;elle poss\u00e8de dans l&rsquo;Aberdeenshire a intent\u00e9, sans succ\u00e8s, un proc\u00e8s contre la construction d&rsquo;un parc \u00e9olien \u00e0 proximit\u00e9, arguant notamment du fait qu&rsquo;il nuisait \u00e0 la vue des golfeurs.<\/p>\n<p>Pendant son s\u00e9jour en \u00c9cosse, Donald Trump visitera un terrain de golf dans l&rsquo;Aberdeenshire avant son ouverture le 13 ao\u00fbt, ainsi qu&rsquo;un autre pr\u00e8s de Turnberry. Sa famille est propri\u00e9taire des deux terrains de golf.<\/p>\n<p>La m\u00e8re de Donald Trump, Mary Anne MacLeod, a grandi en \u00c9cosse avant d\u2019\u00e9migrer \u00e0 18\u00a0ans aux \u00c9tats-Unis. Le pr\u00e9sident am\u00e9ricain se rendra de nouveau au Royaume-Uni en septembre, pour une visite d\u2019\u00c9tat \u00e0 l\u2019invitation du roi Charles III.<\/p>\n","protected":false},"excerpt":{"rendered":"PUBLICIT\u00c9 \u00c0 son arriv\u00e9e en \u00c9cosse, vendredi soir, pour un week-end prolong\u00e9, le pr\u00e9sident am\u00e9ricain Donald Trump a&hellip;\n","protected":false},"author":2,"featured_media":274959,"comment_status":"","ping_status":"","sticky":false,"template":"","format":"standard","meta":{"footnotes":""},"categories":[2],"tags":[11,75,6609,1011,27,1472,1061,12,25],"class_list":{"0":"post-274958","1":"post","2":"type-post","3":"status-publish","4":"format-standard","5":"has-post-thumbnail","7":"category-actualites","8":"tag-actualites","9":"tag-donald-trump","10":"tag-ecosse","11":"tag-fr","12":"tag-france","13":"tag-golf","14":"tag-immigration","15":"tag-news","16":"tag-republique-francaise"},"share_on_mastodon":{"url":"https:\/\/pubeurope.com\/@fr\/114919023831276654","error":""},"_links":{"self":[{"href":"https:\/\/www.europesays.com\/fr\/wp-json\/wp\/v2\/posts\/274958","targetHints":{"allow":["GET"]}}],"collection":[{"href":"https:\/\/www.europesays.com\/fr\/wp-json\/wp\/v2\/posts"}],"about":[{"href":"https:\/\/www.europesays.com\/fr\/wp-json\/wp\/v2\/types\/post"}],"author":[{"embeddable":true,"href":"https:\/\/www.europesays.com\/fr\/wp-json\/wp\/v2\/users\/2"}],"replies":[{"embeddable":true,"href":"https:\/\/www.europesays.com\/fr\/wp-json\/wp\/v2\/comments?post=274958"}],"version-history":[{"count":0,"href":"https:\/\/www.europesays.com\/fr\/wp-json\/wp\/v2\/posts\/274958\/revisions"}],"wp:featuredmedia":[{"embeddable":true,"href":"https:\/\/www.europesays.com\/fr\/wp-json\/wp\/v2\/media\/274959"}],"wp:attachment":[{"href":"https:\/\/www.europesays.com\/fr\/wp-json\/wp\/v2\/media?parent=274958"}],"wp:term":[{"taxonomy":"category","embeddable":true,"href":"https:\/\/www.europesays.com\/fr\/wp-json\/wp\/v2\/categories?post=274958"},{"taxonomy":"post_tag","embeddable":true,"href":"https:\/\/www.europesays.com\/fr\/wp-json\/wp\/v2\/tags?post=274958"}],"curies":[{"name":"wp","href":"https:\/\/api.w.org\/{rel}","templated":true}]}}